{"id":132520,"date":"2026-01-03T15:35:09","date_gmt":"2026-01-03T15:35:09","guid":{"rendered":"https:\/\/www.europesays.com\/fi\/132520\/"},"modified":"2026-01-03T15:35:09","modified_gmt":"2026-01-03T15:35:09","slug":"lukijan-mielipide-kalliin-tallinnan-tunnelin-sijaan-kannattaisi-panostaa-kevyeen-lentoliikenteeseen-hs-fi","status":"publish","type":"post","link":"https:\/\/www.europesays.com\/fi\/132520\/","title":{"rendered":"Lukijan mielipide | Kalliin Tallinnan-tunnelin sijaan kannattaisi panostaa kevyeen lentoliikenteeseen &#8211; HS.fi"},"content":{"rendered":"<ol>\n<li><a href=\"https:\/\/news.google.com\/rss\/articles\/CBMiX0FVX3lxTE5lR1AwekgxUzV5cnk2cU9nbTdPN1A3NDFqRWlrUURoT1VNdFBXc0VmUHd6YlNxTTdZeUd5dERpRTB1LVhkcmpDYXdzSXhyenRUcVRwNENXVGNVSWNWaEVN?oc=5\" target=\"_blank\" rel=\"nofollow noopener\">Lukijan mielipide | Kalliin Tallinnan-tunnelin sijaan kannattaisi panostaa kevyeen lentoliikenteeseen<\/a>&nbsp;&nbsp;HS.fi<\/li>\n<li><a href=\"https:\/\/news.google.com\/rss\/articles\/CBMiZ0FVX3lxTE1rYU1sN29lb3Bla0s2dFU2VW9NUWFUZVYzNWdpZlZWZUZsVV83NXpEU0J2RGYySkNOMVppekVBQXF5dmE1Vlp6WVNLMTl1ZHAzcXBMbGhJeHZXeXE2TDRLNk9VOXVtWTQ?oc=5\" target=\"_blank\" rel=\"nofollow noopener\">P\u00e4\u00e4kirjoitus | Tallinnaan viev\u00e4\u00e4n tunneliin on jo tungosta<\/a>&nbsp;&nbsp;HS.fi<\/li>\n<li><a href=\"https:\/\/news.google.com\/rss\/articles\/CBMidEFVX3lxTFBDdE9NWlNQVVkxQVU5T2J3a2VkakVoUkFLYXE3TnpzRV9vaDNLcjQ5bEFMNkNzdVczd3dnVWN4MWp2QWlPYUxOaWg5Y3U3UHdObkxRRlpSbGFQV04wT19kLWctVTM0YjRmTHRWOGtjTkNaYmJX?oc=5\" target=\"_blank\" rel=\"nofollow noopener\">HS: Tallinnan-tunneliin on tungosta<\/a>&nbsp;&nbsp;Raidepuolue<\/li>\n<li><a href=\"https:\/\/news.google.com\/rss\/articles\/CBMiT0FVX3lxTE1kU2lUS05NNmpnNTBLT3ljYzBYWU5FRXBFQ1BFVFBkdjl6NHlsLWJ0N1FOd3UtalMwMkYzUE5ycWp1Wl9mcXYwYUlBaVA5bm8?oc=5\" target=\"_blank\" rel=\"nofollow noopener\">Lentokent\u00e4lt\u00e4 p\u00e4\u00e4see junalla Tallinnaan 2033, lupaa hankkeen vet\u00e4j\u00e4 Kustaa Valtonen<\/a>&nbsp;&nbsp;Etel\u00e4-Suomen Sanomat<\/li>\n<\/ol>\n","protected":false},"excerpt":{"rendered":"Lukijan mielipide | Kalliin Tallinnan-tunnelin sijaan kannattaisi panostaa kevyeen lentoliikenteeseen&nbsp;&nbsp;HS.fi P\u00e4\u00e4kirjoitus | Tallinnaan viev\u00e4\u00e4n tunneliin on jo tungosta&nbsp;&nbsp;HS.fi&hellip;\n","protected":false},"author":2,"featured_media":96697,"comment_status":"","ping_status":"","sticky":false,"template":"","format":"standard","meta":{"footnotes":""},"categories":[12],"tags":[22,23,26,27,33,31,30,17,46,24,25,28,29,15,18,21,32,19,20,16],"class_list":{"0":"post-132520","1":"post","2":"type-post","3":"status-publish","4":"format-standard","5":"has-post-thumbnail","7":"category-suomi","8":"tag-breaking-news","9":"tag-breakingnews","10":"tag-featured-news","11":"tag-featurednews","12":"tag-fi","13":"tag-finland","14":"tag-finnish","15":"tag-headlines","16":"tag-helsingin-sanomat","17":"tag-latest-news","18":"tag-latestnews","19":"tag-main-news","20":"tag-mainnews","21":"tag-news","22":"tag-otsikot","23":"tag-paauutiset","24":"tag-suomi","25":"tag-top-stories","26":"tag-topstories","27":"tag-uutiset"},"share_on_mastodon":{"url":"https:\/\/pubeurope.com\/@fi\/115831906259610582","error":""},"_links":{"self":[{"href":"https:\/\/www.europesays.com\/fi\/wp-json\/wp\/v2\/posts\/132520","targetHints":{"allow":["GET"]}}],"collection":[{"href":"https:\/\/www.europesays.com\/fi\/wp-json\/wp\/v2\/posts"}],"about":[{"href":"https:\/\/www.europesays.com\/fi\/wp-json\/wp\/v2\/types\/post"}],"author":[{"embeddable":true,"href":"https:\/\/www.europesays.com\/fi\/wp-json\/wp\/v2\/users\/2"}],"replies":[{"embeddable":true,"href":"https:\/\/www.europesays.com\/fi\/wp-json\/wp\/v2\/comments?post=132520"}],"version-history":[{"count":0,"href":"https:\/\/www.europesays.com\/fi\/wp-json\/wp\/v2\/posts\/132520\/revisions"}],"wp:featuredmedia":[{"embeddable":true,"href":"https:\/\/www.europesays.com\/fi\/wp-json\/wp\/v2\/media\/96697"}],"wp:attachment":[{"href":"https:\/\/www.europesays.com\/fi\/wp-json\/wp\/v2\/media?parent=132520"}],"wp:term":[{"taxonomy":"category","embeddable":true,"href":"https:\/\/www.europesays.com\/fi\/wp-json\/wp\/v2\/categories?post=132520"},{"taxonomy":"post_tag","embeddable":true,"href":"https:\/\/www.europesays.com\/fi\/wp-json\/wp\/v2\/tags?post=132520"}],"curies":[{"name":"wp","href":"https:\/\/api.w.org\/{rel}","templated":true}]}}