{"id":132521,"date":"2026-01-03T15:36:07","date_gmt":"2026-01-03T15:36:07","guid":{"rendered":"https:\/\/www.europesays.com\/fi\/132521\/"},"modified":"2026-01-03T15:36:07","modified_gmt":"2026-01-03T15:36:07","slug":"useita-kuollut-mielenosoituksissa-iranissa-uutisia-lyhyesti","status":"publish","type":"post","link":"https:\/\/www.europesays.com\/fi\/132521\/","title":{"rendered":"Useita kuollut mielenosoituksissa Iranissa | Uutisia lyhyesti"},"content":{"rendered":"<p class=\"aw-1gybjub aw-1p7kakr kEtdKx cEmitX yle__article__paragraph\">Ainakin kymmenen ihmist\u00e4 on kuollut lauantaihin menness\u00e4 Iranin mielenosoituksissa.<\/p>\n<p class=\"aw-1gybjub aw-1p7kakr kEtdKx cEmitX yle__article__paragraph\">Yksi ihminen kuoli kranaatin r\u00e4j\u00e4hdyksess\u00e4 Qomin kaupungissa perjantai-iltana, valtion tiedotusv\u00e4lineet kertoivat. Kaupungista tulleissa vahvistamattomissa kuvissa n\u00e4kyi tulipaloja kaduilla.<\/p>\n<p class=\"aw-1gybjub aw-1p7kakr kEtdKx cEmitX yle__article__paragraph\">Harsinin kaupungissa Iranin vallankumouskaartin Basij-joukkoihin kuuluneen j\u00e4senen kerrotaan kuolleen aseistautuneiden kapinallisten kokoontumisessa. Basij-joukot ovat hallintoa tukevia puolisotilaallisia joukkoja.<\/p>\n<p class=\"aw-1gybjub aw-1p7kakr kEtdKx cEmitX yle__article__paragraph\">Iranilaiset vastustavat hintojen nousua ja valuutan arvon heikkenemist\u00e4.<\/p>\n<p class=\"aw-1gybjub aw-1p7kakr kEtdKx cEmitX yle__article__paragraph\">Yhdysvaltain presidentti <strong class=\"aw-ak79eh KyCXm yle__article__strong\">Donald Trump<\/strong> uhkasi perjantaina puuttua Iranin tilanteeseen.<\/p>\n<p class=\"aw-1gybjub aw-1p7kakr kEtdKx cEmitX yle__article__paragraph\">L\u00e4hteet: AFP, AP<\/p>\n","protected":false},"excerpt":{"rendered":"Ainakin kymmenen ihmist\u00e4 on kuollut lauantaihin menness\u00e4 Iranin mielenosoituksissa. Yksi ihminen kuoli kranaatin r\u00e4j\u00e4hdyksess\u00e4 Qomin kaupungissa perjantai-iltana, valtion&hellip;\n","protected":false},"author":2,"featured_media":74,"comment_status":"","ping_status":"","sticky":false,"template":"","format":"standard","meta":{"footnotes":""},"categories":[5],"tags":[804,22,23,26,27,33,31,30,17,3648,3551,992,24,25,28,29,2571,15,18,21,32,19,20,16],"class_list":{"0":"post-132521","1":"post","2":"type-post","3":"status-publish","4":"format-standard","5":"has-post-thumbnail","7":"category-otsikot","8":"tag-aseelliset-konfliktit","9":"tag-breaking-news","10":"tag-breakingnews","11":"tag-featured-news","12":"tag-featurednews","13":"tag-fi","14":"tag-finland","15":"tag-finnish","16":"tag-headlines","17":"tag-iran","18":"tag-kansalaistoiminta","19":"tag-lahi-ita","20":"tag-latest-news","21":"tag-latestnews","22":"tag-main-news","23":"tag-mainnews","24":"tag-mielenosoitukset","25":"tag-news","26":"tag-otsikot","27":"tag-paauutiset","28":"tag-suomi","29":"tag-top-stories","30":"tag-topstories","31":"tag-uutiset"},"share_on_mastodon":{"url":"https:\/\/pubeurope.com\/@fi\/115831910095291925","error":""},"_links":{"self":[{"href":"https:\/\/www.europesays.com\/fi\/wp-json\/wp\/v2\/posts\/132521","targetHints":{"allow":["GET"]}}],"collection":[{"href":"https:\/\/www.europesays.com\/fi\/wp-json\/wp\/v2\/posts"}],"about":[{"href":"https:\/\/www.europesays.com\/fi\/wp-json\/wp\/v2\/types\/post"}],"author":[{"embeddable":true,"href":"https:\/\/www.europesays.com\/fi\/wp-json\/wp\/v2\/users\/2"}],"replies":[{"embeddable":true,"href":"https:\/\/www.europesays.com\/fi\/wp-json\/wp\/v2\/comments?post=132521"}],"version-history":[{"count":0,"href":"https:\/\/www.europesays.com\/fi\/wp-json\/wp\/v2\/posts\/132521\/revisions"}],"wp:featuredmedia":[{"embeddable":true,"href":"https:\/\/www.europesays.com\/fi\/wp-json\/wp\/v2\/media\/74"}],"wp:attachment":[{"href":"https:\/\/www.europesays.com\/fi\/wp-json\/wp\/v2\/media?parent=132521"}],"wp:term":[{"taxonomy":"category","embeddable":true,"href":"https:\/\/www.europesays.com\/fi\/wp-json\/wp\/v2\/categories?post=132521"},{"taxonomy":"post_tag","embeddable":true,"href":"https:\/\/www.europesays.com\/fi\/wp-json\/wp\/v2\/tags?post=132521"}],"curies":[{"name":"wp","href":"https:\/\/api.w.org\/{rel}","templated":true}]}}