{"id":132531,"date":"2026-01-03T16:00:08","date_gmt":"2026-01-03T16:00:08","guid":{"rendered":"https:\/\/www.europesays.com\/fi\/132531\/"},"modified":"2026-01-03T16:00:08","modified_gmt":"2026-01-03T16:00:08","slug":"ukraina-isannoi-tukijamaidensa-kanssa-kaytavia-keskusteluja-usa-osallistumassa-etayhteydella-uutissuomalainen","status":"publish","type":"post","link":"https:\/\/www.europesays.com\/fi\/132531\/","title":{"rendered":"Ukraina is\u00e4nn\u00f6i tukijamaidensa kanssa k\u00e4yt\u00e4vi\u00e4 keskusteluja \u2013 USA osallistumassa et\u00e4yhteydell\u00e4 | Uutissuomalainen"},"content":{"rendered":"<p>Ukraina is\u00e4nn\u00f6i tukijamaidensa kansallisen turvallisuuden edustajien kanssa k\u00e4yt\u00e4vi\u00e4 keskusteluja. Presidentti Volodymyr Zelenskyin mukaan keskusteluihin osallistuu noin 15 maata sek\u00e4 EU ja Nato. <\/p>\n<p>Edustajat saapuivat Kiovaan aamup\u00e4iv\u00e4ll\u00e4, kertoi Ukrainan neuvottelija Rustem Umjerov keskip\u00e4iv\u00e4ll\u00e4 viestipalvelu <a href=\"https:\/\/x.com\/rustem_umerov\/status\/2007384618387861553\" rel=\"nofollow\">X:ss\u00e4<\/a>. Suomi osallistuu keskusteluihin.<\/p>\n<p>Aiemmin kerrottiin, ett\u00e4 Yhdysvaltain delegaation on m\u00e4\u00e4r\u00e4 osallistua videoyhteyden v\u00e4lityksell\u00e4.<\/p>\n<p>Puheessaan uudenvuodenaattona Zelenskyi kertoi, ett\u00e4 Yhdysvaltain v\u00e4litt\u00e4m\u00e4 rauhansuunnitelma Ukrainaan on &#8221;90-prosenttisesti&#8221; valmis mutta aluekysymyksiin liittyy yh\u00e4 ratkaisemattomia ongelmia.<\/p>\n<p>Ukrainaa tukevien maiden niin kutsutun halukkaiden koalition maat kokoontuvat johtajatasolla ensi viikolla Pariisissa.<\/p>\n<p>\t\t\t\tUkraina ja Ven\u00e4j\u00e4 syyttelev\u00e4t toisiaan<\/p>\n<p>Vaikka rauhansuunnitelmaa koskevat neuvottelut Yhdysvaltojen kanssa ovat edistyneet, Ukraina on suhtautunut ep\u00e4ilev\u00e4sti siihen, ett\u00e4 Ven\u00e4j\u00e4 tosiasiassa haluaisi loppua sodalle.<\/p>\n<p>Ukraina on syytt\u00e4nyt Ven\u00e4j\u00e4\u00e4 yrityksist\u00e4 sabotoida diplomaattista prosessia, jotta se voi vallata lis\u00e4\u00e4 alueita Ukrainalta. Ven\u00e4j\u00e4 on my\u00f6s jatkanut l\u00e4hes p\u00e4ivitt\u00e4isi\u00e4 drooni- ja ohjusiskuja Ukrainaan.<\/p>\n<p>Ven\u00e4j\u00e4 puolestaan syytt\u00e4\u00e4 Ukrainaa Hersoniin tehdyst\u00e4 hotelli-iskusta, jossa Ven\u00e4j\u00e4n mukaan olisi kuollut 28 vuoden vaihtumista juhlinutta ihmist\u00e4. Ukraina on kiist\u00e4nyt kohdistavansa iskuja siviileihin, ja sen mukaan isku tehtiin sotilaalliseen kokoukseen, joka oli suljettu siviileilt\u00e4. <\/p>\n<p>AFP ei pystynyt vahvistamaan kummankaan osapuolen kertomusta Hersonin tapahtumista.<\/p>\n<p>Ven\u00e4j\u00e4 kiihdytti uusien alueiden valtaamista Ukrainalta viime vuonna, k\u00e4vi ilmi uutistoimisto AFP:n analyysista, jonka pohjalla on ajatushautomo ISW:n ker\u00e4\u00e4m\u00e4 data. Ven\u00e4j\u00e4n armeija valtasi vuonna 2025 arviolta yli 5\u2009600 neli\u00f6kilometri\u00e4 Ukrainasta eli yhteens\u00e4 hieman Etel\u00e4-Karjalan <a href=\"https:\/\/liitto.ekarjala.fi\/etela-karjalan-maakuntaohjelma-2022-2025-ja-sen-ymparistoselostus-nahtavilla-1-30-9-2023\/#:~:text=maakuntaohjelma%202022%E2%80%932025-,Ymp%C3%A4rist%C3%B6selostus,-Tiivistelm%C3%A4%20tehdyist%C3%A4%20muutoksista\" rel=\"nofollow noopener\" target=\"_blank\">maapinta-alaa<\/a> suuremman alueen.<\/p>\n","protected":false},"excerpt":{"rendered":"Ukraina is\u00e4nn\u00f6i tukijamaidensa kansallisen turvallisuuden edustajien kanssa k\u00e4yt\u00e4vi\u00e4 keskusteluja. Presidentti Volodymyr Zelenskyin mukaan keskusteluihin osallistuu noin 15 maata&hellip;\n","protected":false},"author":2,"featured_media":132532,"comment_status":"","ping_status":"","sticky":false,"template":"","format":"standard","meta":{"footnotes":""},"categories":[14],"tags":[22,23,1617,26,27,33,31,30,17,70,24,25,28,29,15,18,21,142,637,144,32,19,20,21377,56,4385,16,59,60,61],"class_list":{"0":"post-132531","1":"post","2":"type-post","3":"status-publish","4":"format-standard","5":"has-post-thumbnail","7":"category-ulkomaat","8":"tag-breaking-news","9":"tag-breakingnews","10":"tag-euroopan-unioni","11":"tag-featured-news","12":"tag-featurednews","13":"tag-fi","14":"tag-finland","15":"tag-finnish","16":"tag-headlines","17":"tag-kansainvalinen-politiikka","18":"tag-latest-news","19":"tag-latestnews","20":"tag-main-news","21":"tag-mainnews","22":"tag-news","23":"tag-otsikot","24":"tag-paauutiset","25":"tag-poliitikot","26":"tag-politiikka","27":"tag-presidentti","28":"tag-suomi","29":"tag-top-stories","30":"tag-topstories","31":"tag-ukrainan-kriisi","32":"tag-ulkomaat","33":"tag-ulkopolitiikka-ja-kansainvalinen-politiikka","34":"tag-uutiset","35":"tag-world","36":"tag-world-news","37":"tag-worldnews"},"share_on_mastodon":{"url":"","error":"Validation failed: Text character limit of 500 exceeded"},"_links":{"self":[{"href":"https:\/\/www.europesays.com\/fi\/wp-json\/wp\/v2\/posts\/132531","targetHints":{"allow":["GET"]}}],"collection":[{"href":"https:\/\/www.europesays.com\/fi\/wp-json\/wp\/v2\/posts"}],"about":[{"href":"https:\/\/www.europesays.com\/fi\/wp-json\/wp\/v2\/types\/post"}],"author":[{"embeddable":true,"href":"https:\/\/www.europesays.com\/fi\/wp-json\/wp\/v2\/users\/2"}],"replies":[{"embeddable":true,"href":"https:\/\/www.europesays.com\/fi\/wp-json\/wp\/v2\/comments?post=132531"}],"version-history":[{"count":0,"href":"https:\/\/www.europesays.com\/fi\/wp-json\/wp\/v2\/posts\/132531\/revisions"}],"wp:featuredmedia":[{"embeddable":true,"href":"https:\/\/www.europesays.com\/fi\/wp-json\/wp\/v2\/media\/132532"}],"wp:attachment":[{"href":"https:\/\/www.europesays.com\/fi\/wp-json\/wp\/v2\/media?parent=132531"}],"wp:term":[{"taxonomy":"category","embeddable":true,"href":"https:\/\/www.europesays.com\/fi\/wp-json\/wp\/v2\/categories?post=132531"},{"taxonomy":"post_tag","embeddable":true,"href":"https:\/\/www.europesays.com\/fi\/wp-json\/wp\/v2\/tags?post=132531"}],"curies":[{"name":"wp","href":"https:\/\/api.w.org\/{rel}","templated":true}]}}