{"id":132535,"date":"2026-01-03T16:02:08","date_gmt":"2026-01-03T16:02:08","guid":{"rendered":"https:\/\/www.europesays.com\/fi\/132535\/"},"modified":"2026-01-03T16:02:08","modified_gmt":"2026-01-03T16:02:08","slug":"vilma-nissinen-kova-ratkaisu-kulisseissa","status":"publish","type":"post","link":"https:\/\/www.europesays.com\/fi\/132535\/","title":{"rendered":"Vilma Nissinen: kova ratkaisu kulisseissa"},"content":{"rendered":"<p>Vilma Nissinen veti tiukan linjan Lago di Teseron stadionilla.<\/p>\n<p class=\"article-body mb-nof-24 px-nof-16\">Val di Fiemme<\/p>\n<p class=\"article-body mb-nof-24 px-nof-16\">Hiiht\u00e4j\u00e4 <a class=\"font-bold underline-offset-[0.12em] [text-decoration:var(--person-link-text-decoration)] ![text-decoration-color:var(--person-link-text-decoration-color)]\" href=\"https:\/\/www.is.fi\/haku\/?query=Vilma%20Nissinen\" rel=\"nofollow noopener\" target=\"_blank\">Vilma Nissinen<\/a>, 28, on ollut parin viime p\u00e4iv\u00e4n aikana tiiviisti kansan huulilla edelliskisan j\u00e4lkeen antamiensa lausuntojen j\u00e4lkeen.<\/p>\n<p class=\"article-body mb-nof-24 px-nof-16\">Nissisen kilpailut Tour de Skill\u00e4 jatkuivat lauantaina Italian Val di Fiemmess\u00e4 perinteisen sprintiss\u00e4, jossa h\u00e4n selvitti karsinnasta tiens\u00e4 er\u00e4vaiheeseen ensi kertaa maailmancupin tasolla l\u00e4hes viiteen vuoteen.<\/p>\n<p class=\"article-body mb-nof-24 px-nof-16\">Tie tyss\u00e4si puoliv\u00e4lier\u00e4vaiheeseen, jossa Nissinen oli er\u00e4ns\u00e4 viides. Lopputuloksissa h\u00e4n oli 26:s.<\/p>\n<p class=\"article-body mb-nof-24 px-nof-16\">Kilpailun j\u00e4lkeen Nissinen veti haastattelualue mixed-zonella tiukan linjan. H\u00e4n ei pys\u00e4htynyt antamaan yht\u00e4k\u00e4\u00e4n kommenttia kirjoittavalle medialle.<\/p>\n<p class=\"article-body mb-nof-24 px-nof-16\">Karsinnan j\u00e4lkeen Nissinen ilmoitti my\u00f6s Viaplayn ja Ylen tv-haastatteluissa tiukasti, ettei sano mihink\u00e4\u00e4n mit\u00e4\u00e4n. Er\u00e4vaiheen j\u00e4lkeen h\u00e4n kuitenkin kommentoi tv-haastatteluissa kilpailua.<\/p>\n<p><img decoding=\"async\" src=\"https:\/\/www.europesays.com\/fi\/wp-content\/uploads\/2026\/01\/1767456128_396_468.jpg\" alt=\"Vilma Nissinen ylsi vuosien tauon j\u00e4lkeen maailmancupin sprintin er\u00e4vaiheeseen.\" class=\"_Img_1rerz_1\" style=\"aspect-ratio:1.5\" loading=\"eager\"\/><\/p>\n<p class=\"article-picture-caption\">Vilma Nissinen ylsi vuosien tauon j\u00e4lkeen maailmancupin sprintin er\u00e4vaiheeseen. Kuva:\u00a0MAXIM THORE \/ Bildbyr\u00e5n \/ MVPhotos<\/p>\n<p class=\"article-body mb-nof-24 px-nof-16\">Nissinen k\u00e4y parhaillaan kovaa kamppailua olympiapaikasta.<\/p>\n<p class=\"article-body mb-nof-24 px-nof-16\">Suomella on naisissa kahdeksan olympiapaikkaa, ja viime aikojen n\u00e4ytt\u00f6jens\u00e4 perusteella Nissinen on tiukasti kiinni uransa ensimm\u00e4isess\u00e4 olympiaedustuspaikassa.<\/p>\n<p class=\"article-body mb-nof-24 px-nof-16\">Olympialaiset hiihdet\u00e4\u00e4n juuri Val di Fiemmess\u00e4 helmikuussa.<\/p>\n<p class=\"article-body mb-nof-24 px-nof-16\">Nissinen pyysi perjantaina Hiihtoliiton julkaisemassa tiedotteessa anteeksi torstaista lausuntoaan, jossa h\u00e4n vertasi Vantaata Somalian p\u00e4\u00e4kaupunkiin Mogadishuun.<\/p>\n<p class=\"article-body mb-nof-24 px-nof-16\">\u2013 Heti kilpailun j\u00e4lkeen antamani kommentti oli sopimaton ja asiaton. Pyyd\u00e4n sit\u00e4 vilpitt\u00f6m\u00e4sti anteeksi, Nissinen lausui Hiihtoliiton tiedotteessa.<\/p>\n<p class=\"article-body nof-ui-body-medium mb-nof-24 px-nof-16\">Tour de Ski huipentuu sunnuntaina Alpe Cermisin loppunousuetappiin.<\/p>\n","protected":false},"excerpt":{"rendered":"Vilma Nissinen veti tiukan linjan Lago di Teseron stadionilla. Val di Fiemme Hiiht\u00e4j\u00e4 Vilma Nissinen, 28, on ollut&hellip;\n","protected":false},"author":2,"featured_media":132536,"comment_status":"","ping_status":"","sticky":false,"template":"","format":"standard","meta":{"footnotes":""},"categories":[5],"tags":[22,23,26,27,33,31,30,17,34,24,25,28,29,15,18,21,32,19,20,16],"class_list":{"0":"post-132535","1":"post","2":"type-post","3":"status-publish","4":"format-standard","5":"has-post-thumbnail","7":"category-otsikot","8":"tag-breaking-news","9":"tag-breakingnews","10":"tag-featured-news","11":"tag-featurednews","12":"tag-fi","13":"tag-finland","14":"tag-finnish","15":"tag-headlines","16":"tag-ilta-sanomat","17":"tag-latest-news","18":"tag-latestnews","19":"tag-main-news","20":"tag-mainnews","21":"tag-news","22":"tag-otsikot","23":"tag-paauutiset","24":"tag-suomi","25":"tag-top-stories","26":"tag-topstories","27":"tag-uutiset"},"share_on_mastodon":{"url":"https:\/\/pubeurope.com\/@fi\/115832012301795858","error":""},"_links":{"self":[{"href":"https:\/\/www.europesays.com\/fi\/wp-json\/wp\/v2\/posts\/132535","targetHints":{"allow":["GET"]}}],"collection":[{"href":"https:\/\/www.europesays.com\/fi\/wp-json\/wp\/v2\/posts"}],"about":[{"href":"https:\/\/www.europesays.com\/fi\/wp-json\/wp\/v2\/types\/post"}],"author":[{"embeddable":true,"href":"https:\/\/www.europesays.com\/fi\/wp-json\/wp\/v2\/users\/2"}],"replies":[{"embeddable":true,"href":"https:\/\/www.europesays.com\/fi\/wp-json\/wp\/v2\/comments?post=132535"}],"version-history":[{"count":0,"href":"https:\/\/www.europesays.com\/fi\/wp-json\/wp\/v2\/posts\/132535\/revisions"}],"wp:featuredmedia":[{"embeddable":true,"href":"https:\/\/www.europesays.com\/fi\/wp-json\/wp\/v2\/media\/132536"}],"wp:attachment":[{"href":"https:\/\/www.europesays.com\/fi\/wp-json\/wp\/v2\/media?parent=132535"}],"wp:term":[{"taxonomy":"category","embeddable":true,"href":"https:\/\/www.europesays.com\/fi\/wp-json\/wp\/v2\/categories?post=132535"},{"taxonomy":"post_tag","embeddable":true,"href":"https:\/\/www.europesays.com\/fi\/wp-json\/wp\/v2\/tags?post=132535"}],"curies":[{"name":"wp","href":"https:\/\/api.w.org\/{rel}","templated":true}]}}