{"id":132549,"date":"2026-01-03T16:26:12","date_gmt":"2026-01-03T16:26:12","guid":{"rendered":"https:\/\/www.europesays.com\/fi\/132549\/"},"modified":"2026-01-03T16:26:12","modified_gmt":"2026-01-03T16:26:12","slug":"yhdysvallat-seuraa-atlantilla-sailioalusta-venaja-puuttui-asiaan","status":"publish","type":"post","link":"https:\/\/www.europesays.com\/fi\/132549\/","title":{"rendered":"Yhdysvallat seuraa Atlantilla s\u00e4ili\u00f6alusta, Ven\u00e4j\u00e4 puuttui asiaan"},"content":{"rendered":"<p>Miehist\u00f6 n\u00e4ytt\u00e4\u00e4 maalanneen laivan kylkeen Ven\u00e4j\u00e4n lipun.<\/p>\n<p>2.1. 12:51<\/p>\n<p>Lue tiivistelm\u00e4<\/p>\n<p class=\"article-body mb-nof-24 px-nof-16 sndp-summary-bullet-point-font\">Yhdysvallat on seurannut Ven\u00e4j\u00e4n \u00f6ljys\u00e4ili\u00f6alusta Bella 1:t\u00e4 halki Atlantin jo pari viikkoa, ja Ven\u00e4j\u00e4 pyysi uudenvuodenaattona j\u00e4tt\u00e4m\u00e4\u00e4n aluksen rauhaan.<\/p>\n<p class=\"article-body mb-nof-24 px-nof-16 sndp-summary-bullet-point-font\">Yhdysvaltain rannikkovartiosto yritti nousta alukselle Karibianmerell\u00e4 21. joulukuuta, mutta miehist\u00f6 kielt\u00e4ytyi ja teki u-k\u00e4\u00e4nn\u00f6ksen.<\/p>\n<p class=\"article-body mb-nof-24 px-nof-16 sndp-summary-bullet-point-font\">Alus on ollut Yhdysvaltain pakotelistalla vuodesta 2024, koska se on kuljettanut Iranin \u00f6ljy\u00e4.<\/p>\n<p class=\"article-body mb-nof-24 px-nof-16 sndp-summary-bullet-point-font\">Miehist\u00f6 on maalannut laivan kylkeen Ven\u00e4j\u00e4n lipun, ja alus on rekister\u00f6ity kesken matkan Ven\u00e4j\u00e4lle. Se vaikeuttaa Yhdysvaltain harkintaa takavarikoinnista.<\/p>\n<p class=\"article-body mb-nof-24 px-nof-16\">Ven\u00e4j\u00e4 on pyyt\u00e4nyt, ett\u00e4 Yhdysvallat j\u00e4tt\u00e4isi rauhaan \u00f6ljys\u00e4ili\u00f6aluksen, jota rannikkovartiosto on seurannut jo pari viikkoa. Ven\u00e4j\u00e4 v\u00e4litti virallisen vetoomuksen asiasta diplomaattisia kanavia pitkin uudenvuodenaattona, <a class=\"underline underline-offset-[0.12em] [text-decoration-thickness:var(--generic-link-underline-thickness)] [text-decoration-color:var(--generic-link-underline-color)] [text-decoration-skip-ink:var(--generic-link-underline-skip-ink)] break-words\" href=\"https:\/\/www.nytimes.com\/2026\/01\/01\/us\/politics\/russia-oil-tanker-venezuela-us-pursuit.html\" rel=\"nofollow noopener\" target=\"_blank\">uutisoi<\/a> sanomalehti The New York Times torstaina kahden asiaa tuntevan l\u00e4hteens\u00e4 perusteella.<\/p>\n<p class=\"article-body mb-nof-24 px-nof-16\">Yhdysvaltain rannikkovartiosto yritti nousta Bella 1 -s\u00e4ili\u00f6alukseen Karibianmerell\u00e4 21. joulukuuta, mutta miehist\u00f6 kielt\u00e4ytyi yhteisty\u00f6st\u00e4 ja teki u-k\u00e4\u00e4nn\u00f6ksen. Rannikkovartiosto on siit\u00e4 l\u00e4htien seurannut s\u00e4ili\u00f6alusta vajaan kilometrin et\u00e4isyydelt\u00e4.<\/p>\n<p class=\"article-body mb-nof-24 px-nof-16\">S\u00e4ili\u00f6aluksen pakoilu on poikkeuksellista. Viranomaiset eiv\u00e4t ole kommentoineet, miksi he eiv\u00e4t ole nousseet alukselle v\u00e4kisin, mutta se voisi olla vaarallista ja vaatisi eitt\u00e4m\u00e4tt\u00e4 erikoisjoukkoja.<\/p>\n<p class=\"article-body mb-nof-24 px-nof-16\">Aluksen tarkkaa sijaintia ei voi seurata julkisista l\u00e4hteist\u00e4, koska sen transponderi on ollut suljettuna jo 17. joulukuuta l\u00e4htien. Viranomaisl\u00e4hteet kertoivat The New York Timesille, ett\u00e4 laiva kulki aiemmin koilliseen V\u00e4limeren suunnalle mutta on sittemmin liikkunut luoteeseen kohti Gr\u00f6nlantia tai Islantia.<\/p>\n<p class=\"article-body mb-nof-24 px-nof-16\">Yhdysvaltain mukaan alus ei purjehtinut asianmukaisen lipun alla, mik\u00e4 oikeuttaa viranomaiset nousemaan alukselle. Uutiskanava CNN <a class=\"underline underline-offset-[0.12em] [text-decoration-thickness:var(--generic-link-underline-thickness)] [text-decoration-color:var(--generic-link-underline-color)] [text-decoration-skip-ink:var(--generic-link-underline-skip-ink)] break-words\" href=\"https:\/\/edition.cnn.com\/2025\/12\/31\/politics\/oil-tanker-venezuela-russian-flag\" rel=\"nofollow noopener\" target=\"_blank\">kertoi<\/a>, ett\u00e4 laivassa oli Guyanan lippu, vaikka sit\u00e4 ei ollut todellisuudessa rekister\u00f6ity Guyanaan.<\/p>\n<p class=\"article-body mb-nof-24 px-nof-16\">Alus on ollut Yhdysvaltain pakotelistalla jo vuodesta 2024, koska se on kuljettanut Iranin \u00f6ljy\u00e4, jolla Yhdysvaltain mukaan rahoitetaan terrorismia.<\/p>\n<p class=\"article-body mb-nof-24 px-nof-16\">The New York Times ja CNN kertoivat, ett\u00e4 miehist\u00f6 n\u00e4ytt\u00e4\u00e4 maalanneen laivan kylkeen h\u00e4th\u00e4t\u00e4\u00e4 Ven\u00e4j\u00e4n lipun. Yhdysvaltain viranomaiset uskovat, ett\u00e4 se liittyy yritykseen suojella alusta takavarikoinnilta. The New York Times <a class=\"underline underline-offset-[0.12em] [text-decoration-thickness:var(--generic-link-underline-thickness)] [text-decoration-color:var(--generic-link-underline-color)] [text-decoration-skip-ink:var(--generic-link-underline-skip-ink)] break-words\" href=\"https:\/\/www.nytimes.com\/2025\/12\/31\/us\/politics\/russia-oil-tanker-venezuela.html\" rel=\"nofollow noopener\" target=\"_blank\">uutisoi<\/a> keskiviikkona, ett\u00e4 alus oli rekister\u00f6ity kesken matkansa Ven\u00e4j\u00e4lle uudella nimell\u00e4: Marinera.<\/p>\n<p class=\"article-body mb-nof-24 px-nof-16\">Pikaisesti tehty vaihdos ei est\u00e4 Yhdysvaltoja nousemasta alukselle aiemmalla perusteella, mutta amerikkalaismedian mukaan se vaikeuttaa harkintaa, koska presidentti <a class=\"font-bold underline-offset-[0.12em] [text-decoration:var(--person-link-text-decoration)] ![text-decoration-color:var(--person-link-text-decoration-color)]\" href=\"https:\/\/www.aamulehti.fi\/haku\/?query=Donald%20Trump\" rel=\"nofollow noopener\" target=\"_blank\">Donald Trump<\/a> yritt\u00e4\u00e4 v\u00e4litt\u00e4\u00e4 rauhaa Ven\u00e4j\u00e4n ja Ukrainan v\u00e4lille. Ven\u00e4j\u00e4n rekisteriin listatun laivan haltuunotto voisi kirist\u00e4\u00e4 Trumpin v\u00e4lej\u00e4 Ven\u00e4j\u00e4n presidenttiin <a class=\"font-bold underline-offset-[0.12em] [text-decoration:var(--person-link-text-decoration)] ![text-decoration-color:var(--person-link-text-decoration-color)]\" href=\"https:\/\/www.aamulehti.fi\/haku\/?query=Vladimir%20Putiniin\" rel=\"nofollow noopener\" target=\"_blank\">Vladimir Putiniin<\/a>.<\/p>\n<p class=\"article-body mb-nof-24 px-nof-16\">S\u00e4ili\u00f6alus l\u00e4hti alun perin matkaan Iranista. Sill\u00e4 ei uskota olevan lastia. Viranomaisl\u00e4hde kertoi The New York Timesille, ett\u00e4 suurin osa miehist\u00f6st\u00e4 on Ven\u00e4j\u00e4lt\u00e4, Intiasta ja Ukrainasta. Alus on 333 metri\u00e4 pitk\u00e4 ja 60 metri\u00e4 leve\u00e4.<\/p>\n<p class=\"article-body mb-nof-24 px-nof-16\">Yhdysvaltain viranomaiset ovat viime viikkoina ottaneet haltuunsa kaksi s\u00e4ili\u00f6alusta, joiden on ep\u00e4ilty rikkovan pakotteita kuljettamalla \u00f6ljy\u00e4 Venezuelasta. Niiden miehist\u00f6 ei ole vastustanut viranomaisten toimia.<\/p>\n<p class=\"article-body mb-nof-24 px-nof-16\">Kyse on painostuskeinosta Venezuelan diktaattoria <a class=\"font-bold underline-offset-[0.12em] [text-decoration:var(--person-link-text-decoration)] ![text-decoration-color:var(--person-link-text-decoration-color)]\" href=\"https:\/\/www.aamulehti.fi\/haku\/?query=Nicol%C3%A1s%20Maduroa\" rel=\"nofollow noopener\" target=\"_blank\">Nicol\u00e1s Maduroa<\/a> vastaan. \u00d6ljynvienti on Venezuelan ylivoimaisesti t\u00e4rkein tulonl\u00e4hde, mutta pakotteiden takia se turvautuu mustan p\u00f6rssin kauppaan.<\/p>\n","protected":false},"excerpt":{"rendered":"Miehist\u00f6 n\u00e4ytt\u00e4\u00e4 maalanneen laivan kylkeen Ven\u00e4j\u00e4n lipun. 2.1. 12:51 Lue tiivistelm\u00e4 Yhdysvallat on seurannut Ven\u00e4j\u00e4n \u00f6ljys\u00e4ili\u00f6alusta Bella 1:t\u00e4&hellip;\n","protected":false},"author":2,"featured_media":1431,"comment_status":"","ping_status":"","sticky":false,"template":"","format":"standard","meta":{"footnotes":""},"categories":[14],"tags":[157,22,23,26,27,33,31,30,17,24,25,28,29,15,18,21,32,19,20,56,16,59,60,61],"class_list":{"0":"post-132549","1":"post","2":"type-post","3":"status-publish","4":"format-standard","5":"has-post-thumbnail","7":"category-ulkomaat","8":"tag-aamulehti","9":"tag-breaking-news","10":"tag-breakingnews","11":"tag-featured-news","12":"tag-featurednews","13":"tag-fi","14":"tag-finland","15":"tag-finnish","16":"tag-headlines","17":"tag-latest-news","18":"tag-latestnews","19":"tag-main-news","20":"tag-mainnews","21":"tag-news","22":"tag-otsikot","23":"tag-paauutiset","24":"tag-suomi","25":"tag-top-stories","26":"tag-topstories","27":"tag-ulkomaat","28":"tag-uutiset","29":"tag-world","30":"tag-world-news","31":"tag-worldnews"},"share_on_mastodon":{"url":"https:\/\/pubeurope.com\/@fi\/115832106801104417","error":""},"_links":{"self":[{"href":"https:\/\/www.europesays.com\/fi\/wp-json\/wp\/v2\/posts\/132549","targetHints":{"allow":["GET"]}}],"collection":[{"href":"https:\/\/www.europesays.com\/fi\/wp-json\/wp\/v2\/posts"}],"about":[{"href":"https:\/\/www.europesays.com\/fi\/wp-json\/wp\/v2\/types\/post"}],"author":[{"embeddable":true,"href":"https:\/\/www.europesays.com\/fi\/wp-json\/wp\/v2\/users\/2"}],"replies":[{"embeddable":true,"href":"https:\/\/www.europesays.com\/fi\/wp-json\/wp\/v2\/comments?post=132549"}],"version-history":[{"count":0,"href":"https:\/\/www.europesays.com\/fi\/wp-json\/wp\/v2\/posts\/132549\/revisions"}],"wp:featuredmedia":[{"embeddable":true,"href":"https:\/\/www.europesays.com\/fi\/wp-json\/wp\/v2\/media\/1431"}],"wp:attachment":[{"href":"https:\/\/www.europesays.com\/fi\/wp-json\/wp\/v2\/media?parent=132549"}],"wp:term":[{"taxonomy":"category","embeddable":true,"href":"https:\/\/www.europesays.com\/fi\/wp-json\/wp\/v2\/categories?post=132549"},{"taxonomy":"post_tag","embeddable":true,"href":"https:\/\/www.europesays.com\/fi\/wp-json\/wp\/v2\/tags?post=132549"}],"curies":[{"name":"wp","href":"https:\/\/api.w.org\/{rel}","templated":true}]}}