{"id":132554,"date":"2026-01-03T16:37:09","date_gmt":"2026-01-03T16:37:09","guid":{"rendered":"https:\/\/www.europesays.com\/fi\/132554\/"},"modified":"2026-01-03T16:37:09","modified_gmt":"2026-01-03T16:37:09","slug":"cloudflaren-ongelmat-aiheuttivat-taas-katkoksia-internettiin","status":"publish","type":"post","link":"https:\/\/www.europesays.com\/fi\/132554\/","title":{"rendered":"Cloudflaren ongelmat aiheuttivat taas katkoksia internettiin"},"content":{"rendered":"<p class=\"sc-7ebe867f-0 dkmPes\">Internetin selk\u00e4rankana tunnetulla Cloudflarella oli perjantaina j\u00e4lleen ongelma, joka aiheutti h\u00e4iri\u00f6it\u00e4 useilla nettisivuilla ja verkkopalveluissa. Cloudflarella oli ongelmia my\u00f6s viime kuussa. Cloudflare tarjoaa useita verkkopalveluita ja suuri osa verkkoliikenteest\u00e4 kulkee sen palveluiden kautta.<\/p>\n<p><img decoding=\"async\" src=\"https:\/\/images.almatalent.fi\/374x280\/https:\/\/assets.almatalent.fi\/image\/a4c063aa-98da-5b4f-a535-7bf2bae8d373\" class=\"sc-9ed45ca8-2 haHcPj\"\/>Useat verkkosivut antoivat t\u00e4llaisen virheilmoituksen. Kuvakaappaus<\/p>\n<p class=\"sc-7ebe867f-0 dkmPes\">Esimerkiksi useat valtion sivut olivat hetken aikaa alhaalla, ja ongelmat ulottuivat muun muassa puolustusvoimien ja ministeri\u00f6iden sivustoihin. My\u00f6sk\u00e4\u00e4n kaatumisilmoituksia seuraavan <a href=\"https:\/\/downdetector.fi\/ei-toimi\/cloudflare\/?_gl=1*1lb8yhe*_up*MQ..*_ga*MTYzNzM5ODAwMy4xNzY0OTI2NjU1*_ga_0PZM58H213*czE3NjQ5MjY2NTQkbzEkZzAkdDE3NjQ5MjY2NTQkajYwJGwwJGgw\" id=\"alma-link-a761b369a854d3e483d5b91aba4c700f\" rel=\"nofollow noopener\" target=\"_blank\" class=\"sc-44f0b1b9-4 QMIVx\">Downdetectorin sivuille<\/a> ei p\u00e4\u00e4ssyt.<\/p>\n<p class=\"sc-7ebe867f-0 dkmPes\">Iltalehden huomioiden mukaan sivustoille p\u00e4\u00e4si j\u00e4lleen kello 11.25. Downdetectorin ilmoituksissa on huomattava m\u00e4\u00e4r\u00e4 katkoksia Cloudflaren palveluissa alkaen noin kello 11.00.<\/p>\n<p><img decoding=\"async\" src=\"https:\/\/images.almatalent.fi\/570x428\/https:\/\/assets.almatalent.fi\/image\/d1db2da2-c85d-5c56-9c1f-f91da1eb9104\" class=\"sc-9ed45ca8-2 haHcPj\"\/>Cloudflaren palveluissa oli huomattava m\u00e4\u00e4r\u00e4 ilmoituksia alkaen noin kello 11. Kuvakaappaus<\/p>\n<p class=\"sc-7ebe867f-0 dkmPes\"><a href=\"https:\/\/www.cloudflarestatus.com\/\" id=\"alma-link-143c1f4d601c579b9c96068cc0ecbb1d\" rel=\"nofollow noopener\" target=\"_blank\" class=\"sc-44f0b1b9-4 QMIVx\">Cloudflaren tilannesivuston mukaan<\/a> ongelmat liittyiv\u00e4t verkkopohjaiseen hallintapaneeliin (dashboard), jota k\u00e4ytet\u00e4\u00e4n Cloudflaren palveluiden asetusten hallinnassa. Lis\u00e4ksi ongelmia kerrottiin olevan my\u00f6s Cloudflaren ohjelmointirajapinnassa (API). <\/p>\n<p class=\"sc-7ebe867f-0 dkmPes\">Ongelmista kertovat virheilmoitukset poistuivat Cloudflaren sivuilta noin kello 11.30 ja Downdetectorin ilmoitukset l\u00e4htiv\u00e4t my\u00f6s laskuun. Palveluntarjoaja kertoo selvitt\u00e4v\u00e4ns\u00e4 heille tulleita virheilmoituksia.<\/p>\n<p class=\"sc-7ebe867f-0 dkmPes\">Yhti\u00f6 kertoi tekev\u00e4ns\u00e4 perjantaina my\u00f6s huoltot\u00f6it\u00e4 Yhdysvalloissa Detroitin ja Chicagon datakeskuksissa.<\/p>\n<p>LUE MY\u00d6S<\/p>\n","protected":false},"excerpt":{"rendered":"Internetin selk\u00e4rankana tunnetulla Cloudflarella oli perjantaina j\u00e4lleen ongelma, joka aiheutti h\u00e4iri\u00f6it\u00e4 useilla nettisivuilla ja verkkopalveluissa. Cloudflarella oli ongelmia&hellip;\n","protected":false},"author":2,"featured_media":132555,"comment_status":"","ping_status":"","sticky":false,"template":"","format":"standard","meta":{"footnotes":""},"categories":[87],"tags":[33,31,30,148,32,91,92],"class_list":{"0":"post-132554","1":"post","2":"type-post","3":"status-publish","4":"format-standard","5":"has-post-thumbnail","7":"category-internet","8":"tag-fi","9":"tag-finland","10":"tag-finnish","11":"tag-internet","12":"tag-suomi","13":"tag-technology","14":"tag-teknologia"},"share_on_mastodon":{"url":"https:\/\/pubeurope.com\/@fi\/115832149999886766","error":""},"_links":{"self":[{"href":"https:\/\/www.europesays.com\/fi\/wp-json\/wp\/v2\/posts\/132554","targetHints":{"allow":["GET"]}}],"collection":[{"href":"https:\/\/www.europesays.com\/fi\/wp-json\/wp\/v2\/posts"}],"about":[{"href":"https:\/\/www.europesays.com\/fi\/wp-json\/wp\/v2\/types\/post"}],"author":[{"embeddable":true,"href":"https:\/\/www.europesays.com\/fi\/wp-json\/wp\/v2\/users\/2"}],"replies":[{"embeddable":true,"href":"https:\/\/www.europesays.com\/fi\/wp-json\/wp\/v2\/comments?post=132554"}],"version-history":[{"count":0,"href":"https:\/\/www.europesays.com\/fi\/wp-json\/wp\/v2\/posts\/132554\/revisions"}],"wp:featuredmedia":[{"embeddable":true,"href":"https:\/\/www.europesays.com\/fi\/wp-json\/wp\/v2\/media\/132555"}],"wp:attachment":[{"href":"https:\/\/www.europesays.com\/fi\/wp-json\/wp\/v2\/media?parent=132554"}],"wp:term":[{"taxonomy":"category","embeddable":true,"href":"https:\/\/www.europesays.com\/fi\/wp-json\/wp\/v2\/categories?post=132554"},{"taxonomy":"post_tag","embeddable":true,"href":"https:\/\/www.europesays.com\/fi\/wp-json\/wp\/v2\/tags?post=132554"}],"curies":[{"name":"wp","href":"https:\/\/api.w.org\/{rel}","templated":true}]}}