{"id":132556,"date":"2026-01-03T16:40:08","date_gmt":"2026-01-03T16:40:08","guid":{"rendered":"https:\/\/www.europesays.com\/fi\/132556\/"},"modified":"2026-01-03T16:40:08","modified_gmt":"2026-01-03T16:40:08","slug":"ruotsin-kuninkaalliset-kesaisissa-tunnelmissa-harvinainen-perhekuva-keraa-huomiota","status":"publish","type":"post","link":"https:\/\/www.europesays.com\/fi\/132556\/","title":{"rendered":"Ruotsin kuninkaalliset kes\u00e4isiss\u00e4 tunnelmissa &#8211; harvinainen perhekuva ker\u00e4\u00e4 huomiota"},"content":{"rendered":"<p>            Photo: Sara Friberg\/The Royal Court of Sweden\n        <\/p>\n<p class=\"subtitle \">Kuninkaalliset varautuivat vuodenvaihteeseen ajoissa.<\/p>\n<p class=\"article-content article-content-width !bg-background\">Vuosi k\u00e4\u00e4ntyi toiseksi, ja julkkiksilta ja muilta merkkihenkil\u00f6ilt\u00e4 saatiin kuulla ja n\u00e4hd\u00e4 toinen toistaan tunteikkaampia uudenvuoden toivotuksia.<\/p>\n<p class=\"font-weight-bold m-font-weight-bold article-content article-content-width !bg-background\">Arkistovideo: T\u00e4llainen on Sollidenin kes\u00e4palatsi<\/p>\n<p class=\"article-content article-content-width !bg-background\">Toivotuksia l\u00e4hettiv\u00e4t my\u00f6s maailman monien kolkkien hallitsijat, mukaan lukien Ruotsin kuninkaallinen perhe.<\/p>\n<p class=\"article-content article-content-width !bg-background\">Harvinaiseen otokseen oli saatu kasaan koko Ruotsin kuninkaallinen perhe kaikkiaan kolmessa sukupolvessa. Kuningas\u00a0ja kuningatar\u00a0poseeraavat keskell\u00e4, ja heid\u00e4n ymp\u00e4rill\u00e4\u00e4n lapset kruununprinsessa, prinssi\u00a0ja prinsessa.<\/p>\n<p class=\"article-content article-content-width !bg-background\">Kuvassa ovat tietenkin my\u00f6s lasten puolisot, prinssi, prinsessa\u00a0ja. Aikuisten lis\u00e4ksi kuvassa hymyilev\u00e4t koko yhdeks\u00e4np\u00e4inen lapsenlapsikatras; nuorin, prinsessa, vanhimman, prinsessa, syliss\u00e4.<\/p>\n<p>        <a itemprop=\"url\" href=\"https:\/\/www.seiska.fi\/kuninkaalliset\/surulliset-epailykset-madeleinesta-ja-chris-oneillista-ovat-totta\/1605470\" rel=\"nofollow noopener\" target=\"_blank\"><\/p>\n<p>\nTiedot hovista\n<\/p>\n<p class=\"section-date\">\n        <strong class=\"article-section\" data-section=\"kuninkaalliset\"><br \/>\n            kuninkaalliset<br \/>\n        <\/strong><br \/>\n        6.2.2025 21:00\n    <\/p>\n<p>Surulliset ep\u00e4ilykset Madeleinesta ja Chris O&#8217;Neillist\u00e4 ovat totta\n    <\/p>\n<p itemprop=\"description\" class=\"subtitle \">\n    Chris ja Madde muuttivat Yhdysvalloista Ruotsiin viime kes\u00e4n\u00e4.\n<\/p>\n<p>        <\/a><\/p>\n<p>Kes\u00e4tunnelmissa<\/p>\n<p class=\"article-content article-content-width !bg-background\">Kuva on otettu Sollidenin linnan puutarhassa, vanhan, hienon leikkim\u00f6kin edess\u00e4.<\/p>\n<p class=\"article-content article-content-width !bg-background\">Sen sijaan, ett\u00e4 uudenvuodenkorttina toimisi talvinen kuva, on tarkoitukseen siis valittu kes\u00e4ll\u00e4 napattu otos.<\/p>\n<p class=\"article-content article-content-width !bg-background\">Kuvasta k\u00e4y ilmi, ett\u00e4 koko kuninkaallinen konkkaronkka on viett\u00e4nyt yht\u00e4 aikaa lomaa \u00d6\u00f6lannissa \u2013 siit\u00e4kin huolimatta, ett\u00e4 prinsessa Sofiaa ei siell\u00e4 virallisesti n\u00e4hty.<\/p>\n<p class=\"article-content article-content-width !bg-background\">Kuva on tietenkin saanut osakseen hurjan m\u00e4\u00e4r\u00e4n huomiota, ja sadoissa kommenteissa kuninkaallisille toivotetaan hyv\u00e4\u00e4 uutta vuotta.<\/p>\n<p class=\"article-content article-content-width !bg-background\">Oman siivunsa huomiosta vie luonnollisesti pikkuinen prinsessa Ines, joka istuu kummit\u00e4tins\u00e4 Estellen syliss\u00e4.<\/p>\n<p class=\"article-content article-content-width !bg-background\">\u2013 N\u00e4yt\u00e4tte kaikki upeilta, ja pikkuprinsessa Ines on niiiiiin s\u00f6p\u00f6! kehuu er\u00e4s kunkkufani kommentissaan.<\/p>\n<p class=\"article-content article-content-width !bg-background\">Kuvanottohetkell\u00e4on tiedostettu my\u00f6s melkoinen riski. Kes\u00e4n \u00f6t\u00f6kk\u00e4riskien lis\u00e4ksi kunikaalliset on istutettu vaaleissa kes\u00e4vaatteissaan vastaleikatulle nurmikolle \u2013 vailla huolen h\u00e4iv\u00e4\u00e4 vihreist\u00e4 tahroista.<\/p>\n<p>        <a itemprop=\"url\" href=\"https:\/\/www.seiska.fi\/kuninkaalliset\/ei-herkille-ruotsin-hovin-epamuodostunut-yksilo-hammentaa\/2011900\" rel=\"nofollow noopener\" target=\"_blank\"><\/p>\n<p>\nEi herkille!\n<\/p>\n<p class=\"section-date\">\n        <strong class=\"article-section\" data-section=\"kuninkaalliset\"><br \/>\n            kuninkaalliset<br \/>\n        <\/strong><br \/>\n        27.12.2025 11:00\n    <\/p>\n<p>Ei herkille! Ruotsin hovin ep\u00e4muodostunut yksil\u00f6 h\u00e4mment\u00e4\u00e4\n    <\/p>\n<p itemprop=\"description\" class=\"subtitle \">\n    Ruotsin kuninkaallisesta linnasta l\u00f6ytyy erikoinen tassuttelija.\n<\/p>\n<p>        <\/a><\/p>\n<p>                <img decoding=\"async\" src=\"https:\/\/www.europesays.com\/fi\/wp-content\/uploads\/2026\/01\/2036110.webp.jpeg\" width=\"576\" height=\"322\" alt=\"Prinsessa Ines n\u00e4hd\u00e4\u00e4n kes\u00e4isess\u00e4 kuvassa Estellen syliss\u00e4.\" loading=\"lazy\" \/>            <\/p>\n<p>\n            Prinsessa Ines n\u00e4hd\u00e4\u00e4n kes\u00e4isess\u00e4 kuvassa Estellen syliss\u00e4.<br \/>\n            Photo: Sara Friberg\/The Royal Court of Sweden\n        <\/p>\n","protected":false},"excerpt":{"rendered":"Photo: Sara Friberg\/The Royal Court of Sweden Kuninkaalliset varautuivat vuodenvaihteeseen ajoissa. Vuosi k\u00e4\u00e4ntyi toiseksi, ja julkkiksilta ja muilta&hellip;\n","protected":false},"author":2,"featured_media":132557,"comment_status":"","ping_status":"","sticky":false,"template":"","format":"standard","meta":{"footnotes":""},"categories":[136],"tags":[407,137,33,31,30,408,2273,2272,4550,212,4333,5099,10040,23401,32,22485,109],"class_list":{"0":"post-132556","1":"post","2":"type-post","3":"status-publish","4":"format-standard","5":"has-post-thumbnail","7":"category-julkkikset","8":"tag-celebrities","9":"tag-entertainment","10":"tag-fi","11":"tag-finland","12":"tag-finnish","13":"tag-julkkikset","14":"tag-kruununprinsessa-victoria","15":"tag-kuningas-kaarle-kustaa","16":"tag-kuningatar-silvia","17":"tag-lifestyle","18":"tag-prinsessa-estelle","19":"tag-prinsessa-ines","20":"tag-ruotsin-kuninkaallinen-perhe","21":"tag-sollidenin-linna","22":"tag-suomi","23":"tag-uusivuosi","24":"tag-viihde"},"share_on_mastodon":{"url":"https:\/\/pubeurope.com\/@fi\/115832161736597351","error":""},"_links":{"self":[{"href":"https:\/\/www.europesays.com\/fi\/wp-json\/wp\/v2\/posts\/132556","targetHints":{"allow":["GET"]}}],"collection":[{"href":"https:\/\/www.europesays.com\/fi\/wp-json\/wp\/v2\/posts"}],"about":[{"href":"https:\/\/www.europesays.com\/fi\/wp-json\/wp\/v2\/types\/post"}],"author":[{"embeddable":true,"href":"https:\/\/www.europesays.com\/fi\/wp-json\/wp\/v2\/users\/2"}],"replies":[{"embeddable":true,"href":"https:\/\/www.europesays.com\/fi\/wp-json\/wp\/v2\/comments?post=132556"}],"version-history":[{"count":0,"href":"https:\/\/www.europesays.com\/fi\/wp-json\/wp\/v2\/posts\/132556\/revisions"}],"wp:featuredmedia":[{"embeddable":true,"href":"https:\/\/www.europesays.com\/fi\/wp-json\/wp\/v2\/media\/132557"}],"wp:attachment":[{"href":"https:\/\/www.europesays.com\/fi\/wp-json\/wp\/v2\/media?parent=132556"}],"wp:term":[{"taxonomy":"category","embeddable":true,"href":"https:\/\/www.europesays.com\/fi\/wp-json\/wp\/v2\/categories?post=132556"},{"taxonomy":"post_tag","embeddable":true,"href":"https:\/\/www.europesays.com\/fi\/wp-json\/wp\/v2\/tags?post=132556"}],"curies":[{"name":"wp","href":"https:\/\/api.w.org\/{rel}","templated":true}]}}