{"id":132560,"date":"2026-01-03T16:48:08","date_gmt":"2026-01-03T16:48:08","guid":{"rendered":"https:\/\/www.europesays.com\/fi\/132560\/"},"modified":"2026-01-03T16:48:08","modified_gmt":"2026-01-03T16:48:08","slug":"ex-ministeri-sanna-marin-bilekuvat-suututtavat-jalleen","status":"publish","type":"post","link":"https:\/\/www.europesays.com\/fi\/132560\/","title":{"rendered":"Ex-ministeri Sanna Marin: Bilekuvat suututtavat j\u00e4lleen"},"content":{"rendered":"<p>            Timo Korhonen\n        <\/p>\n<p class=\"subtitle \">Somessa pohditaan, onko Sannalla j\u00e4\u00e4nyt jokin vaihe el\u00e4m\u00e4ss\u00e4\u00e4n v\u00e4list\u00e4. Hauskaa h\u00e4nell\u00e4 n\u00e4ytt\u00e4\u00e4 kuitenkin olevan.<\/p>\n<p class=\"article-content article-content-width !bg-background\">Harva suomalaispoliitikko on saanut osakseen yht\u00e4 runsain mitoin huomioita kuin , 40.\u00a0<\/p>\n<p class=\"font-weight-bold m-font-weight-bold article-content article-content-width !bg-background\">Video: Sanna Marin juhli kirjansa julkkareita:<\/p>\n<p class=\"article-content article-content-width !bg-background\">Sanna toimi p\u00e4\u00e4ministerin\u00e4 poikkeuksellisena aikana sek\u00e4 poikkeuksellisen nuorena. Johtoasemaan nousemisen seurauksena Sannaan kiinnittyi kosolti katseita, eiv\u00e4tk\u00e4 edell\u00e4 mainitut seikat ainakaan v\u00e4hent\u00e4neet nuoreen demaripomoon kohdistuvaa mielenkiintoa.<\/p>\n<p>        <a itemprop=\"url\" href=\"https:\/\/www.seiska.fi\/vain-seiskassa\/markus-raikkonen-yllatti-hotelliaamiaisella-sopossa-seurassa-salakuvat\/2030442\" rel=\"nofollow noopener\" target=\"_blank\"><\/p>\n<p>\nSalakuvat Markus R\u00e4ikk\u00f6sest\u00e4\n<\/p>\n<p class=\"section-date\">\n        <strong class=\"article-section\" data-section=\"vain seiskassa\"><br \/>\n            vain seiskassa<br \/>\n        <\/strong><br \/>\n        30.12.2025 07:00\n    <\/p>\n<p>Markus R\u00e4ikk\u00f6nen yll\u00e4tti hotelliaamiaisella s\u00f6p\u00f6ss\u00e4 seurassa \u2013 salakuvat!\n    <\/p>\n<p itemprop=\"description\" class=\"subtitle \">\n    Markus multitaskasi hoitaen samaan aikaan mit\u00e4 ilmeisimmin bisneksi\u00e4\u00e4n ja pomminvarmasti ainakin hotelliaamiaistaan.\n<\/p>\n<p>        <\/a><\/p>\n<p>Menneisyys bile-ministerin\u00e4<\/p>\n<p class=\"article-content article-content-width !bg-background\">Kaikki julkisuus ei suinkaan ole ollut positiivista. Poliittisen uransa ohella Sanna on el\u00e4nyt nykyp\u00e4iv\u00e4n kolme-nelikymppisille varsin tavanomaista el\u00e4m\u00e4\u00e4 juhlineen ja kes\u00e4festareineen. Osalle se on ollut liikaa.\u00a0<\/p>\n<p>                <img decoding=\"async\" src=\"https:\/\/www.europesays.com\/fi\/wp-content\/uploads\/2026\/01\/2036698.webp.jpeg\" width=\"576\" height=\"596\" alt=\"Sanna on viihtynyt kes\u00e4isin Flow-festareilla. Arkistokuva 2024.\" loading=\"lazy\" \/>            <\/p>\n<p>\n            Sanna on viihtynyt kes\u00e4isin Flow-festareilla. Arkistokuva 2024.<br \/>\n            Panu H\u00f6rkk\u00f6\n        <\/p>\n<p class=\"article-content article-content-width !bg-background\">Sannaa on kritisoitu niin -lehdess\u00e4 <a href=\"https:\/\/www.seiska.fi\/kotimaa\/poikkeuksellisen-rohkeaa-paaministeri-sanna-marin-vilauttaa-paljasta-pintaa-trendi-lehdessa-poseeraa-pelkka-bleiseri-yllaan-katso\/1777406\" target=\"_blank\" rel=\"nofollow noopener\">pelk\u00e4ss\u00e4 bleiseriss\u00e4 poseeraamisen<\/a> kuin julkkisjuhlienkin takia. Ja kukapa voisi unohtaa Sannan ja laulaja  <a href=\"https:\/\/www.seiska.fi\/kotimaa\/sanna-marin-ja-olavi-uusivirta-herkissa-tunnelmissa-tanssilattialla-ahnas-suutelu-tallentui-videolle\/254769\" target=\"_blank\" rel=\"nofollow noopener\">hempe\u00e4n hetken tanssilattialla<\/a>?<\/p>\n<p>Taas p\u00f6yd\u00e4ll\u00e4<\/p>\n<p class=\"article-content article-content-width !bg-background\">Hiljattain Sannan juhlinta nousi j\u00e4lleen esille. Laulaja  julkaisi vuoden vaihtumisen kunniaksi Instagramissa kuvakarusellin, johon sis\u00e4ltyy otos my\u00f6s ex-p\u00e4\u00e4ministerist\u00e4.\u00a0<\/p>\n<p>                <img decoding=\"async\" src=\"https:\/\/www.europesays.com\/fi\/wp-content\/uploads\/2026\/01\/2036701.webp.jpeg\" width=\"576\" height=\"274\" alt=\"Sanna ja Olavi viihtyv\u00e4t yh\u00e4 samoissa piireiss\u00e4.\" loading=\"lazy\" \/>            <\/p>\n<p>\n            Sanna ja Olavi viihtyv\u00e4t yh\u00e4 samoissa piireiss\u00e4.<br \/>\n            seiskan lukija\n        <\/p>\n<p class=\"article-content article-content-width !bg-background\">Yhteiskuvassa Sanna ja Kristiina seisovat ravintolap\u00f6yd\u00e4ll\u00e4 juhlatamineissaan. Seurueeseen kuuluvat my\u00f6s muun muassa n\u00e4yttelij\u00e4  sek\u00e4 kansanedustaja , joiden tiedet\u00e4\u00e4n kuuluvan Sannan yst\u00e4v\u00e4piiriin.<\/p>\n<p>        <a itemprop=\"url\" href=\"https:\/\/www.seiska.fi\/kotimaa\/sanna-marinin-tyyli-on-muuttunut-radikaalisti-katso-kuvakooste\/2022688\" rel=\"nofollow noopener\" target=\"_blank\"><\/p>\n<p>\nKuvakooste\n<\/p>\n<p class=\"section-date\">\n        <strong class=\"article-section\" data-section=\"kotimaa\"><br \/>\n            kotimaa<br \/>\n        <\/strong><br \/>\n        25.12.2025 10:00\n    <\/p>\n<p>Sanna Marinin tyyli on muuttunut radikaalisti \u2013 katso kuvakooste\n    <\/p>\n<p itemprop=\"description\" class=\"subtitle \">\n    Suomen arjesta jo kansainv\u00e4lisiin teht\u00e4viin poistunut entinen p\u00e4\u00e4ministeri on r\u00e4v\u00e4ytt\u00e4nyt yhden jos toisenkin kerran pukeutumisellaan.\n<\/p>\n<p>        <\/a><\/p>\n<p class=\"article-content article-content-width !bg-background\">Pikkumustaan pukeutunut Sanna poseeraa kuvassa sormillaan rauhanmerkki\u00e4 n\u00e4ytt\u00e4en.<\/p>\n<p>Some puhkuu ja puhaltaa<\/p>\n<p class=\"article-content article-content-width !bg-background\">Kuten Sannan biletys yleens\u00e4, t\u00e4ll\u00e4kin kertaa kuva on her\u00e4tt\u00e4nyt keskustelua sosiaalisessa mediassa. Aihetta on puitu Jodelissa, jossa kantavana teemana n\u00e4ytt\u00e4ytyy my\u00f6t\u00e4h\u00e4pe\u00e4.\u00a0<\/p>\n<p class=\"article-content article-content-width !bg-background\">\u2013 Keski-ik\u00e4inen pissis, er\u00e4s somekansalaisista toteaa.<\/p>\n<p class=\"article-content article-content-width !bg-background\">\u2013 Miten aikuiset ihmiset ajattelee, ett\u00e4 on ok nousta ravintolan p\u00f6yd\u00e4lle? toinen h\u00e4mm\u00e4stelee.<\/p>\n<p class=\"article-content article-content-width !bg-background\">\u2013 Klassinen esimerkki siit\u00e4, ett\u00e4 nuoruus j\u00e4i el\u00e4m\u00e4tt\u00e4.<\/p>\n<p>Bailut parhaimmillaan?<\/p>\n<p class=\"article-content article-content-width !bg-background\">Kaikki eiv\u00e4t kuitenkaan asian kauhistelua ymm\u00e4rr\u00e4. Useampi kirjoittaja huomauttaa, ett\u00e4 hauskanpito on sallittua kaikille.<\/p>\n<p>        <a itemprop=\"url\" href=\"https:\/\/www.seiska.fi\/rikos\/sanna-marinin-piinaaja-oikeudenkaynnista-uutta-tietoa\/2023696\" rel=\"nofollow noopener\" target=\"_blank\"><\/p>\n<p>\nSanna Marinin piinaaja\n<\/p>\n<p class=\"section-date\">\n        <strong class=\"article-section\" data-section=\"rikos\"><br \/>\n            rikos<br \/>\n        <\/strong><br \/>\n        17.12.2025 16:30\n    <\/p>\n<p>Sanna Marinin piinaaja \u2013 oikeudenk\u00e4ynnist\u00e4 uutta tietoa\n    <\/p>\n<p itemprop=\"description\" class=\"subtitle \">\n    Mies on aiemmin m\u00e4\u00e4r\u00e4tty l\u00e4hestymiskieltoon. Oikeuden mukaan mies oli esimerkiksi pyrkinyt Sanna Marinin asuntoon.\n<\/p>\n<p>        <\/a><\/p>\n<p class=\"article-content article-content-width !bg-background\">\u2013 Junnut ei vaan muista 2000-luvun alkua, kun ravintoloissa tanssittiin p\u00f6ydill\u00e4 kun bileet oli parhaimmillaan, yksi puolustaa.\u00a0<\/p>\n<p class=\"article-content article-content-width !bg-background\">\u2013 Aikuiset ihmiset pit\u00e4m\u00e4ss\u00e4 hauskaa, kuinka hirve\u00e4\u00e4, toinen sarkastinen heitto kuuluu.<\/p>\n<p class=\"italic m-italic article-content article-content-width !bg-background\">Jos upotus ei n\u00e4y, <a href=\"https:\/\/www.instagram.com\/p\/DS9-QJ_jVrL\/\" target=\"_blank\" rel=\"nofollow noopener\">voit katsoa julkaisun t\u00e4\u00e4lt\u00e4<\/a>.<\/p>\n<p><script async src=\"\/\/www.instagram.com\/embed.js\"><\/script><\/p>\n","protected":false},"excerpt":{"rendered":"Timo Korhonen Somessa pohditaan, onko Sannalla j\u00e4\u00e4nyt jokin vaihe el\u00e4m\u00e4ss\u00e4\u00e4n v\u00e4list\u00e4. Hauskaa h\u00e4nell\u00e4 n\u00e4ytt\u00e4\u00e4 kuitenkin olevan. Harva suomalaispoliitikko&hellip;\n","protected":false},"author":2,"featured_media":132561,"comment_status":"","ping_status":"","sticky":false,"template":"","format":"standard","meta":{"footnotes":""},"categories":[130],"tags":[137,33,31,30,9635,564,23402,15664,6208,212,5903,17798,10211,1706,2799,2905,32,17261,109],"class_list":{"0":"post-132560","1":"post","2":"type-post","3":"status-publish","4":"format-standard","5":"has-post-thumbnail","7":"category-viihde","8":"tag-entertainment","9":"tag-fi","10":"tag-finland","11":"tag-finnish","12":"tag-jodel","13":"tag-juhlat","14":"tag-kaverit","15":"tag-kristiina-wheeler","16":"tag-kuva","17":"tag-lifestyle","18":"tag-minka-kuustonen","19":"tag-nasima-razmyar","20":"tag-olavi-uusivirta","21":"tag-paaministeri","22":"tag-sanna-marin","23":"tag-somekohu","24":"tag-suomi","25":"tag-tanssiminen","26":"tag-viihde"},"share_on_mastodon":{"url":"https:\/\/pubeurope.com\/@fi\/115832193213503240","error":""},"_links":{"self":[{"href":"https:\/\/www.europesays.com\/fi\/wp-json\/wp\/v2\/posts\/132560","targetHints":{"allow":["GET"]}}],"collection":[{"href":"https:\/\/www.europesays.com\/fi\/wp-json\/wp\/v2\/posts"}],"about":[{"href":"https:\/\/www.europesays.com\/fi\/wp-json\/wp\/v2\/types\/post"}],"author":[{"embeddable":true,"href":"https:\/\/www.europesays.com\/fi\/wp-json\/wp\/v2\/users\/2"}],"replies":[{"embeddable":true,"href":"https:\/\/www.europesays.com\/fi\/wp-json\/wp\/v2\/comments?post=132560"}],"version-history":[{"count":0,"href":"https:\/\/www.europesays.com\/fi\/wp-json\/wp\/v2\/posts\/132560\/revisions"}],"wp:featuredmedia":[{"embeddable":true,"href":"https:\/\/www.europesays.com\/fi\/wp-json\/wp\/v2\/media\/132561"}],"wp:attachment":[{"href":"https:\/\/www.europesays.com\/fi\/wp-json\/wp\/v2\/media?parent=132560"}],"wp:term":[{"taxonomy":"category","embeddable":true,"href":"https:\/\/www.europesays.com\/fi\/wp-json\/wp\/v2\/categories?post=132560"},{"taxonomy":"post_tag","embeddable":true,"href":"https:\/\/www.europesays.com\/fi\/wp-json\/wp\/v2\/tags?post=132560"}],"curies":[{"name":"wp","href":"https:\/\/api.w.org\/{rel}","templated":true}]}}