{"id":132566,"date":"2026-01-03T16:52:10","date_gmt":"2026-01-03T16:52:10","guid":{"rendered":"https:\/\/www.europesays.com\/fi\/132566\/"},"modified":"2026-01-03T16:52:10","modified_gmt":"2026-01-03T16:52:10","slug":"trumpin-mukaan-venezuelan-presidentti-maduro-viedaan-new-yorkiin-syytetaan-huumeterrorista-ja-tuhovalineiden-hallussapidosta","status":"publish","type":"post","link":"https:\/\/www.europesays.com\/fi\/132566\/","title":{"rendered":"Trumpin mukaan Venezuelan presidentti Maduro vied\u00e4\u00e4n New Yorkiin \u2013\u202fsyytet\u00e4\u00e4n huumeterrorista ja tuhov\u00e4lineiden hallussapidosta"},"content":{"rendered":"<p>    <img decoding=\"async\" class=\"responsive-image article__image-image lozad\"   src=\"https:\/\/www.europesays.com\/fi\/wp-content\/uploads\/2026\/01\/1767459130_432_Idfmb-yMlVT43K6ufcRjmjR-LlrqZLtNKnjxtbaUNs2b8BIM_EujEocYZj8svC7vVMiBLgZFYLThUCQGEZ3F-hkrqecDFk42m4Qb.jpeg\" alt=\"Yhdysvallat on hy\u00f6k\u00e4nnyt sotilaallisesti Venezuelaan. Kuvassa vasemmalla Yhdysvaltain presidentti Donald Trump ja oikealla Venezuelan presindentti Nicolas Maduro.\"\/><\/p>\n<p>\n                Yhdysvallat on hy\u00f6k\u00e4nnyt sotilaallisesti Venezuelaan. Kuvassa vasemmalla Yhdysvaltain presidentti Donald Trump ja oikealla Venezuelan presindentti Nicolas Maduro.\n              <\/p>\n<p>\n                Kuva: [KAMIL KRZACZYNSKI, FEDERICO PARRA] \/ AFP \/ Lehtikuva\n              <\/p>\n<p class=\"article__paragraph\">\n      Yhdysvaltojen presidentti Donald Trumpin mukaan Venezuelan presidentti Nicolas Maduro vaimoineen on otettu vangiksi Yhdysvaltojen Venezuelaan tekem\u00e4ss\u00e4 laajamittaisessa iskussa ja heid\u00e4t on viety pois maasta. Trump kertoi asiasta <a href=\"https:\/\/truthsocial.com\/@realDonaldTrump\/posts\/115830428767897167\" rel=\"nofollow noopener\" target=\"_blank\">Truth Social<\/a> -alustallaan.\n    <\/p>\n<p class=\"article__paragraph\">\n      Trumpin mukaan Maduro vied\u00e4\u00e4n New Yorkiin. Trump kertoo asiasta<a href=\"https:\/\/www.foxnews.com\/video\/5614615980001\" rel=\"nofollow noopener\" target=\"_blank\"> Fox News<\/a> -televisiokanavan haastattelussa. H\u00e4nen mukaansa Yhdysvaltain joukot saivat Maduron kiinni linnoituksesta. Trumpin mukaan yhdysvaltalaisia ei kuollut operaatiossa.\n    <\/p>\n<p class=\"article__paragraph\">\n      Maduroa ja t\u00e4m\u00e4n vaimoa vastaan on nostettu syytteet liittovaltion tuomioistuimessa New Yorkin etel\u00e4isess\u00e4 piiriss\u00e4, kertoo Yhdysvaltain oikeusministeri Pam Bondi.\n    <\/p>\n<p class=\"article__paragraph\">\n      Bondin mukaan Maduroa syytet\u00e4\u00e4n huumeterrorismista, kokaiinin maahantuonnista sek\u00e4 konekiv\u00e4\u00e4rien ja muiden tuhov\u00e4lineiden hallussapidosta Yhdysvaltoja vastaan.\n    <\/p>\n<p class=\"article__paragraph\">\n      Trump kertoo, ett\u00e4 asiasta pidet\u00e4\u00e4n tiedotustilaisuus Floridan Mar-a-Lagossa alkuillasta Suomen aikaa.\n    <\/p>\n<p class=\"article__paragraph\">\n      Maduron ja t\u00e4m\u00e4n vaimon olinpaikka ei ole Venezuelan varapresidentti Delcy Rodriguezin tiedossa. Varapresidentti vaatii Yhdysvalloilta todisteita siit\u00e4, ett\u00e4 presidenttipari on yh\u00e4 hengiss\u00e4. Rodriguez kommentoi asiaa venezuelalaiskanavalle televisiossa.\n    <\/p>\n<p>      Venezuela tuomitsee hy\u00f6kk\u00e4yksen<\/p>\n<p class=\"article__paragraph\">\n      Useiden tiedotusv\u00e4lineiden paikalla olevat toimittajat ovat kertoneet, ett\u00e4 p\u00e4\u00e4kaupungissa Caracasissa kuultiin useita r\u00e4j\u00e4hdyksi\u00e4 ja kaupungin yll\u00e4 lent\u00e4vien ilma-alusten \u00e4\u00e4ni\u00e4 lauantain vastaisena y\u00f6n\u00e4. Uutistoimisto AFP:n paikalla olevan toimittajan mukaan r\u00e4j\u00e4hdysten \u00e4\u00e4net alkoivat paikallista aikaa noin kahdelta aamuy\u00f6st\u00e4 eli kahdeksalta aamulla Suomen aikaa.\n    <\/p>\n<p class=\"article__paragraph\">\n      Venezuelaan on julistettu poikkeustila Yhdysvaltain sotilaallisen hy\u00f6kk\u00e4yksen vuoksi. Muiden muassa Kolumbian presidentti Gustavo Petro on julkaissut Venezuelan hallinnon <a href=\"https:\/\/x.com\/petrogustavo\/status\/2007358443556876416\" rel=\"nofollow\">lausunnon<\/a>, jossa se sanoo tuomitsevansa jyrk\u00e4sti Yhdysvaltojen eritt\u00e4in vakavaksi luonnehditun sotilaallisen aggression maata kohtaan.\n    <\/p>\n<p class=\"article__paragraph\">\n      \u2013\u2009T\u00e4m\u00e4n hy\u00f6kk\u00e4yksen tavoitteena on ainoastaan anastaa Venezuelan strategiset resurssit, ennen kaikkea \u00f6ljy ja mineraalit, syytt\u00e4\u00e4 Venezuela.\n    <\/p>\n<p class=\"article__paragraph\">\n      Maa sanoo puolustautuvansa kaikin laillisin keinoin Yhdysvaltojen &#8221;imperialistiselta&#8221; aggressiolta. Puolustusministeri Vladimir Padrino Lopez syytt\u00e4\u00e4 sosiaalisessa mediassa julkaistulla videolla Yhdysvaltoja siviilialueille iskemisest\u00e4 ja sanoo Venezuelan nyt j\u00e4rjest\u00e4v\u00e4n joukkojaan asemiin niin maalla, vesill\u00e4 kuin ilmassa.\n    <\/p>\n<p class=\"article__paragraph\">\n      Venezuela on my\u00f6s vaatinut YK:n turvallisuusneuvoston h\u00e4t\u00e4istuntoa Yhdysvaltain iskujen takia. Uutistoimisto AFP kertoo ulkoministeri Yvan Gilin kirjoittaneen asiasta viestipalvelu Telegramissa.\n    <\/p>\n<p>      Mediat: Kaupunki osin vailla s\u00e4hk\u00f6\u00e4<\/p>\n<p class=\"article__paragraph\">\n      CNN:n mukaan osa Venezuelan p\u00e4\u00e4kaupungista oli iskujen j\u00e4ljilt\u00e4 vailla s\u00e4hk\u00f6\u00e4.\n    <\/p>\n<p class=\"article__paragraph\">\n      Tilanne kaupungissa on osin ep\u00e4selv\u00e4. Sosiaalisessa mediassa on julkaistu runsaasti videoita, joiden kerrotaan esitt\u00e4v\u00e4n Caracasin yll\u00e4 lent\u00e4neit\u00e4 helikoptereita ja niiden tekemi\u00e4 iskuja.\n    <\/p>\n<p class=\"article__paragraph\">\n      Useimpien videoiden aitoutta ei ole varmennettu. Yksi CNN:n varmentama video esitt\u00e4\u00e4 kaupungin yll\u00e4 kohoavia savupatsaita ja tulipalon hehkua.\n    <\/p>\n<p>    <img decoding=\"async\" class=\"responsive-image article__image-image lozad\"   src=\"https:\/\/www.europesays.com\/fi\/wp-content\/uploads\/2026\/01\/1767459130_56_DBc7wvoR3pAeGRkqRx9XTgmz36HWoHi2ddOW3JHsr4vudTsOsituHbKtUj0ljKKJRtkQ7yADT6qdlKXxiuWSzMjTUO3OuLoSRMaz.jpeg\" alt=\"Tyhj\u00e4 moottoritie Carcasin kaupungissa merkitt\u00e4vien r\u00e4j\u00e4hdysten j\u00e4lkeen lauantaina 3. tammikuuta.\"\/><\/p>\n<p>\n                Tyhj\u00e4 moottoritie Carcasin kaupungissa merkitt\u00e4vien r\u00e4j\u00e4hdysten j\u00e4lkeen lauantaina 3. tammikuuta.\n              <\/p>\n<p>\n                Kuva: JUAN BARRETO \/ AFP \/ Lehtikuva\n              <\/p>\n<p class=\"article__paragraph\">\n      Sanomalehti <a href=\"https:\/\/elpais.com\/america\/2026-01-03\/se-reportan-explosiones-en-distintos-puntos-de-caracas-en-medio-de-las-tensiones-con-estados-unidos.html\" rel=\"nofollow noopener\" target=\"_blank\">El Pa\u00eds<\/a> kertoo, ett\u00e4 paikallisten tietojen mukaan iskuja olisi tehty useisiin eri kohteisiin. Kohteiden joukossa n\u00e4ytt\u00e4\u00e4 olleen ainakin Fuerte Tiunan sotilastukikohta.\n    <\/p>\n<p class=\"article__paragraph\">\n      AFP:n videotoimittajana Caracasissa ty\u00f6skentelev\u00e4 Isabel Bonnet Belloso kertoo viestipalvelu <a href=\"https:\/\/x.com\/ibonnetb\/status\/2007343922088161381\" rel=\"nofollow\">X:ss\u00e4<\/a>, ett\u00e4 kaupungissa on kuultu r\u00e4j\u00e4hdysten lis\u00e4ksi helikoptereiden lentoa ja ampumista.\n    <\/p>\n<p class=\"article__paragraph\">\n      My\u00f6s Belloso kertoo s\u00e4hk\u00f6katkoista kaupungissa. Belloson mukaan iskuja olisi tehty Fuerte Tiunan lis\u00e4ksi ainakin La Carlotan ilmatukikohtaan.\n    <\/p>\n<p class=\"article__paragraph\">\n      Uutistoimisto <a href=\"https:\/\/apnews.com\/article\/venezuela-us-explosions-caracas-ca712a67aaefc30b1831f5bf0b50665e\" rel=\"nofollow noopener\" target=\"_blank\">AP.n<\/a> mukaan r\u00e4j\u00e4hdyksi\u00e4 kuultiin kaupungissa ainakin seitsem\u00e4n.\n    <\/p>\n<p>      Maduro ollut Trumpin hampaissa<\/p>\n<p class=\"article__paragraph\">\n      Yhdysvaltojen Trump oli aiemmin uhannut, ett\u00e4 maa saattaa tehd\u00e4 iskuja Venezuelaan. Yhdysvallat lis\u00e4si viime vuoden varrella laivastonsa sotilaallista l\u00e4sn\u00e4oloa Karibianmerell\u00e4.\n    <\/p>\n<p class=\"article__paragraph\">\n      Maduro sanoi aiemmin olevansa avoin keskustelemaan Yhdysvaltain kanssa muun muassa huumeiden salakuljetukseen ja \u00f6ljyyn liittyvist\u00e4 kysymyksist\u00e4.\n    <\/p>\n<p class=\"article__paragraph\">\n      Maduro esitti kommenttinsa Venezuelan valtiontelevisiolle antamassaan haastattelussa perjantain vastaisena y\u00f6n\u00e4 Suomen aikaa.\n    <\/p>\n<p class=\"article__paragraph\">\n      Trump sanoi t\u00e4t\u00e4 ennen maanantaina, ett\u00e4 Yhdysvallat oli tehnyt iskun Venezuelassa satama-alueelle, jossa huumeita oli lastattu veneisiin. Maduro ei vahvistanut tai kiist\u00e4nyt t\u00e4t\u00e4 aiempaa iskua.\n    <\/p>\n<p class=\"article__paragraph\">\n      Yhdysvaltalaismedioiden tietojen mukaan maan keskustiedustelupalvelu CIA toteutti iskun joulukuussa lennokilla.\n    <\/p>\n<p class=\"article__paragraph\">\n      L\u00e4hteen\u00e4 my\u00f6s AFP.\n    <\/p>\n<p class=\"article__note\">\n      Juttua p\u00e4ivitetty kauttaaltaan kello 11.02. <br \/>Juttua p\u00e4ivitetty kello 12.07 lis\u00e4tiedoilla vangitsemisesta.<br \/>Juttua p\u00e4ivitetyt kello 13.08 varapresidentin kommenteilla.<br \/>Juttu p\u00e4ivitetty kauttaaltaan kellop 17.55.\n    <\/p>\n","protected":false},"excerpt":{"rendered":"Yhdysvallat on hy\u00f6k\u00e4nnyt sotilaallisesti Venezuelaan. Kuvassa vasemmalla Yhdysvaltain presidentti Donald Trump ja oikealla Venezuelan presindentti Nicolas Maduro. Kuva:&hellip;\n","protected":false},"author":2,"featured_media":132426,"comment_status":"","ping_status":"","sticky":false,"template":"","format":"standard","meta":{"footnotes":""},"categories":[14],"tags":[22,23,26,27,33,31,30,17,24,25,28,29,15,18,21,32,19,20,56,16,59,60,61],"class_list":{"0":"post-132566","1":"post","2":"type-post","3":"status-publish","4":"format-standard","5":"has-post-thumbnail","7":"category-ulkomaat","8":"tag-breaking-news","9":"tag-breakingnews","10":"tag-featured-news","11":"tag-featurednews","12":"tag-fi","13":"tag-finland","14":"tag-finnish","15":"tag-headlines","16":"tag-latest-news","17":"tag-latestnews","18":"tag-main-news","19":"tag-mainnews","20":"tag-news","21":"tag-otsikot","22":"tag-paauutiset","23":"tag-suomi","24":"tag-top-stories","25":"tag-topstories","26":"tag-ulkomaat","27":"tag-uutiset","28":"tag-world","29":"tag-world-news","30":"tag-worldnews"},"share_on_mastodon":{"url":"https:\/\/pubeurope.com\/@fi\/115832209028664274","error":""},"_links":{"self":[{"href":"https:\/\/www.europesays.com\/fi\/wp-json\/wp\/v2\/posts\/132566","targetHints":{"allow":["GET"]}}],"collection":[{"href":"https:\/\/www.europesays.com\/fi\/wp-json\/wp\/v2\/posts"}],"about":[{"href":"https:\/\/www.europesays.com\/fi\/wp-json\/wp\/v2\/types\/post"}],"author":[{"embeddable":true,"href":"https:\/\/www.europesays.com\/fi\/wp-json\/wp\/v2\/users\/2"}],"replies":[{"embeddable":true,"href":"https:\/\/www.europesays.com\/fi\/wp-json\/wp\/v2\/comments?post=132566"}],"version-history":[{"count":0,"href":"https:\/\/www.europesays.com\/fi\/wp-json\/wp\/v2\/posts\/132566\/revisions"}],"wp:featuredmedia":[{"embeddable":true,"href":"https:\/\/www.europesays.com\/fi\/wp-json\/wp\/v2\/media\/132426"}],"wp:attachment":[{"href":"https:\/\/www.europesays.com\/fi\/wp-json\/wp\/v2\/media?parent=132566"}],"wp:term":[{"taxonomy":"category","embeddable":true,"href":"https:\/\/www.europesays.com\/fi\/wp-json\/wp\/v2\/categories?post=132566"},{"taxonomy":"post_tag","embeddable":true,"href":"https:\/\/www.europesays.com\/fi\/wp-json\/wp\/v2\/tags?post=132566"}],"curies":[{"name":"wp","href":"https:\/\/api.w.org\/{rel}","templated":true}]}}