{"id":132567,"date":"2026-01-03T16:53:07","date_gmt":"2026-01-03T16:53:07","guid":{"rendered":"https:\/\/www.europesays.com\/fi\/132567\/"},"modified":"2026-01-03T16:53:07","modified_gmt":"2026-01-03T16:53:07","slug":"raitiolinja-13-ei-liikennoi-ajolankavian-takia-paikalliset","status":"publish","type":"post","link":"https:\/\/www.europesays.com\/fi\/132567\/","title":{"rendered":"Raitiolinja 13 ei liikenn\u00f6i ajolankavian takia | Paikalliset"},"content":{"rendered":"<p>Raitiolinja 13 ei liikenn\u00f6i toistaiseksi merkitt\u00e4v\u00e4n ajolankavian vuoksi. Korvaava bussi liikenn\u00f6i Kalasataman ja Nihdin v\u00e4lill\u00e4. HSL kertoo asiasta tiedotteessaan.<\/p>\n<p>Ajolangoissa on merkitt\u00e4v\u00e4 vaurio. Vian korjaaminen vaatii tiedotteen mukaan laajoja korjaust\u00f6it\u00e4, joiden arvioidaan kest\u00e4v\u00e4n useita p\u00e4ivi\u00e4.<\/p>\n<p>\u2013\u2009Kalasataman ja Pasilan v\u00e4lill\u00e4 voi k\u00e4ytt\u00e4\u00e4 busseja 59, 500 ja 510. Hermannin rantatiell\u00e4 ajavat my\u00f6s bussit 55 ja 56, tiedotteessa kerrotaan.<\/p>\n<p>Korvaava bussi ajaa Kalasataman ja Nihdin v\u00e4lill\u00e4 vastap\u00e4iv\u00e4\u00e4n reitti\u00e4 Kalasatama (M), Koksikatu, Parrulaituri, Sompasaarenlaituri, Aallonhalkoja, Capellan puistotie, Ty\u00f6pajankuja.<\/p>\n<p>Asiasta kertoi ensin<a href=\"https:\/\/www.iltalehti.fi\/kotimaa\/a\/00903316-eaa5-490b-a182-173066540abd\" rel=\"nofollow noopener\" target=\"_blank\"> Iltalehti<\/a>, jonka mukaan nosturiauto repi raitiovaunun ajolangat alas Helsingin Hermannissa.<\/p>\n","protected":false},"excerpt":{"rendered":"Raitiolinja 13 ei liikenn\u00f6i toistaiseksi merkitt\u00e4v\u00e4n ajolankavian vuoksi. Korvaava bussi liikenn\u00f6i Kalasataman ja Nihdin v\u00e4lill\u00e4. HSL kertoo asiasta&hellip;\n","protected":false},"author":2,"featured_media":132568,"comment_status":"","ping_status":"","sticky":false,"template":"","format":"standard","meta":{"footnotes":""},"categories":[12],"tags":[22,23,26,27,33,31,30,17,1162,2887,24,25,121,734,951,28,29,953,15,18,21,950,32,19,20,16],"class_list":{"0":"post-132567","1":"post","2":"type-post","3":"status-publish","4":"format-standard","5":"has-post-thumbnail","7":"category-suomi","8":"tag-breaking-news","9":"tag-breakingnews","10":"tag-featured-news","11":"tag-featurednews","12":"tag-fi","13":"tag-finland","14":"tag-finnish","15":"tag-headlines","16":"tag-helsingin-seudun-liikenne-hsl","17":"tag-julkinen-liikenne","18":"tag-latest-news","19":"tag-latestnews","20":"tag-liikenne-ja-kuljetus","21":"tag-maaliikenne","22":"tag-maaliikenne-putkijohtokuljetus","23":"tag-main-news","24":"tag-mainnews","25":"tag-matkustajaliikenne","26":"tag-news","27":"tag-otsikot","28":"tag-paauutiset","29":"tag-raskas-liikenne","30":"tag-suomi","31":"tag-top-stories","32":"tag-topstories","33":"tag-uutiset"},"share_on_mastodon":{"url":"https:\/\/pubeurope.com\/@fi\/115832213086829027","error":""},"_links":{"self":[{"href":"https:\/\/www.europesays.com\/fi\/wp-json\/wp\/v2\/posts\/132567","targetHints":{"allow":["GET"]}}],"collection":[{"href":"https:\/\/www.europesays.com\/fi\/wp-json\/wp\/v2\/posts"}],"about":[{"href":"https:\/\/www.europesays.com\/fi\/wp-json\/wp\/v2\/types\/post"}],"author":[{"embeddable":true,"href":"https:\/\/www.europesays.com\/fi\/wp-json\/wp\/v2\/users\/2"}],"replies":[{"embeddable":true,"href":"https:\/\/www.europesays.com\/fi\/wp-json\/wp\/v2\/comments?post=132567"}],"version-history":[{"count":0,"href":"https:\/\/www.europesays.com\/fi\/wp-json\/wp\/v2\/posts\/132567\/revisions"}],"wp:featuredmedia":[{"embeddable":true,"href":"https:\/\/www.europesays.com\/fi\/wp-json\/wp\/v2\/media\/132568"}],"wp:attachment":[{"href":"https:\/\/www.europesays.com\/fi\/wp-json\/wp\/v2\/media?parent=132567"}],"wp:term":[{"taxonomy":"category","embeddable":true,"href":"https:\/\/www.europesays.com\/fi\/wp-json\/wp\/v2\/categories?post=132567"},{"taxonomy":"post_tag","embeddable":true,"href":"https:\/\/www.europesays.com\/fi\/wp-json\/wp\/v2\/tags?post=132567"}],"curies":[{"name":"wp","href":"https:\/\/api.w.org\/{rel}","templated":true}]}}