{"id":132598,"date":"2026-01-03T17:43:07","date_gmt":"2026-01-03T17:43:07","guid":{"rendered":"https:\/\/www.europesays.com\/fi\/132598\/"},"modified":"2026-01-03T17:43:07","modified_gmt":"2026-01-03T17:43:07","slug":"skn-jattilista-valta-keskittyy-naille-satakunnan-karkihahmoille-joukossa-yksi-alle-30-vuotias","status":"publish","type":"post","link":"https:\/\/www.europesays.com\/fi\/132598\/","title":{"rendered":"SK:n j\u00e4ttilista: Valta keskittyy n\u00e4ille Satakunnan k\u00e4rkihahmoille &#8211; Joukossa yksi alle 30-vuotias"},"content":{"rendered":"<p>Kenell\u00e4 on Satakunnassa vaikutusvaltaa? SK listasi puolen sataa kiinnostavaa nime\u00e4. Poliitikkojen, talousvaikuttajien, somettajien ja urheiluv\u00e4en lis\u00e4ksi joukossa on muutama yll\u00e4tt\u00e4v\u00e4 nimi.<\/p>\n<p class=\"article-body mb-nof-24 px-nof-16\">Satakunta<\/p>\n<p class=\"article-body mb-nof-24 px-nof-16\">Mit\u00e4 vaikutusvalta on? Millainen on vaikutusvaltainen henkil\u00f6? SK tarttui haasteeseen ja laati oman listansa maakunnan vaikutusvaltaisista. Tavoitteena oli koota mahdollisimman kattava joukko heit\u00e4, jotka vaikuttavat tavalla tai toisella Satakuntaan ja satakuntalaisiin.<\/p>\n","protected":false},"excerpt":{"rendered":"Kenell\u00e4 on Satakunnassa vaikutusvaltaa? SK listasi puolen sataa kiinnostavaa nime\u00e4. Poliitikkojen, talousvaikuttajien, somettajien ja urheiluv\u00e4en lis\u00e4ksi joukossa on&hellip;\n","protected":false},"author":2,"featured_media":132599,"comment_status":"","ping_status":"","sticky":false,"template":"","format":"standard","meta":{"footnotes":""},"categories":[76],"tags":[79,77,33,31,30,80,32,78],"class_list":{"0":"post-132598","1":"post","2":"type-post","3":"status-publish","4":"format-standard","5":"has-post-thumbnail","7":"category-talous","8":"tag-business","9":"tag-economy","10":"tag-fi","11":"tag-finland","12":"tag-finnish","13":"tag-satakunnan-kansa","14":"tag-suomi","15":"tag-talous"},"share_on_mastodon":{"url":"https:\/\/pubeurope.com\/@fi\/115832409534436984","error":""},"_links":{"self":[{"href":"https:\/\/www.europesays.com\/fi\/wp-json\/wp\/v2\/posts\/132598","targetHints":{"allow":["GET"]}}],"collection":[{"href":"https:\/\/www.europesays.com\/fi\/wp-json\/wp\/v2\/posts"}],"about":[{"href":"https:\/\/www.europesays.com\/fi\/wp-json\/wp\/v2\/types\/post"}],"author":[{"embeddable":true,"href":"https:\/\/www.europesays.com\/fi\/wp-json\/wp\/v2\/users\/2"}],"replies":[{"embeddable":true,"href":"https:\/\/www.europesays.com\/fi\/wp-json\/wp\/v2\/comments?post=132598"}],"version-history":[{"count":0,"href":"https:\/\/www.europesays.com\/fi\/wp-json\/wp\/v2\/posts\/132598\/revisions"}],"wp:featuredmedia":[{"embeddable":true,"href":"https:\/\/www.europesays.com\/fi\/wp-json\/wp\/v2\/media\/132599"}],"wp:attachment":[{"href":"https:\/\/www.europesays.com\/fi\/wp-json\/wp\/v2\/media?parent=132598"}],"wp:term":[{"taxonomy":"category","embeddable":true,"href":"https:\/\/www.europesays.com\/fi\/wp-json\/wp\/v2\/categories?post=132598"},{"taxonomy":"post_tag","embeddable":true,"href":"https:\/\/www.europesays.com\/fi\/wp-json\/wp\/v2\/tags?post=132598"}],"curies":[{"name":"wp","href":"https:\/\/api.w.org\/{rel}","templated":true}]}}