{"id":132600,"date":"2026-01-03T17:44:06","date_gmt":"2026-01-03T17:44:06","guid":{"rendered":"https:\/\/www.europesays.com\/fi\/132600\/"},"modified":"2026-01-03T17:44:06","modified_gmt":"2026-01-03T17:44:06","slug":"putinin-vasallit-kaatuvat-trump-horjuttaa-venajaa","status":"publish","type":"post","link":"https:\/\/www.europesays.com\/fi\/132600\/","title":{"rendered":"Putinin vasallit kaatuvat \u2013 Trump horjuttaa Ven\u00e4j\u00e4\u00e4"},"content":{"rendered":"<p class=\"paragraph\">Miksi USA ei vaadi <strong>Vladimir Putinia<\/strong> sotarikosoikeuteen?<\/p>\n<p class=\"paragraph\">Kysymys osoittaa, miksi Venezuelan presidentin vangitseminen \u2013 tai kaappaaminen \u2013 on ongelmallista.<\/p>\n<p class=\"paragraph\">Yhdysvaltain presidentti <strong>Donald Trump<\/strong> kuvailee v\u00e4lej\u00e4\u00e4n Ven\u00e4j\u00e4n diktaattoriin <strong>Vladimir Putiniin<\/strong> hyviksi. H\u00e4n ei pid\u00e4 Ven\u00e4j\u00e4n johtajaa sotarikollisena, toisin kuin edelt\u00e4j\u00e4ns\u00e4 <strong>Joe Biden<\/strong>.<\/p>\n<p class=\"paragraph\">Haagin sotarikostuomioistuin on antanut Putinista pid\u00e4tysm\u00e4\u00e4r\u00e4yksen, jonka esimerkiksi Suomi on hyv\u00e4ksynyt.<\/p>\n<p class=\"paragraph\">Trump ei anna arvoa kansainv\u00e4liselle oikeudelle eik\u00e4 s\u00e4\u00e4nt\u00f6pohjaiselle maailmanj\u00e4rjestykselle, vaan Yhdysvaltain presidentti ottaa oikeuden omiin k\u00e4siins\u00e4 aina, kun se h\u00e4nelle sopii.<\/p>\n<p class=\"paragraph\">Valkoisen talon is\u00e4nt\u00e4 kutsuu Venezuelan presidentti\u00e4 <strong>Nicolas<\/strong> <strong>Maduroa<\/strong> diktaattoriksi.<\/p>\n<p class=\"paragraph\">Maduro on v\u00e4\u00e4rent\u00e4nyt vaalituloksia ja rikastuttanut l\u00e4hipiiri\u00e4\u00e4n maan luonnonvaroilla. H\u00e4n on kleptokraatti, joka muodon vuoksi pit\u00e4\u00e4 itse\u00e4\u00e4n sosialistina.<\/p>\n<p class=\"paragraph\">H\u00e4nen kaltaisensa joutavat menn\u00e4, mutta historia todistaa, ett\u00e4 ulkoap\u00e4in toteutetut vallanvaihdokset tai niiden yritykset eiv\u00e4t v\u00e4ltt\u00e4m\u00e4tt\u00e4 p\u00e4\u00e4ty hyvin.<\/p>\n<p class=\"paragraph\">Kuuba, Vietnam, Irak ja Afganistan ovat esimerkkej\u00e4 Yhdysvaltain toisen maailmansodan j\u00e4lkeisist\u00e4 ep\u00e4onnistumisista.<\/p>\n<p class=\"paragraph\">Venezuelan demokratisoituminen olisi hienoa. Maa on \u00f6ljyvarannoiltaan niin rikas, ett\u00e4 venezuelalaisilla olisi teoriassa edellytykset norjalaisten kaltaiseen hyvinvointiin.<\/p>\n<p class=\"paragraph\">USA:n asevoimien hy\u00f6kk\u00e4ys suvereeniin l\u00e4hivaltioon on kuitenkin vaarassa romahduttaa kansainv\u00e4lisen oikeuden rippeet.<\/p>\n<p class=\"paragraph\">Putin ja Ven\u00e4j\u00e4n tulevat johtajat pystyv\u00e4t sanomaan, ett\u00e4 hekin haluavat maalleen sotilaallisen etupiirin, kun sellainen kerran on Yhdysvalloilla.<\/p>\n<p class=\"paragraph\">\u2013 Kenell\u00e4k\u00e4\u00e4n ei ole tuosta vain oikeutta hy\u00f6k\u00e4t\u00e4 toiseen maahan tai vaihtaa sen johto. Jos kansainv\u00e4linen s\u00e4\u00e4nt\u00f6pohjainen j\u00e4rjestys korvataan viidakon laeilla, siit\u00e4 k\u00e4rsiv\u00e4t eniten Suomen kaltaiset pienet maat, vihre\u00e4n eduskuntaryhm\u00e4n puheenjohtaja <strong>Oras<\/strong> <strong>Tynkkynen<\/strong> kirjoittaa kannanotossaan.<\/p>\n<p class=\"paragraph\">Tynkkynen ei ole diktatuurien my\u00f6t\u00e4ilij\u00e4. P\u00e4invastoin.<\/p>\n<p class=\"paragraph\">Vuonna 2014 h\u00e4n vastusti \u00e4\u00e4nekk\u00e4\u00e4sti Ven\u00e4j\u00e4n ydinaseyhti\u00f6n Rosatomin Suomeen kaavaillun ydinvoimahankkeen hyv\u00e4ksymist\u00e4 eduskunnassa.<\/p>\n<p class=\"paragraph\">Ihmisoikeuksien, vapauden ja demokratian kannalta on absurdia, ett\u00e4 ven\u00e4l\u00e4iset voivat argumentoida haluavansa vaihtaa Ukrainan johdon, koska amerikkalaiset vaihtavat Venezuelan johdon.<\/p>\n<p class=\"paragraph\">Tuohtumus Yhdysvaltain omavaltaisuudesta on ymm\u00e4rrett\u00e4v\u00e4\u00e4, mutta sen ei pid\u00e4 antaa sokaista.<\/p>\n<p class=\"paragraph\">Samaan aikaan on viile\u00e4n rationaalisesti pohdittava Trumpin Venezuela-operaation vaikutuksia.<\/p>\n<p class=\"paragraph\">Yhdysvallat on k\u00e4yt\u00e4nn\u00f6ss\u00e4 palannut sotilaalliseksi maailmanpoliisiksi, mill\u00e4 on kauaskantoisia vaikutuksia.<\/p>\n<p class=\"paragraph\">Venezuela on globaalissa peliss\u00e4 t\u00e4rke\u00e4 maa energiavarojensa takia, mutta se on my\u00f6s Kiinan ja Ven\u00e4j\u00e4n liittolainen.<\/p>\n<p class=\"paragraph\">Maduro todenn\u00e4k\u00f6isesti kuvitteli olevansa Putinin suojeluksessa. Ehk\u00e4 h\u00e4n sit\u00e4 olikin, mutta Ven\u00e4j\u00e4 on maailmanpolitiikassa niin heikko, ett\u00e4 se ei ole pystynyt pelastamaan vasallidiktaattoreitaan.<\/p>\n<p class=\"paragraph\">Syyrian <strong>Ba\u0161ar al-Assad<\/strong> kaatui ja el\u00e4\u00e4 maanpaossa Moskovassa, vaikka Ven\u00e4j\u00e4n armeijan piti suojella h\u00e4nt\u00e4. Maduro istuu amerikkalaisessa selliss\u00e4 ja odottaa oikeudenk\u00e4ynti\u00e4.<\/p>\n<p class=\"paragraph\">Iranin diktatuurinen pappisvaltio on aseistanut Ven\u00e4j\u00e4\u00e4, mutta Putin ei pystynyt est\u00e4m\u00e4\u00e4n Trumpin aiempaa hy\u00f6kk\u00e4yst\u00e4 Iraniin.<\/p>\n<p class=\"paragraph\">Eik\u00e4 Ven\u00e4j\u00e4ll\u00e4 ole voimaa puuttua tapahtumiin, jos USA alkaa puolustaa vapautta Teheranin kaduilla vaativia mielenosoittajia.<\/p>\n<p class=\"paragraph\">Trump on sanonut, ett\u00e4 Yhdysvallat reagoi, mik\u00e4li Iranin hallinto k\u00e4ytt\u00e4\u00e4 v\u00e4kivaltaa maan oppositiota vastaan.<\/p>\n<p class=\"paragraph\">Teot puhuvat puolestaan, eik\u00e4 Trumpin sanoja ole syyt\u00e4 ep\u00e4ill\u00e4.<\/p>\n<p class=\"paragraph\">Ven\u00e4j\u00e4 on lyhyess\u00e4 ajassa menett\u00e4nyt kaksi uskollista liittolaista ja on vaarassa menett\u00e4\u00e4 kolmannen.<\/p>\n<p class=\"paragraph\">Vasallidiktatuurien romahdus todistaa my\u00f6s maailman autorit\u00e4\u00e4risille johtajille, mihin Putinin kelkkaan hypp\u00e4\u00e4minen johtaa. Se vie kadotukseen.<\/p>\n<p class=\"paragraph\">Liittolaisten menett\u00e4minen murentaa Ven\u00e4j\u00e4n talouden pohjaa.<\/p>\n<p class=\"paragraph\">Kremlist\u00e4 on odotettavissa sit\u00e4 aggressiivisempaa retoriikkaa, mit\u00e4 vaikeammaksi Ven\u00e4j\u00e4n todellinen tilanne k\u00e4y.<\/p>\n<p class=\"paragraph\">Parhaimmassa tapauksessa Ven\u00e4j\u00e4n ja Ukrainan v\u00e4lille syntyy tammikuussa rauhansopimus. My\u00f6nteisen kehityksen todenn\u00e4k\u00f6isyytt\u00e4 lis\u00e4\u00e4 se, jos Ukrainan saamaa aseapua kasvatetaan.<\/p>\n<p class=\"paragraph\">Suomen valtionjohdon diplomaattista tasapainoilua helpottaa, ett\u00e4 Euroopan unioni ei pid\u00e4 Maduroa Venezuelan legitiimin\u00e4 johtajana.<\/p>\n<p class=\"paragraph\">Tasavallan presidentti <strong>Alexander Stubbin<\/strong> ja p\u00e4\u00e4ministeri <strong>Petteri Orpon<\/strong> (kok) hallituksen ei siis tarvitse tuomita Maduron vangitsemista jyrk\u00e4sti.<\/p>\n<p class=\"paragraph\">Valtionjohdolle riitt\u00e4nee, ett\u00e4 Suomi kehottaa aseellisesta voimank\u00e4yt\u00f6st\u00e4 pid\u00e4tt\u00e4ytymiseen ja korostaa yleisell\u00e4 tasolla kansainv\u00e4lisen oikeuden noudattamisen t\u00e4rkeytt\u00e4.<\/p>\n<p class=\"paragraph\">Trumpin m\u00e4\u00e4r\u00e4\u00e4m\u00e4 Venezuela-operaatio todistaa, ett\u00e4 Yhdysvallat toteuttaa uutta turvallisuusstrategiaansa. Siin\u00e4 l\u00e4ntinen pallonpuolisko k\u00e4yt\u00e4nn\u00f6ss\u00e4 m\u00e4\u00e4ritell\u00e4\u00e4n USA:n valtapiiriksi.<\/p>\n<p class=\"paragraph\">Monet pohtivat nyt, m\u00e4\u00e4r\u00e4\u00e4k\u00f6 Trump asevoimansa miehitt\u00e4m\u00e4\u00e4n Gr\u00f6nlannin.<\/p>\n<p class=\"paragraph\">Se johtaisi puolustusliitto Natossa kriisiin. Gr\u00f6nlanti on Nato-maa Tanskalle kuuluva itsehallintoalue.<\/p>\n<p class=\"paragraph\">Tanskalaiset my\u00f6s l\u00e4hettiv\u00e4t sotilaitaan Irakin ja Afganistanin verisimpiin paikkoihin amerikkalaisten rinnalle, mutta sit\u00e4 Trump ei tied\u00e4 tai halua muistaa.<\/p>\n<p class=\"paragraph\">Kovista Gr\u00f6nlanti-puheista huolimatta Trumpille riitt\u00e4nee, ett\u00e4 Yhdysvallat saa sijoittaa lis\u00e4\u00e4 joukkojaan ja ohjusten torjuntaj\u00e4rjestelmi\u00e4\u00e4n Gr\u00f6nlantiin.<\/p>\n<p class=\"paragraph\">Ydinohjusten lentorata Ven\u00e4j\u00e4lt\u00e4 amerikkalaisiin kaupunkeihin kulkisi Gr\u00f6nlannin ylitse. Karttaa ja maapallon muotoa katsomalla ymm\u00e4rt\u00e4\u00e4, miksi USA:n asevoimien ylip\u00e4\u00e4llikk\u00f6 Trump on kiinnostunut Gr\u00f6nlannin hallinnasta.<\/p>\n<p class=\"paragraph\">Natossa pystytt\u00e4neen sorvaamaan sopimus siit\u00e4, ett\u00e4 USA vahvistaa l\u00e4sn\u00e4oloaan Gr\u00f6nlannissa ja ett\u00e4 gr\u00f6nlantilaiset s\u00e4ilytt\u00e4v\u00e4t itsehallintonsa osana Tanskaa.<\/p>\n<p class=\"paragraph\">Suomen kannattaa jatkaa politiikkaansa, jossa Yhdysvallat pyrit\u00e4\u00e4n sitouttamaan my\u00f6s Suomen Lapin puolustamiseen.<\/p>\n<p class=\"paragraph\">Vaikka Maduron vangitseminen tuntuu dramaattiselta ja pakottaa pohtimaan, mit\u00e4 Trump tekee seuraavaksi, ilmassa on my\u00f6s hyvi\u00e4 merkkej\u00e4.<\/p>\n<p class=\"paragraph\">Putinin imperialismin hovifilosofina pidetty <strong>Alexander Dugin<\/strong> purnaa viestipalvelu X:ss\u00e4 Trumpin politiikasta ja tuomitsee sen. Ahdistus Kremliss\u00e4 taitaa sittenkin kasvaa.<\/p>\n","protected":false},"excerpt":{"rendered":"Miksi USA ei vaadi Vladimir Putinia sotarikosoikeuteen? Kysymys osoittaa, miksi Venezuelan presidentin vangitseminen \u2013 tai kaappaaminen \u2013 on&hellip;\n","protected":false},"author":2,"featured_media":132601,"comment_status":"","ping_status":"","sticky":false,"template":"","format":"standard","meta":{"footnotes":""},"categories":[14],"tags":[35,22,23,26,27,33,31,30,17,24,25,28,29,15,18,21,142,637,144,32,19,20,56,16,638,59,60,61,143],"class_list":{"0":"post-132600","1":"post","2":"type-post","3":"status-publish","4":"format-standard","5":"has-post-thumbnail","7":"category-ulkomaat","8":"tag-24h","9":"tag-breaking-news","10":"tag-breakingnews","11":"tag-featured-news","12":"tag-featurednews","13":"tag-fi","14":"tag-finland","15":"tag-finnish","16":"tag-headlines","17":"tag-latest-news","18":"tag-latestnews","19":"tag-main-news","20":"tag-mainnews","21":"tag-news","22":"tag-otsikot","23":"tag-paauutiset","24":"tag-poliitikot","25":"tag-politiikka","26":"tag-presidentti","27":"tag-suomi","28":"tag-top-stories","29":"tag-topstories","30":"tag-ulkomaat","31":"tag-uutiset","32":"tag-valtiovalta","33":"tag-world","34":"tag-world-news","35":"tag-worldnews","36":"tag-yhdysvaltain-politiikka"},"share_on_mastodon":{"url":"https:\/\/pubeurope.com\/@fi\/115832413428519455","error":""},"_links":{"self":[{"href":"https:\/\/www.europesays.com\/fi\/wp-json\/wp\/v2\/posts\/132600","targetHints":{"allow":["GET"]}}],"collection":[{"href":"https:\/\/www.europesays.com\/fi\/wp-json\/wp\/v2\/posts"}],"about":[{"href":"https:\/\/www.europesays.com\/fi\/wp-json\/wp\/v2\/types\/post"}],"author":[{"embeddable":true,"href":"https:\/\/www.europesays.com\/fi\/wp-json\/wp\/v2\/users\/2"}],"replies":[{"embeddable":true,"href":"https:\/\/www.europesays.com\/fi\/wp-json\/wp\/v2\/comments?post=132600"}],"version-history":[{"count":0,"href":"https:\/\/www.europesays.com\/fi\/wp-json\/wp\/v2\/posts\/132600\/revisions"}],"wp:featuredmedia":[{"embeddable":true,"href":"https:\/\/www.europesays.com\/fi\/wp-json\/wp\/v2\/media\/132601"}],"wp:attachment":[{"href":"https:\/\/www.europesays.com\/fi\/wp-json\/wp\/v2\/media?parent=132600"}],"wp:term":[{"taxonomy":"category","embeddable":true,"href":"https:\/\/www.europesays.com\/fi\/wp-json\/wp\/v2\/categories?post=132600"},{"taxonomy":"post_tag","embeddable":true,"href":"https:\/\/www.europesays.com\/fi\/wp-json\/wp\/v2\/tags?post=132600"}],"curies":[{"name":"wp","href":"https:\/\/api.w.org\/{rel}","templated":true}]}}