{"id":132602,"date":"2026-01-03T17:45:10","date_gmt":"2026-01-03T17:45:10","guid":{"rendered":"https:\/\/www.europesays.com\/fi\/132602\/"},"modified":"2026-01-03T17:45:10","modified_gmt":"2026-01-03T17:45:10","slug":"henkiloauto-tormasi-peuraan-valtatie-11lla-ulvilassa","status":"publish","type":"post","link":"https:\/\/www.europesays.com\/fi\/132602\/","title":{"rendered":"Henkil\u00f6auto t\u00f6rm\u00e4si peuraan valtatie 11:ll\u00e4 Ulvilassa"},"content":{"rendered":"<p>Autossa yksin ollut kuljettaja ei loukkaantunut onnettomuudessa.<\/p>\n<p class=\"article-body mb-nof-24 px-nof-16\">Ulvila<\/p>\n<p class=\"article-body mb-nof-24 px-nof-16\">Henkil\u00f6auto t\u00f6rm\u00e4si peuraan valtatie 11:ll\u00e4 Ulvilassa l\u00e4hell\u00e4 Porin asfalttiaseman risteyst\u00e4 lauantaina iltap\u00e4iv\u00e4ll\u00e4.<\/p>\n<p class=\"article-body mb-nof-24 px-nof-16\">Autossa oli vain kuljettaja, joka ei loukkaantunut onnettomuudessa. Peura juoksi t\u00f6rm\u00e4yksen j\u00e4lkeen loukkaantuneena mets\u00e4\u00e4n, eik\u00e4 sen tilasta ole tietoa.<\/p>\n<p class=\"article-body mb-nof-24 px-nof-16\">Auto vaurioitui hinauskuntoiseksi, mutta onnettomuudesta ei ollut merkitt\u00e4v\u00e4\u00e4 liikennehaittaa.<\/p>\n<p class=\"article-body mb-nof-24 px-nof-16\">Pelastuslaitos sai h\u00e4lytyksen paikalle kello 16.40.<\/p>\n","protected":false},"excerpt":{"rendered":"Autossa yksin ollut kuljettaja ei loukkaantunut onnettomuudessa. Ulvila Henkil\u00f6auto t\u00f6rm\u00e4si peuraan valtatie 11:ll\u00e4 Ulvilassa l\u00e4hell\u00e4 Porin asfalttiaseman risteyst\u00e4&hellip;\n","protected":false},"author":2,"featured_media":2527,"comment_status":"","ping_status":"","sticky":false,"template":"","format":"standard","meta":{"footnotes":""},"categories":[12],"tags":[22,23,26,27,33,31,30,17,24,25,28,29,15,18,21,80,32,19,20,16],"class_list":{"0":"post-132602","1":"post","2":"type-post","3":"status-publish","4":"format-standard","5":"has-post-thumbnail","7":"category-suomi","8":"tag-breaking-news","9":"tag-breakingnews","10":"tag-featured-news","11":"tag-featurednews","12":"tag-fi","13":"tag-finland","14":"tag-finnish","15":"tag-headlines","16":"tag-latest-news","17":"tag-latestnews","18":"tag-main-news","19":"tag-mainnews","20":"tag-news","21":"tag-otsikot","22":"tag-paauutiset","23":"tag-satakunnan-kansa","24":"tag-suomi","25":"tag-top-stories","26":"tag-topstories","27":"tag-uutiset"},"share_on_mastodon":{"url":"https:\/\/pubeurope.com\/@fi\/115832417646763374","error":""},"_links":{"self":[{"href":"https:\/\/www.europesays.com\/fi\/wp-json\/wp\/v2\/posts\/132602","targetHints":{"allow":["GET"]}}],"collection":[{"href":"https:\/\/www.europesays.com\/fi\/wp-json\/wp\/v2\/posts"}],"about":[{"href":"https:\/\/www.europesays.com\/fi\/wp-json\/wp\/v2\/types\/post"}],"author":[{"embeddable":true,"href":"https:\/\/www.europesays.com\/fi\/wp-json\/wp\/v2\/users\/2"}],"replies":[{"embeddable":true,"href":"https:\/\/www.europesays.com\/fi\/wp-json\/wp\/v2\/comments?post=132602"}],"version-history":[{"count":0,"href":"https:\/\/www.europesays.com\/fi\/wp-json\/wp\/v2\/posts\/132602\/revisions"}],"wp:featuredmedia":[{"embeddable":true,"href":"https:\/\/www.europesays.com\/fi\/wp-json\/wp\/v2\/media\/2527"}],"wp:attachment":[{"href":"https:\/\/www.europesays.com\/fi\/wp-json\/wp\/v2\/media?parent=132602"}],"wp:term":[{"taxonomy":"category","embeddable":true,"href":"https:\/\/www.europesays.com\/fi\/wp-json\/wp\/v2\/categories?post=132602"},{"taxonomy":"post_tag","embeddable":true,"href":"https:\/\/www.europesays.com\/fi\/wp-json\/wp\/v2\/tags?post=132602"}],"curies":[{"name":"wp","href":"https:\/\/api.w.org\/{rel}","templated":true}]}}