{"id":132605,"date":"2026-01-03T17:58:07","date_gmt":"2026-01-03T17:58:07","guid":{"rendered":"https:\/\/www.europesays.com\/fi\/132605\/"},"modified":"2026-01-03T17:58:07","modified_gmt":"2026-01-03T17:58:07","slug":"jenni-haukiolta-harvinainen-paljastus-seiska","status":"publish","type":"post","link":"https:\/\/www.europesays.com\/fi\/132605\/","title":{"rendered":"Jenni Haukiolta harvinainen paljastus | Seiska"},"content":{"rendered":"<p>            Lars H. Laursen\n        <\/p>\n<p class=\"subtitle \">Jenni julkaisi erikoisen kurkistuksen perhe-el\u00e4m\u00e4\u00e4n.<\/p>\n<p class=\"article-content article-content-width !bg-background\">Presidentti  ja runoilijana tunnetun  perheess\u00e4 elet\u00e4\u00e4n paraikaa ensimm\u00e4ist\u00e4 joulua, pienen koululaisen kanssa.<\/p>\n<p class=\"font-weight-bold m-font-weight-bold article-content article-content-width !bg-background\">Katso my\u00f6s! Sauli Niinist\u00f6n haastattelu hein\u00e4kuulta:<\/p>\n<p class=\"article-content article-content-width !bg-background\">7-vuotias -poika on nyt ensimm\u00e4ist\u00e4 kertaa p\u00e4\u00e4ssyt nauttimaan peruskoulun joululomasta, ja pyhien vietto n\u00e4ytt\u00e4\u00e4 kuluneen perheess\u00e4 varsin perinteisiss\u00e4 merkeiss\u00e4.<\/p>\n<p>Harvinainen julkaisu<\/p>\n<p class=\"article-content article-content-width !bg-background\">Jenni piristi omia<a href=\"https:\/\/www.facebook.com\/jenni.haukio\" target=\"_blank\" rel=\"nofollow noopener\"> Facebook<\/a>-sivujaan 23. joulukuuta julkaisemalla otoksen mit\u00e4 ilmeisimmin Haukion ja Niinist\u00f6n perheen joulukuusesta. Kuusen oksilla komeilee joulupalloja sek\u00e4 valkoinen lappu, joka toivottaa joulun iloa.<\/p>\n<p class=\"article-content article-content-width !bg-background\">Teksti n\u00e4ytt\u00e4\u00e4 mit\u00e4 ilmeisimmin lapsen tekem\u00e4lt\u00e4, ja kommenteissa arvailtiinkin Aaron oppineen jo kirjoittamaan.<\/p>\n<p class=\"article-content article-content-width !bg-background\"> \u2013\u00a0 Hienosti Aaro jo kirjoittaa!, er\u00e4s kommentoijista kehuu.<\/p>\n<p class=\"article-content article-content-width !bg-background\">Lapun takana olevasta kultaisesta joulupallosta heijastuu puhelimella kuvia r\u00e4psiv\u00e4 Jenni, sek\u00e4 taustalla oleva olohuone.\u00a0Siviiliel\u00e4m\u00e4ns\u00e4 hyvin yksityisen\u00e4 pit\u00e4v\u00e4t Jenni ja Sauli harvoin raottavat koti-olojaan julkisuuteen, joten jo pienikin kurkistus perheen tiluksille on heid\u00e4n kohdallaan harvinaisuus.<\/p>\n<p>        <a itemprop=\"url\" href=\"https:\/\/www.seiska.fi\/vain-seiskassa\/jenni-haukio-muutti-pois-espoon-kodista-bongattiin-ilman-vihkisormusta\/1455413\" rel=\"nofollow noopener\" target=\"_blank\"><\/p>\n<p class=\"section-date\">\n        <strong class=\"article-section\" data-section=\"vain seiskassa\"><br \/>\n            vain seiskassa<br \/>\n        <\/strong><br \/>\n        12.9.2024 05:30\n    <\/p>\n<p>Jenni Haukio muutti pois Espoon-kodista \u2013 bongattiin ilman vihkisormusta\n    <\/p>\n<p itemprop=\"description\" class=\"subtitle \">\n    Jenni Haukion el\u00e4m\u00e4ss\u00e4 tapahtuu juuri nyt suuria muutoksia.\n<\/p>\n<p>        <\/a><\/p>\n<p>El\u00e4m\u00e4\u00e4 pienen koululaisen kanssa<\/p>\n<p class=\"article-content article-content-width !bg-background\">Helmikuun 2. p\u00e4iv\u00e4 kahdeksan vuotta t\u00e4ytt\u00e4v\u00e4 Aaro k\u00e4y paraikaa peruskoulun ensimm\u00e4ist\u00e4 luokkaa. Vuonna 2024 presidentin virasta sivuun siirtyny Sauli nauttii paraikaa el\u00e4m\u00e4st\u00e4\u00e4n el\u00e4kel\u00e4isen\u00e4. H\u00e4nt\u00e4 on kuitenkin n\u00e4hty viime vuoden puolellakin jos jonkinmoisissa edustusteht\u00e4viss\u00e4 ja tempauksissa: Sauli otti osaa muun muassa hein\u00e4kuussa\u00a0ITF Helsinki Midnight Sun -senioritenniksen kansainv\u00e4liseen juhlaturnaukseen, sek\u00e4 lokakuussa Salossa j\u00e4rjestettyihin Kurpitsaviikkoihin.<\/p>\n<p>                <img decoding=\"async\" src=\"https:\/\/www.europesays.com\/fi\/wp-content\/uploads\/2026\/01\/2036860.webp.jpeg\" width=\"576\" height=\"720\" alt=\"Sauli ja Jenni astelivat Itsen\u00e4isyysp\u00e4iv\u00e4n\u00e4 Presidentinlinnaan k\u00e4ttelem\u00e4\u00e4n Suomen tasavallan vallitsevaa presidenttiparia n\u00e4ytt\u00e4v\u00e4sti.\" loading=\"lazy\" \/>            <\/p>\n<p>\n            Sauli ja Jenni astelivat Itsen\u00e4isyysp\u00e4iv\u00e4n\u00e4 Presidentinlinnaan k\u00e4ttelem\u00e4\u00e4n Suomen tasavallan vallitsevaa presidenttiparia n\u00e4ytt\u00e4v\u00e4sti.<br \/>\n            Timo Korhonen\n        <\/p>\n<p class=\"article-content article-content-width !bg-background\">Jenni puolestaan on yh\u00e4 ty\u00f6el\u00e4m\u00e4ss\u00e4 ahertava uraohjus, joka kantaa t\u00e4ll\u00e4kin hetkell\u00e4 montaa eri titteli\u00e4 harteillaan. Elokuussa 2024 Jenni aloitti kustannusosakeyhti\u00f6 WSOY:n yhteiskuntasuhteiden vastaavana johtajana, miss\u00e4 h\u00e4n ty\u00f6skentelee edelleen. Samaisena vuonna h\u00e4net valittiin my\u00f6s\u00a0V\u00e4in\u00f6 Linnan seura Ry:n hallituksen asiantuntijaj\u00e4seneksi, sek\u00e4\u00a0Medialiiton hallituksen j\u00e4seneksi kaudelle 2025\u20132026. <\/p>\n<p>        <a itemprop=\"url\" href=\"https:\/\/www.seiska.fi\/kotimaa\/jenni-haukiolle-ilouutinen\/2011126\" rel=\"nofollow noopener\" target=\"_blank\"><\/p>\n<p>\nJenni Haukio:\n<\/p>\n<p class=\"section-date\">\n        <strong class=\"article-section\" data-section=\"kotimaa\"><br \/>\n            kotimaa<br \/>\n        <\/strong><br \/>\n        4.12.2025 07:30\n    <\/p>\n<p>Jenni Haukiolle ilouutinen\n    <\/p>\n<p itemprop=\"description\" class=\"subtitle \">\n    Jenni jakoi t\u00e4rke\u00e4n uutisen Facebookissa.\n<\/p>\n<p>        <\/a><\/p>\n<p class=\"article-content article-content-width !bg-background\">Jenni ja Sauli asuttavat viimeisimm\u00e4n tiedon mukaan kotiaan niin Espoon Laaksolahdessa kuin Helsingin Munkkiniemess\u00e4kin.<\/p>\n","protected":false},"excerpt":{"rendered":"Lars H. Laursen Jenni julkaisi erikoisen kurkistuksen perhe-el\u00e4m\u00e4\u00e4n. Presidentti ja runoilijana tunnetun perheess\u00e4 elet\u00e4\u00e4n paraikaa ensimm\u00e4ist\u00e4 joulua, pienen&hellip;\n","protected":false},"author":2,"featured_media":132606,"comment_status":"","ping_status":"","sticky":false,"template":"","format":"standard","meta":{"footnotes":""},"categories":[136],"tags":[20163,407,137,33,31,30,7168,5856,408,212,3295,1553,32,109],"class_list":{"0":"post-132605","1":"post","2":"type-post","3":"status-publish","4":"format-standard","5":"has-post-thumbnail","7":"category-julkkikset","8":"tag-aaro","9":"tag-celebrities","10":"tag-entertainment","11":"tag-fi","12":"tag-finland","13":"tag-finnish","14":"tag-jenni-haukio","15":"tag-joulu","16":"tag-julkkikset","17":"tag-lifestyle","18":"tag-perhe-elama","19":"tag-sauli-niinisto","20":"tag-suomi","21":"tag-viihde"},"share_on_mastodon":{"url":"https:\/\/pubeurope.com\/@fi\/115832468483360167","error":""},"_links":{"self":[{"href":"https:\/\/www.europesays.com\/fi\/wp-json\/wp\/v2\/posts\/132605","targetHints":{"allow":["GET"]}}],"collection":[{"href":"https:\/\/www.europesays.com\/fi\/wp-json\/wp\/v2\/posts"}],"about":[{"href":"https:\/\/www.europesays.com\/fi\/wp-json\/wp\/v2\/types\/post"}],"author":[{"embeddable":true,"href":"https:\/\/www.europesays.com\/fi\/wp-json\/wp\/v2\/users\/2"}],"replies":[{"embeddable":true,"href":"https:\/\/www.europesays.com\/fi\/wp-json\/wp\/v2\/comments?post=132605"}],"version-history":[{"count":0,"href":"https:\/\/www.europesays.com\/fi\/wp-json\/wp\/v2\/posts\/132605\/revisions"}],"wp:featuredmedia":[{"embeddable":true,"href":"https:\/\/www.europesays.com\/fi\/wp-json\/wp\/v2\/media\/132606"}],"wp:attachment":[{"href":"https:\/\/www.europesays.com\/fi\/wp-json\/wp\/v2\/media?parent=132605"}],"wp:term":[{"taxonomy":"category","embeddable":true,"href":"https:\/\/www.europesays.com\/fi\/wp-json\/wp\/v2\/categories?post=132605"},{"taxonomy":"post_tag","embeddable":true,"href":"https:\/\/www.europesays.com\/fi\/wp-json\/wp\/v2\/tags?post=132605"}],"curies":[{"name":"wp","href":"https:\/\/api.w.org\/{rel}","templated":true}]}}