{"id":132611,"date":"2026-01-03T18:07:12","date_gmt":"2026-01-03T18:07:12","guid":{"rendered":"https:\/\/www.europesays.com\/fi\/132611\/"},"modified":"2026-01-03T18:07:12","modified_gmt":"2026-01-03T18:07:12","slug":"kommentti-silloin-porollakin-oli-kylma","status":"publish","type":"post","link":"https:\/\/www.europesays.com\/fi\/132611\/","title":{"rendered":"Kommentti: Silloin porollakin oli kylm\u00e4"},"content":{"rendered":"<p><a class=\"cursor-pointer underline\" data-testid=\"internal-link\" role=\"link\" data-sentry-element=\"Link\" data-sentry-component=\"InternalLink\" data-sentry-source-file=\"InternalLink.tsx\" href=\"https:\/\/www.mtvuutiset.fi\/artikkeli\/vuosi-alkaa-paukkupakkasilla-loppukuussa-tilanne-on-toinen\/9277344\" rel=\"nofollow noopener\" target=\"_blank\"><strong class=\"typography-bold\">Tuore kuukausiennuste<\/strong><\/a><strong class=\"typography-bold\"> lupaa hyyt\u00e4v\u00e4\u00e4 tammikuun alkua Suomeen. Pakkaseen voi varautua, mutta luontoa vastaan ei voi taistella, kirjoittaa Lapissa asuva MTV Uutisten toimittaja Saara Rantanen.<\/strong><\/p>\n<p>Pakkanen on hyvin yksiselitteinen asia: kun l\u00e4mp\u00f6tila painuu miinukselle, on pakkasta. Siit\u00e4 eteenp\u00e4in mik\u00e4\u00e4n ei ole selv\u00e4\u00e4.<\/p>\n<p>Lapissa voi helposti olla pakkasta 25 astetta, eik\u00e4 sit\u00e4 pidet\u00e4 juuri min\u00e4\u00e4n. Lapissa pakkanen on kuivaa, joten se ei tunnu erityisen pahalta, jos ei tuule. Tuuli tekee pakkasesta pelottavan. My\u00f6s kosteuden ja pakkasen yhdistelm\u00e4 on kaamea. Helsingin -10 voi tuntua yht\u00e4 kylm\u00e4lt\u00e4 kuin Lapin -25 astetta. L\u00e4mp\u00f6mittarin lukema on vain keskustelun alkupiste. L\u00e4mp\u00f6tila, kosteus ja tuuli yhdess\u00e4 tekev\u00e4t kylm\u00e4st\u00e4 kylm\u00e4n.<\/p>\n<p>Toinen tekij\u00e4 on tottumus. Lapissa pakkasiin on totuttu. Kyll\u00e4 t\u00e4\u00e4ll\u00e4kin asuu ihmisi\u00e4, joita palelee herkemmin kuin toisia. Kyll\u00e4 t\u00e4\u00e4ll\u00e4kin manataan kylm\u00e4\u00e4, mutta koska pakkaset tulevat joka vuosi, niihin on varauduttu. Lapissa osataan pukeutua s\u00e4\u00e4n edellytt\u00e4m\u00e4ll\u00e4 tavalla.<\/p>\n<p>Kovalla pakkasella kaikki pukeutuvat toppahousuihin. Niiden alla on sitten ne tavalliset sis\u00e4vaatteet, joita itse kukin k\u00e4ytt\u00e4\u00e4 vaikka ty\u00f6paikallaan. Lapissa huonel\u00e4mp\u00f6tilat ovat samoja kuin Etel\u00e4-Suomessakin.<\/p>\n<p>Pohjoisen ja etel\u00e4n eron huomaa esimerkiksi talojen eteisiss\u00e4. Pohjoisen talouksissa eteisiss\u00e4 on paljon enemm\u00e4n vaatteita kuin etel\u00e4ss\u00e4. Kelkkahaalareita, toppahousuja, talvitakkeja, huiveja, pipoja, hanskoja, kinttaita, lapasia ja talvikenki\u00e4 eri olosuhteisiin on sellaisia m\u00e4\u00e4ri\u00e4, ett\u00e4 etel\u00e4ss\u00e4 harvoin n\u00e4kee.<\/p>\n<p>Etel\u00e4l\u00e4isen\u00e4 minulla on ollut opettelemista pakkasiin pukeutumisessa. Ensiksi opin, ett\u00e4 liian isot keng\u00e4t ovat oikean kokoiset keng\u00e4t. Kenkiin pit\u00e4\u00e4 n\u00e4et mahtua villasukkia ja viel\u00e4 senkin j\u00e4lkeen pit\u00e4\u00e4 j\u00e4\u00e4d\u00e4 tilaa ilmalle, joka lopulta on paras eriste. My\u00f6hemmin olen tullut hankkineeksi my\u00f6s karvalakin ja kelkkatakin sek\u00e4 vy\u00f6n, jonka k\u00e4ytt\u00e4misest\u00e4 toppatakin p\u00e4\u00e4ll\u00e4 en tiennyt mit\u00e4\u00e4n etel\u00e4ss\u00e4 asuessani.<\/p>\n<p>Ja vaikkeivat n\u00e4m\u00e4 vaatteita olekaan my\u00f6s heijastinvarastoni on karttunut ja otsalamppuja olen hankkinut jopa useita. Pakkasella, pime\u00e4ll\u00e4 haja-asutusalueella jalankulkijan on syyt\u00e4 n\u00e4hd\u00e4 ja n\u00e4ky\u00e4.<\/p>\n<p>Kovissa pakkasissa ja pime\u00e4ss\u00e4 on ihan mahdollista p\u00e4rj\u00e4t\u00e4 ja nauttia luonnosta, mutta varusteiden on syyt\u00e4 olla kunnossa.<\/p>\n<p><img alt=\"Saara huurussa\" data-testid=\"crops-image\" class=\"h-full w-full object-cover transition duration-700 ease-in-out hover:scale-[1.05]\" fetchpriority=\"low\" loading=\"lazy\" width=\"1024\" height=\"576\" decoding=\"async\" style=\"color:transparent;background-size:cover;background-position:50% 50%;background-repeat:no-repeat;background-image:url(&quot;data:image\/svg+xml;base64,Cjxzdmcgd2lkdGg9IjEwMjQiIGhlaWdodD0iNTc2IiB2ZXJzaW9uPSIxLjEiIHhtbG5zPSJodHRwOi8vd3d3LnczLm9yZy8yMDAwL3N2ZyIgeG1sbnM6eGxpbms9Imh0dHA6Ly93d3cudzMub3JnLzE5OTkveGxpbmsiPgogIDxkZWZzPgogICAgPGxpbmVhckdyYWRpZW50IGlkPSJnIj4KICAgICAgPHN0b3Agc3RvcC1jb2xvcj0iIzBCMTgyMyIgb2Zmc2V0PSIyMCUiIC8+CiAgICAgIDxzdG9wIHN0b3AtY29sb3I9IiMxQTI3MzIiIG9mZnNldD0iNTAlIiAvPgogICAgICA8c3RvcCBzdG9wLWNvbG9yPSIjMEIxODIzIiBvZmZzZXQ9IjcwJSIgLz4KICAgIDwvbGluZWFyR3JhZGllbnQ+CiAgPC9kZWZzPgogIDxyZWN0IHdpZHRoPSIxMDI0IiBoZWlnaHQ9IjU3NiIgZmlsbD0iIzBCMTgyMyIgLz4KICA8cmVjdCBpZD0iciIgd2lkdGg9IjEwMjQiIGhlaWdodD0iNTc2IiBmaWxsPSJ1cmwoI2cpIiAvPgogIDxhbmltYXRlIHhsaW5rOmhyZWY9IiNyIiBhdHRyaWJ1dGVOYW1lPSJ4IiBmcm9tPSItMTAyNCIgdG89IjEwMjQiIGR1cj0iMXMiIHJlcGVhdENvdW50PSJpbmRlZmluaXRlIiAgLz4KPC9zdmc+&quot;)\" src=\"https:\/\/www.europesays.com\/fi\/wp-content\/uploads\/2026\/01\/1767463632_174_image.jpeg\"\/><\/p>\n<p><strong class=\"typography-bold\">Juttukeikalla Lapin talvessa<\/strong><\/p>\n<p>Kun l\u00e4hden pakkasilla juttukeikoille eri puolille Lappia, ei nopeakaan l\u00e4ht\u00f6 ole erityisen nopea, jos pakkanen on kire\u00e4. Autoa pit\u00e4\u00e4 n\u00e4et l\u00e4mmitt\u00e4\u00e4 ennen l\u00e4ht\u00f6\u00e4. Diesel kun ei ole \u00e4rh\u00e4kin k\u00e4ynnistyj\u00e4. Kovassa pakkasessa auto voi my\u00f6s hajota kesken reissun ihan vaan siksi, ett\u00e4 on niin kova pakkanen. Minulle sattui t\u00e4m\u00e4 viime talvena, kun pakkasta oli 30 astetta.<\/p>\n<p>Sellaisten odottamattomien pys\u00e4hdysten varalta pit\u00e4\u00e4 mukana olla kunnolla vaatetta, vaikka tarkoitus olisikin ajaa ovelta ovelle ja tehd\u00e4 haastattelu sis\u00e4tiloissa.<\/p>\n<p>Tietenkin suosin ulkona kuvaamista, mutta se taas on kovin rasittavaa kalustolle. Olen ommellut puhelimelleni pienen &#8221;peskin&#8221; ja mikrofonin vastaanottimen &#8221;toppahousut&#8221; ovat ty\u00f6n alla. Kehittelen koko ajan uusia ratkaisuja suojamaan kalustoa kylm\u00e4lt\u00e4. Kyselen norjalaisilta ja kanadalaisilta kollegoilta vinkkej\u00e4 kaluston l\u00e4mmitt\u00e4miseen. On k\u00e4ynyt ilmi, ett\u00e4 konstit ovat monet. Ja samalla on selvinnyt sekin, ettei mik\u00e4\u00e4n laite tai konsti auta, jos luonto p\u00e4\u00e4tt\u00e4\u00e4 toisin.<\/p>\n<p>T\u00e4n\u00e4\u00e4n kuulin poronhoitajalta tapauksen vuodelta 1999, jolloin pakkasta oli ollut yli 50 astetta ja joukko poroja oli kaivautunut hein\u00e4ladon heinien sis\u00e4\u00e4n l\u00e4mmittelem\u00e4\u00e4n. Jos porolla on kylm\u00e4, se nostelee jalkojaan. En ole sellaista n\u00e4hnyt, mutta t\u00e4n\u00e4\u00e4n opin, ett\u00e4 poroakin voi palella.\u00a0<\/p>\n<p>Jos pakkasta on niin paljon, ett\u00e4 poroa viluttaa, min\u00e4 j\u00e4\u00e4n tupahommiin. Luontoa vastaan on turha tapella, ihminen j\u00e4\u00e4 aina toiseksi.<\/p>\n","protected":false},"excerpt":{"rendered":"Tuore kuukausiennuste lupaa hyyt\u00e4v\u00e4\u00e4 tammikuun alkua Suomeen. Pakkaseen voi varautua, mutta luontoa vastaan ei voi taistella, kirjoittaa Lapissa&hellip;\n","protected":false},"author":2,"featured_media":132612,"comment_status":"","ping_status":"","sticky":false,"template":"","format":"standard","meta":{"footnotes":""},"categories":[112],"tags":[33,31,30,118,32,119],"class_list":{"0":"post-132611","1":"post","2":"type-post","3":"status-publish","4":"format-standard","5":"has-post-thumbnail","7":"category-tiede","8":"tag-fi","9":"tag-finland","10":"tag-finnish","11":"tag-science","12":"tag-suomi","13":"tag-tiede"},"share_on_mastodon":{"url":"https:\/\/pubeurope.com\/@fi\/115832503869273918","error":""},"_links":{"self":[{"href":"https:\/\/www.europesays.com\/fi\/wp-json\/wp\/v2\/posts\/132611","targetHints":{"allow":["GET"]}}],"collection":[{"href":"https:\/\/www.europesays.com\/fi\/wp-json\/wp\/v2\/posts"}],"about":[{"href":"https:\/\/www.europesays.com\/fi\/wp-json\/wp\/v2\/types\/post"}],"author":[{"embeddable":true,"href":"https:\/\/www.europesays.com\/fi\/wp-json\/wp\/v2\/users\/2"}],"replies":[{"embeddable":true,"href":"https:\/\/www.europesays.com\/fi\/wp-json\/wp\/v2\/comments?post=132611"}],"version-history":[{"count":0,"href":"https:\/\/www.europesays.com\/fi\/wp-json\/wp\/v2\/posts\/132611\/revisions"}],"wp:featuredmedia":[{"embeddable":true,"href":"https:\/\/www.europesays.com\/fi\/wp-json\/wp\/v2\/media\/132612"}],"wp:attachment":[{"href":"https:\/\/www.europesays.com\/fi\/wp-json\/wp\/v2\/media?parent=132611"}],"wp:term":[{"taxonomy":"category","embeddable":true,"href":"https:\/\/www.europesays.com\/fi\/wp-json\/wp\/v2\/categories?post=132611"},{"taxonomy":"post_tag","embeddable":true,"href":"https:\/\/www.europesays.com\/fi\/wp-json\/wp\/v2\/tags?post=132611"}],"curies":[{"name":"wp","href":"https:\/\/api.w.org\/{rel}","templated":true}]}}