{"id":132613,"date":"2026-01-03T18:09:08","date_gmt":"2026-01-03T18:09:08","guid":{"rendered":"https:\/\/www.europesays.com\/fi\/132613\/"},"modified":"2026-01-03T18:09:08","modified_gmt":"2026-01-03T18:09:08","slug":"palkka-lahes-40-000-euroa-kk","status":"publish","type":"post","link":"https:\/\/www.europesays.com\/fi\/132613\/","title":{"rendered":"Palkka l\u00e4hes 40 000 euroa\/kk"},"content":{"rendered":"<p>Open Ai:n toimitusjohtaja Sam Altman kertoo, ett\u00e4 kyseinen johtajarooli on yhti\u00f6lle kriittisen t\u00e4rke\u00e4.<\/p>\n<p><img decoding=\"async\" class=\"image image-show image-preview\" src=\"https:\/\/www.europesays.com\/fi\/wp-content\/uploads\/2026\/01\/5c0a751e0fb5be1b0d1ce097322a07487c501e7d28d2b636430a58f52204c0ec.jpg\" alt=\"\"\/><img decoding=\"async\" class=\"image image-show\" src=\"https:\/\/www.europesays.com\/fi\/wp-content\/uploads\/2026\/01\/1767463748_309_5c0a751e0fb5be1b0d1ce097322a07487c501e7d28d2b636430a58f52204c0ec.jpg\" alt=\"\"\/><\/p>\n<p>Sam Altman kertoi ty\u00f6paikkailmoituksessa X-palvelussa. FRANCK ROBICHON<\/p>\n<p class=\"paragraph\">Open AI <a href=\"https:\/\/www.linkedin.com\/jobs\/view\/head-of-preparedness-at-openai-4344675516\/?skipRedirect=true\" target=\"_blank\" rel=\"noopener nofollow\">etsii<\/a> uutta valmiusjohtajaa. Johtajan p\u00e4\u00e4teht\u00e4v\u00e4 on selvitt\u00e4\u00e4 teko\u00e4lyyn liittyvi\u00e4 riskej\u00e4 esimerkiksi kyberturvallisuuden ja mielenterveyden kannalta.<\/p>\n<p class=\"paragraph\">Valmiusjohtajan palkka on l\u00e4ht\u00f6kohtaisesti 555 000 dollaria eli noin 470 000 euroa vuodessa. Johtajan kuukausipalkka ylt\u00e4\u00e4 siis l\u00e4hes 40 000 euroon.<\/p>\n<p class=\"paragraph\">Open AI vaatii hakijoilta muun muassa teknist\u00e4 asiantuntemusta koneoppimisesta, kokemusta teknisten j\u00e4rjestelmien arviointien tekemisest\u00e4 ja kokemusta teknisten tiimien johtamisesta. Rooli vaatii my\u00f6s hyvi\u00e4 viestint\u00e4taitoja ja korkealaatuisen ty\u00f6n tekemist\u00e4 tiukalla aikataululla.<\/p>\n<p class=\"paragraph\">Yhti\u00f6n toimitusjohtaja <strong>Sam Altman<\/strong> kertoi ty\u00f6paikkailmoituksesta <a href=\"https:\/\/x.com\/sama\/status\/2004939524216910323\" target=\"_blank\" rel=\"noopener nofollow\">X-palvelussa<\/a>. Altman kertoo, ett\u00e4 rooli on yhti\u00f6lle kriittinen.<\/p>\n<p class=\"paragraph\">\u2013 T\u00e4m\u00e4 on stressaava ty\u00f6, ja joudut hypp\u00e4\u00e4m\u00e4\u00e4n syv\u00e4\u00e4n p\u00e4\u00e4tyyn melkein heti, Altman kertoo.<\/p>\n<p class=\"paragraph\">Open AI:n edellinen valmiusjohtaja <strong>Aleksander Madry<\/strong> <a href=\"https:\/\/www.cnbc.com\/2024\/07\/23\/openai-removes-ai-safety-executive-aleksander-madry-from-role.html\" target=\"_blank\" rel=\"noopener nofollow\">siirrettiin<\/a> viime vuonna teko\u00e4lyp\u00e4\u00e4ttelyyn liittyviin teht\u00e4viin.<\/p>\n","protected":false},"excerpt":{"rendered":"Open Ai:n toimitusjohtaja Sam Altman kertoo, ett\u00e4 kyseinen johtajarooli on yhti\u00f6lle kriittisen t\u00e4rke\u00e4. Sam Altman kertoi ty\u00f6paikkailmoituksessa X-palvelussa.&hellip;\n","protected":false},"author":2,"featured_media":132614,"comment_status":"","ping_status":"","sticky":false,"template":"","format":"standard","meta":{"footnotes":""},"categories":[76],"tags":[35,79,77,33,31,30,32,78,487,149,860,3512,3515],"class_list":{"0":"post-132613","1":"post","2":"type-post","3":"status-publish","4":"format-standard","5":"has-post-thumbnail","7":"category-talous","8":"tag-24h","9":"tag-business","10":"tag-economy","11":"tag-fi","12":"tag-finland","13":"tag-finnish","14":"tag-suomi","15":"tag-talous","16":"tag-teknologia-yleista","17":"tag-tietojenkasittely-ja-informaatioteknologia","18":"tag-tyoelama","19":"tag-tyontekijat","20":"tag-tyovoima"},"share_on_mastodon":{"url":"https:\/\/pubeurope.com\/@fi\/115832511788142521","error":""},"_links":{"self":[{"href":"https:\/\/www.europesays.com\/fi\/wp-json\/wp\/v2\/posts\/132613","targetHints":{"allow":["GET"]}}],"collection":[{"href":"https:\/\/www.europesays.com\/fi\/wp-json\/wp\/v2\/posts"}],"about":[{"href":"https:\/\/www.europesays.com\/fi\/wp-json\/wp\/v2\/types\/post"}],"author":[{"embeddable":true,"href":"https:\/\/www.europesays.com\/fi\/wp-json\/wp\/v2\/users\/2"}],"replies":[{"embeddable":true,"href":"https:\/\/www.europesays.com\/fi\/wp-json\/wp\/v2\/comments?post=132613"}],"version-history":[{"count":0,"href":"https:\/\/www.europesays.com\/fi\/wp-json\/wp\/v2\/posts\/132613\/revisions"}],"wp:featuredmedia":[{"embeddable":true,"href":"https:\/\/www.europesays.com\/fi\/wp-json\/wp\/v2\/media\/132614"}],"wp:attachment":[{"href":"https:\/\/www.europesays.com\/fi\/wp-json\/wp\/v2\/media?parent=132613"}],"wp:term":[{"taxonomy":"category","embeddable":true,"href":"https:\/\/www.europesays.com\/fi\/wp-json\/wp\/v2\/categories?post=132613"},{"taxonomy":"post_tag","embeddable":true,"href":"https:\/\/www.europesays.com\/fi\/wp-json\/wp\/v2\/tags?post=132613"}],"curies":[{"name":"wp","href":"https:\/\/api.w.org\/{rel}","templated":true}]}}