{"id":132620,"date":"2026-01-03T18:24:08","date_gmt":"2026-01-03T18:24:08","guid":{"rendered":"https:\/\/www.europesays.com\/fi\/132620\/"},"modified":"2026-01-03T18:24:08","modified_gmt":"2026-01-03T18:24:08","slug":"nayttelija-jarryd-nurden-34-sairastui-keuhkosyopaan-hanelta-poistettiin-osa-keuhkoa","status":"publish","type":"post","link":"https:\/\/www.europesays.com\/fi\/132620\/","title":{"rendered":"N\u00e4yttelij\u00e4 Jarryd Nurden, 34, sairastui keuhkosy\u00f6p\u00e4\u00e4n. H\u00e4nelt\u00e4 poistettiin osa keuhkoa."},"content":{"rendered":"<p>            MV PHOTOS\n        <\/p>\n<p class=\"subtitle \">Sairastuminen, urasta v\u00e4liaikaisesti luopuminen ja vihdoin parantuminen pistiv\u00e4t Jarrydin el\u00e4m\u00e4narvot uusiksi.<\/p>\n<p class=\"article-content article-content-width !bg-background\">Etel\u00e4afrikkalainen n\u00e4yttelij\u00e4 , 34, haaveili lapsesta asti esiintymisest\u00e4 Lontoon West Endill\u00e4. H\u00e4n lauloi kuoroissa ja unelmoi kansainv\u00e4lisest\u00e4 urasta, vaikka tiesi sen vaativan kotimaan j\u00e4tt\u00e4mist\u00e4.<\/p>\n<p class=\"article-content article-content-width !bg-background\">Vuonna 2021 Jarryd myi kaiken omaisuutensa, hankki viisumin ja muutti Lontooseen tavoittelemaan unelmaansa. H\u00e4n k\u00e4ytti kaikki rahansa muuttoon ja lupiin. Jarryd saapui kaupunkiin lokakuussa ilman s\u00e4\u00e4st\u00f6j\u00e4, mutta t\u00e4ynn\u00e4 toivoa.<\/p>\n<p class=\"article-content article-content-width !bg-background\">Jarden sai kev\u00e4\u00e4ll\u00e4 2022 ensimm\u00e4isen West End -roolinsa  Cinderellassa, mutta tuotanto lopetettiin ennen aikojaan. Pettymys oli valtava. Mies jatkoi esiintymist\u00e4 pieniss\u00e4 rooleissa ja odotti uusia mahdollisuuksia.<\/p>\n<p>Shokkidiagnoosi<\/p>\n<p class=\"article-content article-content-width !bg-background\">Talvella 2022 Nurden sairastui flunssaan. H\u00e4n jatkoi esiintymist\u00e4, vaikka hengitt\u00e4minen tuntui raskaammalta. L\u00e4\u00e4k\u00e4rit tutkivat oireita, mutta kukaan ei osannut aavistaa, ett\u00e4 kyse oli jostain vakavammasta.<\/p>\n<p class=\"article-content article-content-width !bg-background\">Tammikuussa 2023 h\u00e4n sai agentiltaan puhelun. H\u00e4net oli valittu We Will Rock You -musikaaliin. Se oli h\u00e4nen ensimm\u00e4inen suuri West End -rooliinsa. Samana p\u00e4iv\u00e4n\u00e4 sairaalassa l\u00e4\u00e4k\u00e4rit l\u00f6ysiv\u00e4t kasvaimen h\u00e4nen keuhkostaan.\u00a0Kyseess\u00e4 oli harvinainen ja vakava sy\u00f6p\u00e4.\u00a0<\/p>\n<p class=\"article-content article-content-width !bg-background\">\u2013 Kaikki hidastui, ja ajattelin vain, ett\u00e4 minulla on sy\u00f6p\u00e4. En juo, en tupakoi, teen kovasti t\u00f6it\u00e4. Miten t\u00e4m\u00e4 voi tapahtua? Jarryd kertoo.<\/p>\n<p>                <img decoding=\"async\" src=\"https:\/\/www.europesays.com\/fi\/wp-content\/uploads\/2026\/01\/2004676.webp.jpeg\" width=\"576\" height=\"639\" alt=\"Yst\u00e4v\u00e4t pitiv\u00e4t Jarrydin mielialaa yll\u00e4 sairaalassa.\" loading=\"lazy\" \/>            <\/p>\n<p>\n            Yst\u00e4v\u00e4t pitiv\u00e4t Jarrydin mielialaa yll\u00e4 sairaalassa.<br \/>\n            MV PHOTOS\n        <\/p>\n<p>Iso leikkaus<\/p>\n<p class=\"article-content article-content-width !bg-background\">Vaikka p\u00e4\u00e4kasvain poistettiin, osa sy\u00f6p\u00e4soluista j\u00e4i j\u00e4ljelle keuhkoihin. L\u00e4\u00e4k\u00e4rien vaihtoehdot olivat s\u00e4dehoito, solunsalpaajat tai suuri leikkaus, jossa poistettaisiin koko vasemman keuhkon alaosa. Nurden valitsi leikkauksen.<\/p>\n<p class=\"article-content article-content-width !bg-background\">Lokakuussa 2023 h\u00e4nelle tehtiin lobektomia eli yhden keuhkolohkon poisto. Toipuminen osoittautui raskaaksi. Ensimm\u00e4inen leikkaus meni pieleen ja h\u00e4n joutui my\u00f6hemmin uuteen leikkaukseen tulehdusten vuoksi. \u00a0Jarryd oli sairaalassa yhteens\u00e4 nelj\u00e4 kuukautta.\u00a0<\/p>\n<p class=\"article-content article-content-width !bg-background\">N\u00e4yttelij\u00e4 pelk\u00e4si, ettei en\u00e4\u00e4 koskaan laulaisi tai tanssisi. H\u00e4n my\u00f6s kuvaili, ett\u00e4 ei ollut koskaan kokenut niin paljon kipua el\u00e4m\u00e4ss\u00e4\u00e4n. Pelko siit\u00e4, ett\u00e4 ura olisi ohi, oli musertava.\u00a0<\/p>\n<p>                <img decoding=\"async\" src=\"https:\/\/www.europesays.com\/fi\/wp-content\/uploads\/2026\/01\/2004688.webp.jpeg\" width=\"576\" height=\"567\" alt=\"Jarryd n\u00e4ytteli Mary Sunshinea Chicago-musikaalissa.\" loading=\"lazy\" \/>            <\/p>\n<p>\n            Jarryd n\u00e4ytteli Mary Sunshinea Chicago-musikaalissa.<br \/>\n            MV PHOTOS\n        <\/p>\n<p>Takaisin n\u00e4ytt\u00e4m\u00f6lle<\/p>\n<p class=\"article-content article-content-width !bg-background\">Toipuminen kesti kuukausia. Kes\u00e4ll\u00e4 2024 h\u00e4n joutui kielt\u00e4ytym\u00e4\u00e4n roolista Chicago-musikaalin kansainv\u00e4lisell\u00e4 kiertueella ja oli ep\u00e4tietoinen tulevaisuudestaan. Kun tuotanto otti h\u00e4neen yhteytt\u00e4 uudelleen syyskuun Kiinan-kiertuetta varten, h\u00e4n p\u00e4\u00e4tti tarttua tilaisuuteen.\u00a0\u00a0<\/p>\n<p class=\"article-content article-content-width !bg-background\">\u2013 Aion vain yritt\u00e4\u00e4 parhaani. Vaikka en edes tiennyt, olisinko fyysisesti valmis siihen , Jarryd sanoo.<\/p>\n<p class=\"article-content article-content-width !bg-background\">Kolme kuukautta viimeisen leikkauksensa j\u00e4lkeen Nurden oli j\u00e4lleen lavalla, esitt\u00e4en Mary Sunshinea. Haaste oli h\u00e4nelle valtava. Yhden p\u00e4iv\u00e4n harjoitus Lontoossa, lento toiselle puolelle maailmaa, kahden tunnin harjoitus ja suoraan lavalle. Lis\u00e4ksi h\u00e4n kertoi, ett\u00e4 esiintymisasu oli eritt\u00e4in tiukka.<\/p>\n<p>                <img decoding=\"async\" src=\"https:\/\/www.europesays.com\/fi\/wp-content\/uploads\/2026\/01\/2004690.webp.jpeg\" width=\"576\" height=\"360\" alt=\"T\u00e4n\u00e4 p\u00e4iv\u00e4n\u00e4 Jarryd n\u00e4yttelee j\u00e4lleen West Endin lavalla, hengitt\u00e4\u00e4 yhdell\u00e4 ja puolella keuhkolla, mutta kaksinkertaisella m\u00e4\u00e4r\u00e4ll\u00e4 rohkeutta.\" loading=\"lazy\" \/>            <\/p>\n<p>\n            T\u00e4n\u00e4 p\u00e4iv\u00e4n\u00e4 Jarryd n\u00e4yttelee j\u00e4lleen West Endin lavalla, hengitt\u00e4\u00e4 yhdell\u00e4 ja puolella keuhkolla, mutta kaksinkertaisella m\u00e4\u00e4r\u00e4ll\u00e4 rohkeutta.<br \/>\n            MV PHOTOS\n        <\/p>\n<p>Arvomaailma uusiksi<\/p>\n<p class=\"article-content article-content-width !bg-background\">Ensimm\u00e4isen esityksen j\u00e4lkeen Nurden tunsi valtavaa kiitollisuutta.\u00a0<\/p>\n<p class=\"article-content article-content-width !bg-background\">\u2013 Se kumarrus oli uskomaton hetki. Olin vain niin onnellinen, ett\u00e4 sain olla taas lavalla, mukana esityksess\u00e4, jota rakastan,\u00a0 Jarryd muistelee liikuttuneena.<\/p>\n<p class=\"article-content article-content-width !bg-background\">Kokemus muutti h\u00e4nen suhtautumistaan el\u00e4m\u00e4\u00e4n ja ty\u00f6h\u00f6n. H\u00e4n kertoo, ett\u00e4 k\u00e4ym\u00e4ll\u00e4 l\u00e4pi n\u00e4in mullistavaa, lakkaa stressaamasta pienist\u00e4 asioista. Arvostaa el\u00e4m\u00e4\u00e4 ja lahjaansa enemm\u00e4n kuin ennen. Lis\u00e4ksi antaa itselleen luvan nauttia esiintymisest\u00e4 ilman jatkuvaa itsekritiikki\u00e4.\u00a0<\/p>\n<p>                <img decoding=\"async\" src=\"https:\/\/www.europesays.com\/fi\/wp-content\/uploads\/2026\/01\/2004679.webp.jpeg\" width=\"576\" height=\"639\" alt=\"\u2013 T\u00e4m\u00e4 on toinen mahdollisuuteni el\u00e4m\u00e4\u00e4n, Jarryd hymyilee.\" loading=\"lazy\" \/>            <\/p>\n<p>\n            \u2013 T\u00e4m\u00e4 on toinen mahdollisuuteni el\u00e4m\u00e4\u00e4n, Jarryd hymyilee.<br \/>\n            MV PHOTOS\n        <\/p>\n","protected":false},"excerpt":{"rendered":"MV PHOTOS Sairastuminen, urasta v\u00e4liaikaisesti luopuminen ja vihdoin parantuminen pistiv\u00e4t Jarrydin el\u00e4m\u00e4narvot uusiksi. Etel\u00e4afrikkalainen n\u00e4yttelij\u00e4 , 34, haaveili&hellip;\n","protected":false},"author":2,"featured_media":132621,"comment_status":"","ping_status":"","sticky":false,"template":"","format":"standard","meta":{"footnotes":""},"categories":[136],"tags":[407,137,33,31,30,23404,408,5548,32,1469,167,15993,109,23405],"class_list":{"0":"post-132620","1":"post","2":"type-post","3":"status-publish","4":"format-standard","5":"has-post-thumbnail","7":"category-julkkikset","8":"tag-celebrities","9":"tag-entertainment","10":"tag-fi","11":"tag-finland","12":"tag-finnish","13":"tag-jarryd-nurden","14":"tag-julkkikset","15":"tag-musikaali","16":"tag-suomi","17":"tag-syopa","18":"tag-terveys","19":"tag-toipuminen","20":"tag-viihde","21":"tag-west-end"},"share_on_mastodon":{"url":"https:\/\/pubeurope.com\/@fi\/115832570767899205","error":""},"_links":{"self":[{"href":"https:\/\/www.europesays.com\/fi\/wp-json\/wp\/v2\/posts\/132620","targetHints":{"allow":["GET"]}}],"collection":[{"href":"https:\/\/www.europesays.com\/fi\/wp-json\/wp\/v2\/posts"}],"about":[{"href":"https:\/\/www.europesays.com\/fi\/wp-json\/wp\/v2\/types\/post"}],"author":[{"embeddable":true,"href":"https:\/\/www.europesays.com\/fi\/wp-json\/wp\/v2\/users\/2"}],"replies":[{"embeddable":true,"href":"https:\/\/www.europesays.com\/fi\/wp-json\/wp\/v2\/comments?post=132620"}],"version-history":[{"count":0,"href":"https:\/\/www.europesays.com\/fi\/wp-json\/wp\/v2\/posts\/132620\/revisions"}],"wp:featuredmedia":[{"embeddable":true,"href":"https:\/\/www.europesays.com\/fi\/wp-json\/wp\/v2\/media\/132621"}],"wp:attachment":[{"href":"https:\/\/www.europesays.com\/fi\/wp-json\/wp\/v2\/media?parent=132620"}],"wp:term":[{"taxonomy":"category","embeddable":true,"href":"https:\/\/www.europesays.com\/fi\/wp-json\/wp\/v2\/categories?post=132620"},{"taxonomy":"post_tag","embeddable":true,"href":"https:\/\/www.europesays.com\/fi\/wp-json\/wp\/v2\/tags?post=132620"}],"curies":[{"name":"wp","href":"https:\/\/api.w.org\/{rel}","templated":true}]}}