{"id":132629,"date":"2026-01-03T18:37:07","date_gmt":"2026-01-03T18:37:07","guid":{"rendered":"https:\/\/www.europesays.com\/fi\/132629\/"},"modified":"2026-01-03T18:37:07","modified_gmt":"2026-01-03T18:37:07","slug":"pyykinpesukone-karysi-hameenlinnalaisessa-asunnossa-asukkaat-ehtivat-vetaa-topselin-seinasta-kanta-hame","status":"publish","type":"post","link":"https:\/\/www.europesays.com\/fi\/132629\/","title":{"rendered":"Pyykinpesukone k\u00e4rysi h\u00e4meenlinnalaisessa asunnossa \u2013 asukkaat ehtiv\u00e4t vet\u00e4\u00e4 t\u00f6pselin sein\u00e4st\u00e4 | Kanta-H\u00e4me"},"content":{"rendered":"<p class=\"aw-1gybjub aw-5vja16 kEtdKx kmuxyA yle__article__paragraph\">Pelastuslaitoksen mukaan pesukone ei aiheuttanut varsinaista paloa, koska asukkaat ehtiv\u00e4t ottaa virrat pois koneesta.<\/p>\n<p><img decoding=\"async\" alt=\"Paloauton sininen vilkkuva valo. Taustalla toinen paloauto.\" src=\"https:\/\/www.europesays.com\/fi\/wp-content\/uploads\/2026\/01\/39-154106968f63791bf452.jpeg\" class=\"aw-1l9m598 hKVVvP\"\/><\/p>\n<p>Avaa kuvien katselu<\/p>\n<p>Tilanteesta ei aiheutunut henkil\u00f6vahinkoja. Kuvituskuva. Kuva: Niko Mannonen \/ Yle<\/p>\n<p class=\"aw-1gybjub aw-1p7kakr kEtdKx cEmitX yle__article__paragraph\">Pyykinpesukone alkoi yll\u00e4tt\u00e4en k\u00e4ryt\u00e4 h\u00e4meenlinnalaisessa asunnossa lauantaina aamup\u00e4iv\u00e4ll\u00e4.<\/p>\n<p class=\"aw-1gybjub aw-1p7kakr kEtdKx cEmitX yle__article__paragraph\">Kanta-H\u00e4meen pelastuslaitoksen p\u00e4ivyst\u00e4v\u00e4n palomestarin mukaan pesukone ei aiheuttanut varsinaista paloa, koska asukkaat ehtiv\u00e4t ottaa virrat pois koneesta.<\/p>\n<p class=\"aw-1gybjub aw-1p7kakr kEtdKx cEmitX yle__article__paragraph\">Asukkaat soittivat h\u00e4t\u00e4keskukseen ja j\u00e4iv\u00e4t odottamaan pelastuslaitoksen saapumista. Pelastajat tarkastivat asunnon, eik\u00e4 vaaraa en\u00e4\u00e4 ollut.<\/p>\n<p class=\"aw-1gybjub aw-1p7kakr kEtdKx cEmitX yle__article__paragraph\">Tilanteesta ei aiheutunut henkil\u00f6vahinkoja.<\/p>\n<p class=\"aw-1gybjub aw-1p7kakr kEtdKx cEmitX yle__article__paragraph\">P\u00e4ivyst\u00e4v\u00e4 palomestari muistuttaa, ett\u00e4 pesukonetta ei tule j\u00e4tt\u00e4\u00e4 p\u00e4\u00e4lle, jos ket\u00e4\u00e4n ei ole kotona.<\/p>\n","protected":false},"excerpt":{"rendered":"Pelastuslaitoksen mukaan pesukone ei aiheuttanut varsinaista paloa, koska asukkaat ehtiv\u00e4t ottaa virrat pois koneesta. Avaa kuvien katselu Tilanteesta&hellip;\n","protected":false},"author":2,"featured_media":132630,"comment_status":"","ping_status":"","sticky":false,"template":"","format":"standard","meta":{"footnotes":""},"categories":[12],"tags":[22,23,26,27,33,31,30,2109,17,1794,24,25,28,29,15,837,18,21,857,23406,32,19,20,16],"class_list":{"0":"post-132629","1":"post","2":"type-post","3":"status-publish","4":"format-standard","5":"has-post-thumbnail","7":"category-suomi","8":"tag-breaking-news","9":"tag-breakingnews","10":"tag-featured-news","11":"tag-featurednews","12":"tag-fi","13":"tag-finland","14":"tag-finnish","15":"tag-hameenlinna","16":"tag-headlines","17":"tag-kanta-hame","18":"tag-latest-news","19":"tag-latestnews","20":"tag-main-news","21":"tag-mainnews","22":"tag-news","23":"tag-onnettomuudet","24":"tag-otsikot","25":"tag-paauutiset","26":"tag-pelastustoiminta","27":"tag-pesukoneet","28":"tag-suomi","29":"tag-top-stories","30":"tag-topstories","31":"tag-uutiset"},"share_on_mastodon":{"url":"https:\/\/pubeurope.com\/@fi\/115832621921493000","error":""},"_links":{"self":[{"href":"https:\/\/www.europesays.com\/fi\/wp-json\/wp\/v2\/posts\/132629","targetHints":{"allow":["GET"]}}],"collection":[{"href":"https:\/\/www.europesays.com\/fi\/wp-json\/wp\/v2\/posts"}],"about":[{"href":"https:\/\/www.europesays.com\/fi\/wp-json\/wp\/v2\/types\/post"}],"author":[{"embeddable":true,"href":"https:\/\/www.europesays.com\/fi\/wp-json\/wp\/v2\/users\/2"}],"replies":[{"embeddable":true,"href":"https:\/\/www.europesays.com\/fi\/wp-json\/wp\/v2\/comments?post=132629"}],"version-history":[{"count":0,"href":"https:\/\/www.europesays.com\/fi\/wp-json\/wp\/v2\/posts\/132629\/revisions"}],"wp:featuredmedia":[{"embeddable":true,"href":"https:\/\/www.europesays.com\/fi\/wp-json\/wp\/v2\/media\/132630"}],"wp:attachment":[{"href":"https:\/\/www.europesays.com\/fi\/wp-json\/wp\/v2\/media?parent=132629"}],"wp:term":[{"taxonomy":"category","embeddable":true,"href":"https:\/\/www.europesays.com\/fi\/wp-json\/wp\/v2\/categories?post=132629"},{"taxonomy":"post_tag","embeddable":true,"href":"https:\/\/www.europesays.com\/fi\/wp-json\/wp\/v2\/tags?post=132629"}],"curies":[{"name":"wp","href":"https:\/\/api.w.org\/{rel}","templated":true}]}}