{"id":132651,"date":"2026-01-03T19:24:08","date_gmt":"2026-01-03T19:24:08","guid":{"rendered":"https:\/\/www.europesays.com\/fi\/132651\/"},"modified":"2026-01-03T19:24:08","modified_gmt":"2026-01-03T19:24:08","slug":"elamani-biisi-paattyi-isoon-ehdotukseen-mikko-silvennoinen-ei-ollut-uskoa-korviaan","status":"publish","type":"post","link":"https:\/\/www.europesays.com\/fi\/132651\/","title":{"rendered":"El\u00e4m\u00e4ni biisi p\u00e4\u00e4ttyi isoon ehdotukseen \u2013 Mikko Silvennoinen ei ollut uskoa korviaan"},"content":{"rendered":"<p>El\u00e4m\u00e4ni biisin kauden viimeinen jakso oli viisuspesiaali.<\/p>\n<p><img decoding=\"async\" class=\"image image-show image-preview\" src=\"https:\/\/www.europesays.com\/fi\/wp-content\/uploads\/2026\/01\/c91cc9ceb461ca056b7c248ea992469248281379d6880901307b18864e73573e.jpg\" alt=\"\"\/><img decoding=\"async\" class=\"image image-show\" src=\"https:\/\/www.europesays.com\/fi\/wp-content\/uploads\/2026\/01\/1767468248_70_c91cc9ceb461ca056b7c248ea992469248281379d6880901307b18864e73573e.jpg\" alt=\"\"\/><\/p>\n<p>Mr. Lordin ehdotus l\u00f6i Mikko Silvennoisen \u00e4llik\u00e4ll\u00e4. Atte M\u00e4l\u00e4sk\u00e4, Yle<\/p>\n<p class=\"paragraph\">El\u00e4m\u00e4ni biisin lauantaista euroviisujaksoa t\u00e4hdittiv\u00e4t <strong>Mr. Lordi<\/strong>, <strong>Marion Rung<\/strong>, <strong>Windows95man<\/strong>, <strong>Erika Vikman<\/strong> ja <strong>K\u00e4\u00e4rij\u00e4<\/strong>. Heist\u00e4 jokainen on aiemmin edustanut Suomea Euroviisuissa.<\/p>\n<p class=\"paragraph\">Kauden viimeisen l\u00e4hetyksen p\u00e4\u00e4tteeksi jakson juontanut <strong>Mikko Silvennoinen<\/strong> kysyi artisteilta, l\u00e4htisiv\u00e4tk\u00f6 he uudestaan Euroviisuihin. Mr. Lordi vastasi kielt\u00e4v\u00e4sti.<\/p>\n<p class=\"paragraph\">\u2013 Ei j\u00e4\u00e4nyt parantamisen varaa, Mr. Lordi sanoi ja sai yleis\u00f6lt\u00e4 valtaisat aplodit.<\/p>\n<p class=\"paragraph\">Mr. Lordin luotsaama Lordi-yhtye on yh\u00e4 Suomen ainoa euroviisuvoittaja. Lordi voitti Ateenan viisut vuonna 2006 kappaleellaan Hard Rock Hallelujah.<\/p>\n<p class=\"paragraph\">Toiseksi parhaiten viisuissa menestynyt suomalaisedustaja K\u00e4\u00e4rij\u00e4 antoi toisenlaisen vastauksen. H\u00e4n sijoittui vuoden 2023 viisuissa toiseksi Cha cha cha -kappaleellaan.<\/p>\n<p class=\"paragraph\">\u2013 Mun tekisi mieli l\u00e4hte\u00e4 ihan kiusaksi Mr. Lordin takia, K\u00e4\u00e4rij\u00e4 sanoi.<\/p>\n<p class=\"paragraph\">\u2013 Sulla j\u00e4i pikkusen parantamisen varaa, Mr. Lordi my\u00f6nsi.<\/p>\n<p>K\u00e4\u00e4rij\u00e4 sai Mr. Lordilta ehdotuksen El\u00e4m\u00e4ni biisiss\u00e4. Atte M\u00e4l\u00e4sk\u00e4, Yle<\/p>\n<p class=\"paragraph\">K\u00e4\u00e4rij\u00e4 jatkoi sanomalla, ett\u00e4 viisurevanssi on h\u00e4nelle hyvin kaukainen haave. T\u00e4h\u00e4n Mr. Lordi esitti yll\u00e4tt\u00e4v\u00e4n tarjouksen.<\/p>\n<p class=\"paragraph\">\u2013 L\u00e4hdet\u00e4\u00e4np\u00e4 yhdess\u00e4, rokkari ehdotti.<\/p>\n<p class=\"paragraph\">Yleis\u00f6 hurrasi, ja Mikko Silvennoinen katsoi Mr. Lordia ja K\u00e4\u00e4rij\u00e4\u00e4 vuoron per\u00e4\u00e4n suu ammollaan.<\/p>\n<p class=\"paragraph\">\u2013 Silvennoisella just r\u00e4j\u00e4hti p\u00e4\u00e4, Mr. Lordi sanoi.<\/p>\n<p class=\"paragraph\">\u2013 Musta tuntuu, ett\u00e4 t\u00e4lle oli t\u00e4m\u00e4 tunti jo liikaa mun kanssa, K\u00e4\u00e4rij\u00e4 sanoi Mr. Lordia osoittaen.<\/p>\n<p class=\"paragraph\">\u2013 Miten te luulette, ett\u00e4 voin vet\u00e4\u00e4 loppujuonnon t\u00e4m\u00e4n j\u00e4lkeen? Silvennoinen huudahti h\u00e4keltyneen\u00e4.<\/p>\n","protected":false},"excerpt":{"rendered":"El\u00e4m\u00e4ni biisin kauden viimeinen jakso oli viisuspesiaali. Mr. Lordin ehdotus l\u00f6i Mikko Silvennoisen \u00e4llik\u00e4ll\u00e4. Atte M\u00e4l\u00e4sk\u00e4, Yle El\u00e4m\u00e4ni&hellip;\n","protected":false},"author":2,"featured_media":132652,"comment_status":"","ping_status":"","sticky":false,"template":"","format":"standard","meta":{"footnotes":""},"categories":[130],"tags":[35,138,137,33,31,30,525,47,141,32,484,109],"class_list":{"0":"post-132651","1":"post","2":"type-post","3":"status-publish","4":"format-standard","5":"has-post-thumbnail","7":"category-viihde","8":"tag-24h","9":"tag-audio","10":"tag-entertainment","11":"tag-fi","12":"tag-finland","13":"tag-finnish","14":"tag-laulaminen-ja-laulajat","15":"tag-musiikki","16":"tag-muusikot-bandit","17":"tag-suomi","18":"tag-taiteellinen-ilmaisu-ja-mediat","19":"tag-viihde"},"share_on_mastodon":{"url":"https:\/\/pubeurope.com\/@fi\/115832806629253005","error":""},"_links":{"self":[{"href":"https:\/\/www.europesays.com\/fi\/wp-json\/wp\/v2\/posts\/132651","targetHints":{"allow":["GET"]}}],"collection":[{"href":"https:\/\/www.europesays.com\/fi\/wp-json\/wp\/v2\/posts"}],"about":[{"href":"https:\/\/www.europesays.com\/fi\/wp-json\/wp\/v2\/types\/post"}],"author":[{"embeddable":true,"href":"https:\/\/www.europesays.com\/fi\/wp-json\/wp\/v2\/users\/2"}],"replies":[{"embeddable":true,"href":"https:\/\/www.europesays.com\/fi\/wp-json\/wp\/v2\/comments?post=132651"}],"version-history":[{"count":0,"href":"https:\/\/www.europesays.com\/fi\/wp-json\/wp\/v2\/posts\/132651\/revisions"}],"wp:featuredmedia":[{"embeddable":true,"href":"https:\/\/www.europesays.com\/fi\/wp-json\/wp\/v2\/media\/132652"}],"wp:attachment":[{"href":"https:\/\/www.europesays.com\/fi\/wp-json\/wp\/v2\/media?parent=132651"}],"wp:term":[{"taxonomy":"category","embeddable":true,"href":"https:\/\/www.europesays.com\/fi\/wp-json\/wp\/v2\/categories?post=132651"},{"taxonomy":"post_tag","embeddable":true,"href":"https:\/\/www.europesays.com\/fi\/wp-json\/wp\/v2\/tags?post=132651"}],"curies":[{"name":"wp","href":"https:\/\/api.w.org\/{rel}","templated":true}]}}