{"id":132657,"date":"2026-01-03T19:29:07","date_gmt":"2026-01-03T19:29:07","guid":{"rendered":"https:\/\/www.europesays.com\/fi\/132657\/"},"modified":"2026-01-03T19:29:07","modified_gmt":"2026-01-03T19:29:07","slug":"sveitsissa-tulipalossa-tuhoutuneen-baarin-omistajia-epaillaan-kuolemantuottamuksesta-uutisia-lyhyesti","status":"publish","type":"post","link":"https:\/\/www.europesays.com\/fi\/132657\/","title":{"rendered":"Sveitsiss\u00e4 tulipalossa tuhoutuneen baarin omistajia ep\u00e4ill\u00e4\u00e4n kuolemantuottamuksesta | Uutisia lyhyesti"},"content":{"rendered":"<p class=\"aw-1gybjub aw-1p7kakr kEtdKx cEmitX yle__article__paragraph\">Sveitsin viranomaiset ovat aloittaneet rikostutkinnan Le Constellation -baarin omistajia vastaan.<\/p>\n<p class=\"aw-1gybjub aw-1p7kakr kEtdKx cEmitX yle__article__paragraph\">Syytt\u00e4j\u00e4nvirasto kertoi lauantaina lausunnossaan, ett\u00e4 kahta henkil\u00f6\u00e4 ep\u00e4ill\u00e4\u00e4n kuolemantuottamuksesta, vammantuottamuksesta ja tulipalon aiheuttamisesta huolimattomuuden seurauksena.<\/p>\n<p class=\"aw-1gybjub aw-1p7kakr kEtdKx cEmitX yle__article__paragraph\">Vuodenvaihteessa yhteens\u00e4 40 ihmist\u00e4 kuoli ja 115 loukkaantui Crans-Montanan hiihtokeskuksen baaripalossa Sveitsiss\u00e4. Toinen ravintolan omistajista oli paikalla onnettomuuden aikana ja sai lievi\u00e4 palovammoja.<\/p>\n<p class=\"aw-1gybjub aw-1p7kakr kEtdKx cEmitX yle__article__paragraph\">Aiemmin oikeusministeri <strong class=\"aw-ak79eh KyCXm yle__article__strong\">B\u00e9atrice Pilloud<\/strong> kertoi sveitsil\u00e4ismedian mukaan, ett\u00e4 poliisi kuulusteli ravintoloitsijoita silminn\u00e4kij\u00f6in\u00e4.<\/p>\n<p class=\"aw-1gybjub aw-1p7kakr kEtdKx cEmitX yle__article__paragraph\">L\u00e4hteet: Reuters, AP<\/p>\n","protected":false},"excerpt":{"rendered":"Sveitsin viranomaiset ovat aloittaneet rikostutkinnan Le Constellation -baarin omistajia vastaan. Syytt\u00e4j\u00e4nvirasto kertoi lauantaina lausunnossaan, ett\u00e4 kahta henkil\u00f6\u00e4 ep\u00e4ill\u00e4\u00e4n&hellip;\n","protected":false},"author":2,"featured_media":74,"comment_status":"","ping_status":"","sticky":false,"template":"","format":"standard","meta":{"footnotes":""},"categories":[12],"tags":[22,23,26,27,33,31,30,17,13328,24,25,28,29,15,837,18,21,52,1283,3723,1263,32,7906,19,20,16],"class_list":{"0":"post-132657","1":"post","2":"type-post","3":"status-publish","4":"format-standard","5":"has-post-thumbnail","7":"category-suomi","8":"tag-breaking-news","9":"tag-breakingnews","10":"tag-featured-news","11":"tag-featurednews","12":"tag-fi","13":"tag-finland","14":"tag-finnish","15":"tag-headlines","16":"tag-kuolemantuottamus","17":"tag-latest-news","18":"tag-latestnews","19":"tag-main-news","20":"tag-mainnews","21":"tag-news","22":"tag-onnettomuudet","23":"tag-otsikot","24":"tag-paauutiset","25":"tag-poliisi","26":"tag-poliisitutkinta","27":"tag-ravintolat","28":"tag-rikosepailyt","29":"tag-suomi","30":"tag-sveitsi","31":"tag-top-stories","32":"tag-topstories","33":"tag-uutiset"},"share_on_mastodon":{"url":"https:\/\/pubeurope.com\/@fi\/115832826310223217","error":""},"_links":{"self":[{"href":"https:\/\/www.europesays.com\/fi\/wp-json\/wp\/v2\/posts\/132657","targetHints":{"allow":["GET"]}}],"collection":[{"href":"https:\/\/www.europesays.com\/fi\/wp-json\/wp\/v2\/posts"}],"about":[{"href":"https:\/\/www.europesays.com\/fi\/wp-json\/wp\/v2\/types\/post"}],"author":[{"embeddable":true,"href":"https:\/\/www.europesays.com\/fi\/wp-json\/wp\/v2\/users\/2"}],"replies":[{"embeddable":true,"href":"https:\/\/www.europesays.com\/fi\/wp-json\/wp\/v2\/comments?post=132657"}],"version-history":[{"count":0,"href":"https:\/\/www.europesays.com\/fi\/wp-json\/wp\/v2\/posts\/132657\/revisions"}],"wp:featuredmedia":[{"embeddable":true,"href":"https:\/\/www.europesays.com\/fi\/wp-json\/wp\/v2\/media\/74"}],"wp:attachment":[{"href":"https:\/\/www.europesays.com\/fi\/wp-json\/wp\/v2\/media?parent=132657"}],"wp:term":[{"taxonomy":"category","embeddable":true,"href":"https:\/\/www.europesays.com\/fi\/wp-json\/wp\/v2\/categories?post=132657"},{"taxonomy":"post_tag","embeddable":true,"href":"https:\/\/www.europesays.com\/fi\/wp-json\/wp\/v2\/tags?post=132657"}],"curies":[{"name":"wp","href":"https:\/\/api.w.org\/{rel}","templated":true}]}}