{"id":132671,"date":"2026-01-03T19:56:10","date_gmt":"2026-01-03T19:56:10","guid":{"rendered":"https:\/\/www.europesays.com\/fi\/132671\/"},"modified":"2026-01-03T19:56:10","modified_gmt":"2026-01-03T19:56:10","slug":"yle-nayttaa-suorana-pate-mustajarven-muistolahetyksen-katso-miten-rocktahden-laheiset-muistelevat-hanta-kotimaa","status":"publish","type":"post","link":"https:\/\/www.europesays.com\/fi\/132671\/","title":{"rendered":"Yle n\u00e4ytt\u00e4\u00e4 suorana Pate Mustaj\u00e4rven muisto\u00adl\u00e4hetyksen \u2013 katso, miten rockt\u00e4hden l\u00e4heiset muistelevat h\u00e4nt\u00e4 | Kotimaa"},"content":{"rendered":"<p class=\"aw-1gybjub aw-5vja16 kEtdKx kmuxyA yle__article__paragraph\">Muusikkoyst\u00e4v\u00e4t ja soittokaverit jakavat muistojaan suorassa l\u00e4hetyksess\u00e4 Tampere-talolta. P\u00e4ivit\u00e4mme t\u00e4h\u00e4n juttuun illan aikana l\u00e4hetyksen keskeisi\u00e4 hetki\u00e4.<\/p>\n<p>Kello 21 alkavan suoran l\u00e4hetyksen Tampere-talolta juontaa Katja St\u00e5hl.<\/p>\n<p>20:37\u2022P\u00e4ivitetty 21:55<\/p>\n<p class=\"aw-1gybjub aw-1p7kakr kEtdKx cEmitX yle__article__paragraph\">Tapaninp\u00e4iv\u00e4n\u00e4 menehtynytt\u00e4 <strong class=\"aw-ak79eh KyCXm yle__article__strong\">Pauli \u201dPate\u201d Mustaj\u00e4rve\u00e4<\/strong> muistellaan t\u00e4n\u00e4\u00e4n suorassa Ylen tv-l\u00e4hetyksess\u00e4.<\/p>\n<p class=\"aw-1gybjub aw-1p7kakr kEtdKx cEmitX yle__article__paragraph\">Pate Mustaj\u00e4rvi \u2013 suomirockin legenda -l\u00e4hetys kuvataan Tampere-talon pieness\u00e4 salissa. TV2 n\u00e4ytt\u00e4\u00e4 sen suorana kello 21 alkaen, ja l\u00e4hetyst\u00e4 voi seurata my\u00f6s Yle Areenan kautta.<\/p>\n<p class=\"aw-1gybjub aw-1p7kakr kEtdKx cEmitX yle__article__paragraph\">Muistol\u00e4hetyksen p\u00e4\u00e4osassa ovat Paten muusikkoyst\u00e4v\u00e4t ja soittokaverit sek\u00e4 muita muusikon uralle t\u00e4rkeit\u00e4 ihmisi\u00e4.<\/p>\n<p class=\"aw-1gybjub aw-1p7kakr kEtdKx cEmitX yle__article__paragraph\">Suoran l\u00e4hetyksen Tampereelta juontaa <strong class=\"aw-ak79eh KyCXm yle__article__strong\">Katja St\u00e5hl<\/strong>.<\/p>\n<p class=\"aw-1gybjub aw-1p7kakr kEtdKx cEmitX yle__article__paragraph\">L\u00e4hetyksess\u00e4 n\u00e4hd\u00e4\u00e4n esimerkiksi Poko Rekordsin perustaja <strong class=\"aw-ak79eh KyCXm yle__article__strong\">Kari \u201dEpe\u201d Helenius,<\/strong> Paten siskonpoika ja soittokaveri <strong class=\"aw-ak79eh KyCXm yle__article__strong\">Jussi Aaltonen,<\/strong> tiedottaja ja yst\u00e4v\u00e4 <strong class=\"aw-ak79eh KyCXm yle__article__strong\">Taija Holm<\/strong>, <a class=\"aw-iao6s4 iHOxEa yle__article__link\" href=\"https:\/\/yle.fi\/a\/74-20202265\" role=\"link\" rel=\"nofollow noopener\" target=\"_blank\">hovivalokuvaaja <strong class=\"aw-ak79eh KyCXm yle__article__strong\">Harri Hinkka<\/strong>,<\/a> l\u00e4heinen muusikkoyst\u00e4v\u00e4 <strong class=\"aw-ak79eh KyCXm yle__article__strong\">Matti Mikkonen<\/strong> ja eri vaiheissa Mustaj\u00e4rven monipuolista uraa yhteisty\u00f6t\u00e4 tehneet <strong class=\"aw-ak79eh KyCXm yle__article__strong\">Aku Syrj\u00e4<\/strong> ja <strong class=\"aw-ak79eh KyCXm yle__article__strong\">Jukka Leisti<\/strong>.<\/p>\n<p class=\"aw-1gybjub aw-1p7kakr kEtdKx cEmitX yle__article__paragraph\">L\u00e4hetyksess\u00e4 kuullaan my\u00f6s <strong class=\"aw-ak79eh KyCXm yle__article__strong\">Pauli Hanhiniemen<\/strong> ja muusikko-roudarilegenda <strong class=\"aw-ak79eh KyCXm yle__article__strong\">Ari \u201dRaaka-Arska\u201d Tuomisen<\/strong> muistoja.<\/p>\n<p><img decoding=\"async\" alt=\"Pate Mustaj\u00e4rvi puolil\u00e4hikuvassa punaisessa nahkatakissa ja aurinkolaseissa. H\u00e4nen oikea k\u00e4tens\u00e4 on kohotettuna sivulla etusormi pystyss\u00e4, ja h\u00e4n pitelee siin\u00e4 mikrofonia.\" src=\"https:\/\/www.europesays.com\/fi\/wp-content\/uploads\/2026\/01\/39-12186106582eb3d3dc08.jpeg\" loading=\"lazy\" class=\"aw-1l9m598 hKVVvP\"\/><\/p>\n<p>Avaa kuvien katselu<\/p>\n<p>Mustaj\u00e4rvi oli kuollessaan 69-vuotias. Kuva Popedan keikalta Ratinassa vuonna 2023. Kuva: Miikka VarilaAutotallin kova b\u00e4ndi teki vaikutuksen<\/p>\n<p class=\"aw-1gybjub aw-1p7kakr kEtdKx cEmitX yle__article__paragraph\">Ensimm\u00e4isen\u00e4 muistoistaan kertoivat Epe Helenius ja tiedottaja, tapahtumatuottaja ja promoottori Taija Holm.<\/p>\n<p class=\"aw-1gybjub aw-1p7kakr kEtdKx cEmitX yle__article__paragraph\">Molemmilla on pitk\u00e4 historia ja yst\u00e4vyys Mustaj\u00e4rven kanssa.<\/p>\n<p class=\"aw-1gybjub aw-1p7kakr kEtdKx cEmitX yle__article__paragraph\">Ensikohtaamisesta Helenius muistaa sen, kuinka yhteinen tuttava pakotti h\u00e4net ikurilaiseen autotalliin tutustumaan \u201dkovaan b\u00e4ndiin\u201d. Helenius vaikuttui heti kuulemastaan.<\/p>\n<p class=\"aw-1gybjub aw-1p7kakr kEtdKx cEmitX yle__article__paragraph\">\u2013 Kokemattomuuttaan sokea kana l\u00f6ysi jyv\u00e4n.<\/p>\n<p class=\"aw-1gybjub aw-1p7kakr kEtdKx cEmitX yle__article__paragraph\">Taija Holm muistaa my\u00f6s ensikohtaamisensa: Mustaj\u00e4rvi tuli levy-yhti\u00f6\u00f6n \u201dbuutsit kolisten\u201d 2000-luvun alussa.<\/p>\n<p class=\"aw-1gybjub aw-1p7kakr kEtdKx cEmitX yle__article__paragraph\">Holm ja Mustaj\u00e4rvi tekiv\u00e4t t\u00f6it\u00e4 yhdess\u00e4, ja samalla yst\u00e4vystyiv\u00e4t.<\/p>\n<p><img decoding=\"async\" alt=\"Epe Helenius, Katja St\u00e5hl ja Taija Holm istuvat penkeill\u00e4.\" src=\"https:\/\/www.europesays.com\/fi\/wp-content\/uploads\/2026\/01\/39-15768966959672609e3f.jpeg\" loading=\"lazy\" class=\"aw-1l9m598 hKVVvP\"\/><\/p>\n<p>Avaa kuvien katselu<\/p>\n<p>Ensimm\u00e4isin\u00e4 muistelemassa Epe Helenius ja Taija Holm, haastattelijana Katja St\u00e5hl. Kuva: Kirsi Matson-M\u00e4kel\u00e4 \/ Yle<\/p>\n<p class=\"aw-1gybjub aw-1p7kakr kEtdKx cEmitX yle__article__paragraph\"><strong class=\"aw-ak79eh KyCXm yle__article__strong\">Muusikko, roundari Ari \u201dRaaka-Arska\u201d Tuominen muisteli ensikohtaamisensa Paten kanssa tapahtuneen Kynt\u00e4j\u00e4ntien autotallissa:<\/strong><\/p>\n<p>Video: Sanni Isom\u00e4ki \/ YleUskomaton tarinankertoja<\/p>\n<p class=\"aw-1gybjub aw-1p7kakr kEtdKx cEmitX yle__article__paragraph\">\u201dIkurin turpiini\u201d tuli tunnetuksi moniosaajana: musiikin ohella h\u00e4n muun muassa n\u00e4ytteli ja kuului Niskavuoren Aarnet -ryhm\u00e4\u00e4n, joka teki useita revyit\u00e4 ja pari levy\u00e4.<\/p>\n<p class=\"aw-1gybjub aw-1p7kakr kEtdKx cEmitX yle__article__paragraph\">Patesta oli moneksi, Katja St\u00e5hl luonnehti l\u00e4hetyksen alussa.<\/p>\n<p class=\"aw-1gybjub aw-1p7kakr kEtdKx cEmitX yle__article__paragraph\">Kiekkomieheksi Patesta ei ollut, mutta muunlaisia harrastuksia el\u00e4m\u00e4\u00e4n kuului. Yksi niist\u00e4 oli mustaruutiaseet, joiden \u00e4\u00e4relle ker\u00e4\u00e4nnyttiin noin kymmenen hengen voimin, kertoi siskon poika <strong class=\"aw-ak79eh KyCXm yle__article__strong\">Jussi Aaltonen.<\/strong><\/p>\n<p><img decoding=\"async\" alt=\"Jussi Aaltonen istuu penkill\u00e4 ja hymyilee.\" src=\"https:\/\/www.europesays.com\/fi\/wp-content\/uploads\/2026\/01\/39-157690169596f0859dfb.jpeg\" loading=\"lazy\" class=\"aw-1l9m598 hKVVvP\"\/><\/p>\n<p>Avaa kuvien katselu<\/p>\n<p>Jussi Aaltonen on Pate Mustaj\u00e4rven siskonpoika. Yhdeks\u00e4n vuotta vanhemman enonsa h\u00e4n muistaa esimerkiksi uskomattomana tarinankertojana, jonka kertomat iltasadut veiv\u00e4t nuorena unet. Kuva: Kirsi Matson-M\u00e4kel\u00e4 \/ YleHovikuvaaja ei ohjannut kuvattavaansa liikaa<\/p>\n<p class=\"aw-1gybjub aw-1p7kakr kEtdKx cEmitX yle__article__paragraph\">Monelle Pate Mustaj\u00e4rven kasvot ovat tutut <strong class=\"aw-ak79eh KyCXm yle__article__strong\">Harri Hinkan<\/strong> ottamista valokuvista.<\/p>\n<p class=\"aw-1gybjub aw-1p7kakr kEtdKx cEmitX yle__article__paragraph\">Hinkan ja Mustaj\u00e4rven yhteisty\u00f6 alkoi 1990-luvulla mustavalkoisista potrettikuvista.<\/p>\n<p class=\"aw-1gybjub aw-1p7kakr kEtdKx cEmitX yle__article__paragraph\">\u2013 En ohjannut h\u00e4nt\u00e4, ellei ole ihan pakko. Jos ohjaa liikaa, voi menn\u00e4 t\u00e4ysin pihalle. H\u00e4n luotti minuun ja siihen, mit\u00e4 pyysin, h\u00e4n kertoi kuvaustilanteista l\u00e4hetyksess\u00e4.<\/p>\n<p class=\"aw-1gybjub aw-1p7kakr kEtdKx cEmitX yle__article__paragraph\">\u2013 Vaalin sit\u00e4, ett\u00e4 olisi Pate Mustaj\u00e4rven n\u00e4k\u00f6inen.<\/p>\n<p class=\"aw-1gybjub aw-1p7kakr kEtdKx cEmitX yle__article__paragraph\"><strong class=\"aw-ak79eh KyCXm yle__article__strong\">Voit lukea lis\u00e4\u00e4 Hinkan valitsemista valokuvista t\u00e4st\u00e4 jutusta:<\/strong><\/p>\n<p>N\u00e4in fanit muistelevat<\/p>\n<p class=\"aw-1gybjub aw-1p7kakr kEtdKx cEmitX yle__article__paragraph\">Mustaj\u00e4rvi tuli tunnetuksi vuonna 1977 Tampereella perustetun Popeda-yhtyeen solistina.<\/p>\n<p class=\"aw-1gybjub aw-1p7kakr kEtdKx cEmitX yle__article__paragraph\">H\u00e4n j\u00e4tti yhtyeen vuonna 2023. Ura jatkui sen j\u00e4lkeen sek\u00e4 sooloartistina ett\u00e4 muiden kokoonpanojen kanssa.<\/p>\n<p class=\"aw-1gybjub aw-1p7kakr kEtdKx cEmitX yle__article__paragraph\">Paikalla muistol\u00e4hetyksen yleis\u00f6ss\u00e4 on Mustaj\u00e4rven yst\u00e4vi\u00e4 ja faneja.<\/p>\n<p class=\"aw-1gybjub aw-1p7kakr kEtdKx cEmitX yle__article__paragraph\">Muistoja on kertynyt pitk\u00e4lt\u00e4 ajalta.<\/p>\n<p><img decoding=\"async\" alt=\"Nina Kinnunen ja Netta Kinnunen seisovat aulatilassa ja katsovat kameraan.\" src=\"https:\/\/www.europesays.com\/fi\/wp-content\/uploads\/2026\/01\/39-157688469595d54e069d.jpeg\" loading=\"lazy\" class=\"aw-1l9m598 hKVVvP\"\/><\/p>\n<p>Avaa kuvien katselu<\/p>\n<p>Sisaruksille Nina (vas.) ja Netta Kinnuselle on \u201dsyntym\u00e4st\u00e4 saakka kuuntelutettu Patea\u201d. Nina Kinnunen kertoo tavanneensa Pate Mustaj\u00e4rven usein ja olleen my\u00f6s t\u00e4m\u00e4n kanssa yhteiskuvissa. \u201dPopedan kautta p\u00e4\u00e4dyin soolotuotannon \u00e4\u00e4relle.\u201d Kuva: Kirsi Matson-M\u00e4kel\u00e4 \/ Yle<img decoding=\"async\" alt=\"Ilkka Taka-aho katsoo kameraan k\u00e4det puuskassa.\" src=\"https:\/\/www.europesays.com\/fi\/wp-content\/uploads\/2026\/01\/39-157688369595d54b0031.jpeg\" loading=\"lazy\" class=\"aw-1l9m598 hKVVvP\"\/><\/p>\n<p>Avaa kuvien katselu<\/p>\n<p>Tamperelainen Ilkka Taka-aho kertoo nuoruudestaan saakka kuunnelleensa Popedaa ja Pate Mustaj\u00e4rven soolotuotantoa, ja keikoillakin tuli k\u00e4yty\u00e4. Kuolinuutisen kuuleminen pys\u00e4ytti. Kuva: Kirsi Matson-M\u00e4kel\u00e4 \/ Yle<\/p>\n<p class=\"aw-1gybjub aw-1p7kakr kEtdKx cEmitX yle__article__paragraph\">Fanin \u00e4\u00e4nt\u00e4 kuultiin my\u00f6s l\u00e4hetyksess\u00e4.<\/p>\n<p class=\"aw-1gybjub aw-1p7kakr kEtdKx cEmitX yle__article__paragraph\"><strong class=\"aw-ak79eh KyCXm yle__article__strong\">Eveliina Elkevaaran<\/strong> fanitus l\u00e4hti jo varhaislapsuudesta.<\/p>\n<p class=\"aw-1gybjub aw-1p7kakr kEtdKx cEmitX yle__article__paragraph\">Kun luokkakaverit kuuntelivat <strong class=\"aw-ak79eh KyCXm yle__article__strong\">Antti Tuiskua<\/strong> ja <strong class=\"aw-ak79eh KyCXm yle__article__strong\">Anna Abreuta<\/strong>, Elkevaara kuunteli Popedaa.<\/p>\n<p class=\"aw-1gybjub aw-1p7kakr kEtdKx cEmitX yle__article__paragraph\"><strong class=\"aw-ak79eh KyCXm yle__article__strong\">Videolla Eveliina Elkevaara esittelee Patelle merkitt\u00e4v\u00e4n paikan Ikurista ja kertoo, miten fanitus syntyi:<\/strong><\/p>\n<p>Video: Marko Melto \/ Yle<img decoding=\"async\" alt=\"Katsomossa istuu ihmisi\u00e4. Etualalla n\u00e4kyy kameran n\u00e4ytt\u00f6.\" src=\"https:\/\/www.europesays.com\/fi\/wp-content\/uploads\/2026\/01\/39-15768956959637555fcc.jpeg\" loading=\"lazy\" class=\"aw-1l9m598 hKVVvP\"\/><\/p>\n<p>Avaa kuvien katselu<\/p>\n<p>Muistol\u00e4hetys j\u00e4rjestet\u00e4\u00e4n yhteisty\u00f6ss\u00e4 Tampereen kaupungin kanssa Tampere-talolla.  Kuva: Kirsi Matson-M\u00e4kel\u00e4 \/ Yle<\/p>\n<p class=\"aw-1gybjub aw-1p7kakr kEtdKx cEmitX yle__article__paragraph\">T\u00e4t\u00e4 juttua p\u00e4ivitet\u00e4\u00e4n l\u00e4hetyksen edetess\u00e4.<\/p>\n","protected":false},"excerpt":{"rendered":"Muusikkoyst\u00e4v\u00e4t ja soittokaverit jakavat muistojaan suorassa l\u00e4hetyksess\u00e4 Tampere-talolta. P\u00e4ivit\u00e4mme t\u00e4h\u00e4n juttuun illan aikana l\u00e4hetyksen keskeisi\u00e4 hetki\u00e4. Kello 21&hellip;\n","protected":false},"author":2,"featured_media":132672,"comment_status":"","ping_status":"","sticky":false,"template":"","format":"standard","meta":{"footnotes":""},"categories":[5],"tags":[22,23,26,27,33,31,30,17,440,71,108,24,25,28,29,47,15,18,21,5730,553,10993,32,551,19,20,16],"class_list":{"0":"post-132671","1":"post","2":"type-post","3":"status-publish","4":"format-standard","5":"has-post-thumbnail","7":"category-otsikot","8":"tag-breaking-news","9":"tag-breakingnews","10":"tag-featured-news","11":"tag-featurednews","12":"tag-fi","13":"tag-finland","14":"tag-finnish","15":"tag-headlines","16":"tag-ihmiset","17":"tag-kotimaa","18":"tag-kulttuuri","19":"tag-latest-news","20":"tag-latestnews","21":"tag-main-news","22":"tag-mainnews","23":"tag-musiikki","24":"tag-news","25":"tag-otsikot","26":"tag-paauutiset","27":"tag-pate-mustajarvi","28":"tag-pirkanmaa","29":"tag-popeda","30":"tag-suomi","31":"tag-tampere","32":"tag-top-stories","33":"tag-topstories","34":"tag-uutiset"},"share_on_mastodon":{"url":"https:\/\/pubeurope.com\/@fi\/115832932466388252","error":""},"_links":{"self":[{"href":"https:\/\/www.europesays.com\/fi\/wp-json\/wp\/v2\/posts\/132671","targetHints":{"allow":["GET"]}}],"collection":[{"href":"https:\/\/www.europesays.com\/fi\/wp-json\/wp\/v2\/posts"}],"about":[{"href":"https:\/\/www.europesays.com\/fi\/wp-json\/wp\/v2\/types\/post"}],"author":[{"embeddable":true,"href":"https:\/\/www.europesays.com\/fi\/wp-json\/wp\/v2\/users\/2"}],"replies":[{"embeddable":true,"href":"https:\/\/www.europesays.com\/fi\/wp-json\/wp\/v2\/comments?post=132671"}],"version-history":[{"count":0,"href":"https:\/\/www.europesays.com\/fi\/wp-json\/wp\/v2\/posts\/132671\/revisions"}],"wp:featuredmedia":[{"embeddable":true,"href":"https:\/\/www.europesays.com\/fi\/wp-json\/wp\/v2\/media\/132672"}],"wp:attachment":[{"href":"https:\/\/www.europesays.com\/fi\/wp-json\/wp\/v2\/media?parent=132671"}],"wp:term":[{"taxonomy":"category","embeddable":true,"href":"https:\/\/www.europesays.com\/fi\/wp-json\/wp\/v2\/categories?post=132671"},{"taxonomy":"post_tag","embeddable":true,"href":"https:\/\/www.europesays.com\/fi\/wp-json\/wp\/v2\/tags?post=132671"}],"curies":[{"name":"wp","href":"https:\/\/api.w.org\/{rel}","templated":true}]}}