{"id":132675,"date":"2026-01-03T20:11:08","date_gmt":"2026-01-03T20:11:08","guid":{"rendered":"https:\/\/www.europesays.com\/fi\/132675\/"},"modified":"2026-01-03T20:11:08","modified_gmt":"2026-01-03T20:11:08","slug":"somekansalta-yksimielinen-nakemys-elamani-biisi-ohjelman-tuuraajasta","status":"publish","type":"post","link":"https:\/\/www.europesays.com\/fi\/132675\/","title":{"rendered":"Somekansalta yksimielinen n\u00e4kemys El\u00e4m\u00e4ni biisi -ohjelman tuuraajasta"},"content":{"rendered":"<p>Mikko Kuustonen n\u00e4htiin Katja St\u00e5hlin tuuraajana El\u00e4m\u00e4ni biisiss\u00e4 lokakuussa. T\u00e4n\u00e4 lauantaina oli Mikko Silvennoisen vuoro.<\/p>\n<p class=\"article-body mb-nof-24 px-nof-16\">Lauantai-iltana n\u00e4hdyn El\u00e4m\u00e4ni biisi -ohjelman juonsi <a class=\"font-bold underline-offset-[0.12em] [text-decoration:var(--person-link-text-decoration)] ![text-decoration-color:var(--person-link-text-decoration-color)]\" href=\"https:\/\/www.is.fi\/haku\/?query=Katja%20St%C3%A5hlin\" rel=\"nofollow noopener\" target=\"_blank\">Katja St\u00e5hlin<\/a> sijasta euroviisuselostajana parhaiten tunnettu <a class=\"font-bold underline-offset-[0.12em] [text-decoration:var(--person-link-text-decoration)] ![text-decoration-color:var(--person-link-text-decoration-color)]\" href=\"https:\/\/www.is.fi\/haku\/?query=Mikko%20Silvennoinen\" rel=\"nofollow noopener\" target=\"_blank\">Mikko Silvennoinen<\/a>. H\u00e4n juonsi etuk\u00e4teen nauhoitetun euroviisuaiheisen erikoisjakson, jonka kuvausten aikoihin St\u00e5hl oli sairauslomalla.<\/p>\n<p class=\"article-body mb-nof-24 px-nof-16\">Ohjelman yst\u00e4vist\u00e4 monet ovat ilmaisseet somessa, ett\u00e4 Silvennoinen onnistui heid\u00e4n mielest\u00e4\u00e4n varsin hyvin teht\u00e4v\u00e4ss\u00e4\u00e4n.<\/p>\n<p class=\"article-body mb-nof-24 px-nof-16\">\u2013\u2009Mikko Silvennoinen on tosi hyv\u00e4, er\u00e4s kommentoi sosiaalisen median anonyymissa viestipalvelussa Jodelissa.<\/p>\n<p class=\"article-body mb-nof-24 px-nof-16\">\u2013\u2009Toimii.<\/p>\n<p class=\"article-body mb-nof-24 px-nof-16\">\u2013\u2009Sopii t\u00e4h\u00e4n erikoisjaksoon loistavasti.<\/p>\n<p class=\"article-body mb-nof-24 px-nof-16\">\u2013\u2009J\u00e4nnitt\u00e4\u00e4 selv\u00e4sti, mutta hyvin menee.<\/p>\n<p class=\"article-body mb-nof-24 px-nof-16\">Muuan jodlaajan mielest\u00e4 Silvennoinen juonsi \u201dv\u00e4h\u00e4n j\u00e4yk\u00e4sti\u201d, mutta ylivoimaisesti suurin osa kommenteista on Silvennoista kehuvia.<\/p>\n<p class=\"article-body mb-nof-24 px-nof-16\">My\u00f6s Vauva.fi-sivustolla Silvennoinen saa positiivista palautetta.<\/p>\n<p class=\"article-body mb-nof-24 px-nof-16\">\u2013\u2009H\u00e4n osaa juontohommat.<\/p>\n<p class=\"article-body mb-nof-24 px-nof-16\">\u2013\u2009Todella hyvin sopii Silvennoinen t\u00e4h\u00e4n.<\/p>\n<p class=\"article-body mb-nof-24 px-nof-16\">\u2013\u2009Juontaja on huippu. Kiva jakso muutoinkin.<\/p>\n<p><img decoding=\"async\" src=\"https:\/\/www.europesays.com\/fi\/wp-content\/uploads\/2026\/01\/1767471067_61_468.jpg\" alt=\"Silvennoinen is\u00e4nn\u00f6i El\u00e4m\u00e4ni biisi -erikoisjaksoa, jossa vieraina n\u00e4htiin viisukarkeloista tuttuja kasvoja.\" class=\"_Img_1rerz_1\" style=\"aspect-ratio:1.5\" loading=\"eager\"\/><\/p>\n<p class=\"article-picture-caption\">Silvennoinen is\u00e4nn\u00f6i El\u00e4m\u00e4ni biisi -erikoisjaksoa, jossa vieraina n\u00e4htiin viisukarkeloista tuttuja kasvoja. Kuva:\u00a0Atte M\u00e4l\u00e4sk\u00e4 \/ Yellow Film &amp; Tv Oy<\/p>\n<p><img decoding=\"async\" src=\"https:\/\/www.europesays.com\/fi\/wp-content\/uploads\/2026\/01\/1767471068_25_468.jpg\" alt=\"Katja St\u00e5hl on toiminut suosikkiohjelman juontajana vuodesta 2019 l\u00e4htien.\" class=\"_Img_1rerz_1\" style=\"aspect-ratio:0.6666666666666666\" loading=\"eager\"\/><\/p>\n<p class=\"article-picture-caption\">Katja St\u00e5hl on toiminut suosikkiohjelman juontajana vuodesta 2019 l\u00e4htien. Kuva:\u00a0Pete Aarre-Ahtio \/ IS<\/p>\n<p class=\"article-body mb-nof-24 px-nof-16\">My\u00f6s erikoisjakson vieraita hehkutetaan pitkin somea. Ohjelmassa visailivat Suomea viisuissa edustaneet <a class=\"font-bold underline-offset-[0.12em] [text-decoration:var(--person-link-text-decoration)] ![text-decoration-color:var(--person-link-text-decoration-color)]\" href=\"https:\/\/www.is.fi\/haku\/?query=Mr.%20Lordi\" rel=\"nofollow noopener\" target=\"_blank\">Mr. Lordi<\/a>, <a class=\"font-bold underline-offset-[0.12em] [text-decoration:var(--person-link-text-decoration)] ![text-decoration-color:var(--person-link-text-decoration-color)]\" href=\"https:\/\/www.is.fi\/haku\/?query=K%C3%A4%C3%A4rij%C3%A4\" rel=\"nofollow noopener\" target=\"_blank\">K\u00e4\u00e4rij\u00e4<\/a>, <a class=\"font-bold underline-offset-[0.12em] [text-decoration:var(--person-link-text-decoration)] ![text-decoration-color:var(--person-link-text-decoration-color)]\" href=\"https:\/\/www.is.fi\/haku\/?query=Marion%20Rung\" rel=\"nofollow noopener\" target=\"_blank\">Marion Rung<\/a>, <a class=\"font-bold underline-offset-[0.12em] [text-decoration:var(--person-link-text-decoration)] ![text-decoration-color:var(--person-link-text-decoration-color)]\" href=\"https:\/\/www.is.fi\/haku\/?query=Windows95man\" rel=\"nofollow noopener\" target=\"_blank\">Windows95man<\/a>, <a class=\"font-bold underline-offset-[0.12em] [text-decoration:var(--person-link-text-decoration)] ![text-decoration-color:var(--person-link-text-decoration-color)]\" href=\"https:\/\/www.is.fi\/haku\/?query=Erika%20Vikman\" rel=\"nofollow noopener\" target=\"_blank\">Erika Vikman<\/a> ja <a class=\"font-bold underline-offset-[0.12em] [text-decoration:var(--person-link-text-decoration)] ![text-decoration-color:var(--person-link-text-decoration-color)]\" href=\"https:\/\/www.is.fi\/haku\/?query=K%C3%A4%C3%A4rij%C3%A4\" rel=\"nofollow noopener\" target=\"_blank\">K\u00e4\u00e4rij\u00e4<\/a>. Katsojat ovat kommentoineet n\u00e4kem\u00e4\u00e4ns\u00e4 Ylen<a class=\"underline underline-offset-[0.12em] [text-decoration-thickness:var(--generic-link-underline-thickness)] [text-decoration-color:var(--generic-link-underline-color)] [text-decoration-skip-ink:var(--generic-link-underline-skip-ink)] break-words\" href=\"https:\/\/www.facebook.com\/yleisradio\" rel=\"nofollow noopener\" target=\"_blank\"> Facebook-tilill\u00e4<\/a>.<\/p>\n<p class=\"article-body mb-nof-24 px-nof-16\">\u2013\u2009Todella hupaisaa katsottavaa.<\/p>\n<p class=\"article-body mb-nof-24 px-nof-16\">\u2013\u2009Aivan mahtava ohjelma.<\/p>\n<p class=\"article-body mb-nof-24 px-nof-16\">\u2013\u2009Arvasin kaikkien biisit.<\/p>\n<p class=\"article-body mb-nof-24 px-nof-16\">\u2013\u2009Ihana K\u00e4\u00e4rij\u00e4.<\/p>\n<p class=\"article-body mb-nof-24 px-nof-16\">Ohjelmaa alusta asti eli vuodesta 2019 l\u00e4htien juontaneen St\u00e5hlin lokakuisen sairausloman aikana h\u00e4nt\u00e4 tuurasi my\u00f6s <a class=\"font-bold underline-offset-[0.12em] [text-decoration:var(--person-link-text-decoration)] ![text-decoration-color:var(--person-link-text-decoration-color)]\" href=\"https:\/\/www.is.fi\/haku\/?query=Mikko%20Kuustonen\" rel=\"nofollow noopener\" target=\"_blank\">Mikko Kuustonen<\/a>. Tuo jakso n\u00e4htiin tuoreeltaan televisiossa.<\/p>\n<p class=\"article-body nof-ui-body-medium mb-nof-24 px-nof-16\">El\u00e4m\u00e4ni biisi lauantai-iltaisin Ylell\u00e4 ja Yle Areenassa.<\/p>\n","protected":false},"excerpt":{"rendered":"Mikko Kuustonen n\u00e4htiin Katja St\u00e5hlin tuuraajana El\u00e4m\u00e4ni biisiss\u00e4 lokakuussa. T\u00e4n\u00e4 lauantaina oli Mikko Silvennoisen vuoro. Lauantai-iltana n\u00e4hdyn El\u00e4m\u00e4ni&hellip;\n","protected":false},"author":2,"featured_media":132676,"comment_status":"","ping_status":"","sticky":false,"template":"","format":"standard","meta":{"footnotes":""},"categories":[133],"tags":[137,33,31,30,34,32,206,156,109],"class_list":{"0":"post-132675","1":"post","2":"type-post","3":"status-publish","4":"format-standard","5":"has-post-thumbnail","7":"category-televisiot","8":"tag-entertainment","9":"tag-fi","10":"tag-finland","11":"tag-finnish","12":"tag-ilta-sanomat","13":"tag-suomi","14":"tag-televisiot","15":"tag-tv","16":"tag-viihde"},"share_on_mastodon":{"url":"https:\/\/pubeurope.com\/@fi\/115832991457924431","error":""},"_links":{"self":[{"href":"https:\/\/www.europesays.com\/fi\/wp-json\/wp\/v2\/posts\/132675","targetHints":{"allow":["GET"]}}],"collection":[{"href":"https:\/\/www.europesays.com\/fi\/wp-json\/wp\/v2\/posts"}],"about":[{"href":"https:\/\/www.europesays.com\/fi\/wp-json\/wp\/v2\/types\/post"}],"author":[{"embeddable":true,"href":"https:\/\/www.europesays.com\/fi\/wp-json\/wp\/v2\/users\/2"}],"replies":[{"embeddable":true,"href":"https:\/\/www.europesays.com\/fi\/wp-json\/wp\/v2\/comments?post=132675"}],"version-history":[{"count":0,"href":"https:\/\/www.europesays.com\/fi\/wp-json\/wp\/v2\/posts\/132675\/revisions"}],"wp:featuredmedia":[{"embeddable":true,"href":"https:\/\/www.europesays.com\/fi\/wp-json\/wp\/v2\/media\/132676"}],"wp:attachment":[{"href":"https:\/\/www.europesays.com\/fi\/wp-json\/wp\/v2\/media?parent=132675"}],"wp:term":[{"taxonomy":"category","embeddable":true,"href":"https:\/\/www.europesays.com\/fi\/wp-json\/wp\/v2\/categories?post=132675"},{"taxonomy":"post_tag","embeddable":true,"href":"https:\/\/www.europesays.com\/fi\/wp-json\/wp\/v2\/tags?post=132675"}],"curies":[{"name":"wp","href":"https:\/\/api.w.org\/{rel}","templated":true}]}}