{"id":132677,"date":"2026-01-03T20:15:08","date_gmt":"2026-01-03T20:15:08","guid":{"rendered":"https:\/\/www.europesays.com\/fi\/132677\/"},"modified":"2026-01-03T20:15:08","modified_gmt":"2026-01-03T20:15:08","slug":"ilvekselta-poikkeuksellinen-temppu-kapteenilta-paljastus-saunailloista-aamulehti","status":"publish","type":"post","link":"https:\/\/www.europesays.com\/fi\/132677\/","title":{"rendered":"Ilvekselt\u00e4 poikkeuksellinen temppu \u2013 kapteenilta paljastus saunailloista &#8211; Aamulehti"},"content":{"rendered":"<ol>\n<li><a href=\"https:\/\/news.google.com\/rss\/articles\/CBMiY0FVX3lxTE9nYjIyS3p5MWUzQzk0TUUwTHhIMXlveHNKN2RMa2Q1NHhhTEdyZkdtOWx5NnlaTlZfSGM3eWNscldoTkI2R05qaGVUVlpjMnpGM0RMNlVSdUZnX3RFU05KOHQtZw?oc=5\" target=\"_blank\" rel=\"nofollow noopener\">Ilvekselt\u00e4 poikkeuksellinen temppu \u2013 kapteenilta paljastus saunailloista<\/a>&nbsp;&nbsp;Aamulehti<\/li>\n<li><a href=\"https:\/\/news.google.com\/rss\/articles\/CBMiY0FVX3lxTFB1TXQ1UEZkQzVWeVYwdC1WeTh0dTR1dnN2WUZZblV6LXloUzB1aHRYZXpmbW5ScDMwZGFMUTNueWdhd2JqNTl2a0t6X05Uem9paWE4RE94dnhTTmEzV2JLeDRCTQ?oc=5\" target=\"_blank\" rel=\"nofollow noopener\">Seuranta | Ilvekselle kova takaisku \u2013 haussa jo kymmenes per\u00e4kk\u00e4inen voitto<\/a>&nbsp;&nbsp;Aamulehti<\/li>\n<li><a href=\"https:\/\/news.google.com\/rss\/articles\/CBMiwwFBVV95cUxPMklpWURGRGlIMkRQMlhMa01oUVZadnQwSXRGWHZYM1hfQW10SXBXcjBSRlE5UlpjenNRRmUwaHFWTDFpc01sYl9xbXgwY2J4WmI0SXBDYWVnYkcyNzFwSFRNYVQyclBFOVFkcWxud0JSc1Y0SGtoZldGelF6LUNBNmI2akdROXl1RVZfVjJOM2xPOEVPd014TFFhcnlsejZFa1FqZVdrTFR1Y0ZTaEdzYzRVcUhhU1ZMZ1U2UlVxRGZ3eDQ?oc=5\" target=\"_blank\" rel=\"nofollow noopener\">Tampereella n\u00e4htiin legendoja ja l\u00e4mpimi\u00e4 tunteita<\/a>&nbsp;&nbsp;Jatkoaika.com<\/li>\n<li><a href=\"https:\/\/news.google.com\/rss\/articles\/CBMiqgFBVV95cUxOWjE1WUZXZ1A2SlJ0ZGFCc0FRM3NhWGtEbXFTQ0I4ZnJBaWJCMXZITlZyX3Job184cjVQOEhyUTBheGFYUnZZaFpxLW9iSkFWQ3hHbWFXazdfc19CeldrNVNYbjYtdmxuSGJRMjdfXzRwek5aRjN2bU1mb3FEQ0FxNFh5eDV4SXZGNzI1S3l4eWxEX3kzd1h5LXF1WmhIUVNTcFhVbEFSTWp6QQ?oc=5\" target=\"_blank\" rel=\"nofollow noopener\">TPS:n vuoden ensimm\u00e4inen ottelu \u2013 Ilveksen vieraana Tampereella\u200b\u200b\u200b\u200b\u200b\u200b\u200b<\/a>&nbsp;&nbsp;Etusivu | TPS<\/li>\n<li><a href=\"https:\/\/news.google.com\/rss\/articles\/CBMiaEFVX3lxTE1zNEtWeWVLRXQyNlg1a3VSanpnYTF2ZHJvUzQ1SWhqNDEzTVM3ZnpZazdWS2JpYjZucXdMd3UtNWZiWW5pSmZYUUN1Q3J6aFVaQmZKOTl2WnprUXZld0Y1SXhzSkF4Q1hj?oc=5\" target=\"_blank\" rel=\"nofollow noopener\">Luke Henman: \u201dT\u00e4st\u00e4 tulee hieno ilta!\u201d<\/a>&nbsp;&nbsp;Ilves<\/li>\n<\/ol>\n","protected":false},"excerpt":{"rendered":"Ilvekselt\u00e4 poikkeuksellinen temppu \u2013 kapteenilta paljastus saunailloista&nbsp;&nbsp;Aamulehti Seuranta | Ilvekselle kova takaisku \u2013 haussa jo kymmenes per\u00e4kk\u00e4inen voitto&nbsp;&nbsp;Aamulehti&hellip;\n","protected":false},"author":2,"featured_media":132678,"comment_status":"","ping_status":"","sticky":false,"template":"","format":"standard","meta":{"footnotes":""},"categories":[158],"tags":[157,33,31,30,159,32,160],"class_list":{"0":"post-132677","1":"post","2":"type-post","3":"status-publish","4":"format-standard","5":"has-post-thumbnail","7":"category-urheilu","8":"tag-aamulehti","9":"tag-fi","10":"tag-finland","11":"tag-finnish","12":"tag-sports","13":"tag-suomi","14":"tag-urheilu"},"share_on_mastodon":{"url":"https:\/\/pubeurope.com\/@fi\/115833007178798107","error":""},"_links":{"self":[{"href":"https:\/\/www.europesays.com\/fi\/wp-json\/wp\/v2\/posts\/132677","targetHints":{"allow":["GET"]}}],"collection":[{"href":"https:\/\/www.europesays.com\/fi\/wp-json\/wp\/v2\/posts"}],"about":[{"href":"https:\/\/www.europesays.com\/fi\/wp-json\/wp\/v2\/types\/post"}],"author":[{"embeddable":true,"href":"https:\/\/www.europesays.com\/fi\/wp-json\/wp\/v2\/users\/2"}],"replies":[{"embeddable":true,"href":"https:\/\/www.europesays.com\/fi\/wp-json\/wp\/v2\/comments?post=132677"}],"version-history":[{"count":0,"href":"https:\/\/www.europesays.com\/fi\/wp-json\/wp\/v2\/posts\/132677\/revisions"}],"wp:featuredmedia":[{"embeddable":true,"href":"https:\/\/www.europesays.com\/fi\/wp-json\/wp\/v2\/media\/132678"}],"wp:attachment":[{"href":"https:\/\/www.europesays.com\/fi\/wp-json\/wp\/v2\/media?parent=132677"}],"wp:term":[{"taxonomy":"category","embeddable":true,"href":"https:\/\/www.europesays.com\/fi\/wp-json\/wp\/v2\/categories?post=132677"},{"taxonomy":"post_tag","embeddable":true,"href":"https:\/\/www.europesays.com\/fi\/wp-json\/wp\/v2\/tags?post=132677"}],"curies":[{"name":"wp","href":"https:\/\/api.w.org\/{rel}","templated":true}]}}