{"id":13268,"date":"2025-08-22T15:41:08","date_gmt":"2025-08-22T15:41:08","guid":{"rendered":"https:\/\/www.europesays.com\/fi\/13268\/"},"modified":"2025-08-22T15:41:08","modified_gmt":"2025-08-22T15:41:08","slug":"sarjakakkaaja-iski-viidetta-kertaa-kuukauden-sisaan-oulussa","status":"publish","type":"post","link":"https:\/\/www.europesays.com\/fi\/13268\/","title":{"rendered":"Sarjakakkaaja iski viidett\u00e4 kertaa kuukauden sis\u00e4\u00e4n Oulussa"},"content":{"rendered":"<p>Tiett\u00e4v\u00e4sti tapaus on jo viides kuukauden sis\u00e4ll\u00e4. <\/p>\n<p><img decoding=\"async\" class=\"image image-show image-preview\" src=\"https:\/\/www.europesays.com\/fi\/wp-content\/uploads\/2025\/08\/09c3730dbbd846f0e74fc5de92455db32aa3568449dc55f16a8976dd9aacc5c2.jpg\" alt=\"\"\/><img decoding=\"async\" class=\"image image-show\" src=\"https:\/\/www.europesays.com\/fi\/wp-content\/uploads\/2025\/08\/1755877268_501_09c3730dbbd846f0e74fc5de92455db32aa3568449dc55f16a8976dd9aacc5c2.jpg\" alt=\"\"\/><\/p>\n<p>Linnanmaan uimahalli otettiin k\u00e4ytt\u00f6\u00f6n 3.2.2025. Kuvituskuva. Pirkko V\u00e4\u00e4r\u00e4niemi \/ Oulun kaupunki<\/p>\n<p class=\"paragraph\">Oulussa Linnanmaan uimahallista on j\u00e4lleen l\u00f6ytynyt ulostetta, kertoo sanomalehti <a href=\"https:\/\/www.kaleva.fi\/ulosteloyto-sulki-taas-altaan-linnanmaalla-jo-viid\/11745168\" rel=\"noopener nofollow\" target=\"_blank\">Kaleva<\/a>.<\/p>\n<p class=\"paragraph\">Hallin kuntoallas on ollut t\u00e4n\u00e4\u00e4n suljettuna. Uimaopettajien esimies Erkko Korpela Oulun kaupungilta kertoo Kalevalle, ettei tapauksella ole silminn\u00e4kij\u00f6it\u00e4. Toisaalta kukaan ei ole my\u00f6sk\u00e4\u00e4n itse ilmoittanut kakanneensa ep\u00e4huomiossa altaaseen.<\/p>\n<p class=\"paragraph\">\u2013\u202fEi t\u00e4ss\u00e4 oikein voi muuta sanoa, kun ett\u00e4 nyt on joku t\u00e4llainen tilanne p\u00e4\u00e4ll\u00e4, ett\u00e4 emme ole edes osanneet ajatella, ett\u00e4 n\u00e4in voisi tapahtua, Korpela sanoo Kalevan mukaan.<\/p>\n<p class=\"paragraph\">Uloste havaittiin aamup\u00e4iv\u00e4ll\u00e4, ja altaaseen p\u00e4\u00e4see uimaan taas noin kello 17 iltap\u00e4iv\u00e4ll\u00e4.<\/p>\n<p class=\"paragraph\">Tiett\u00e4v\u00e4sti tapaus on jo viides kuukauden sis\u00e4ll\u00e4. Edellisen kerran altaaseen luiskahti sinne kuulumatonta j\u00e4tett\u00e4 alle viikko sitten sunnuntaina.<\/p>\n<p class=\"paragraph\">Monilla on viel\u00e4 muistissa Oulun Raksilan uimahallia taannoin vaivannut <a href=\"https:\/\/www.iltalehti.fi\/kotimaa\/201804262200905672\" rel=\"nofollow noopener\" target=\"_blank\">sarjakakkaaja, joka kylvi h\u00e4mmennyst\u00e4 tempauksillaan<\/a>. Oulun kaupunki on toistaiseksi kiist\u00e4nyt, ett\u00e4 Linnanmaan hallin ulostel\u00f6yd\u00f6iss\u00e4 olisi kyse vastaavasta ilmi\u00f6st\u00e4.<\/p>\n<p class=\"paragraph\">Korpela sanoi sunnuntain l\u00f6yd\u00f6ksest\u00e4 aiemmin uutisoineelle Kalevalle, ett\u00e4 nelj\u00e4nnenk\u00e4\u00e4n kerran j\u00e4lkeen ei ole ep\u00e4ilyj\u00e4 tahallisuudesta.<\/p>\n<p class=\"paragraph\">Iltalehti ei perjantaina tavoittanut Oulun kaupungin edustajaa kommentoimaan asiaa.<\/p>\n","protected":false},"excerpt":{"rendered":"Tiett\u00e4v\u00e4sti tapaus on jo viides kuukauden sis\u00e4ll\u00e4. Linnanmaan uimahalli otettiin k\u00e4ytt\u00f6\u00f6n 3.2.2025. Kuvituskuva. Pirkko V\u00e4\u00e4r\u00e4niemi \/ Oulun kaupunki&hellip;\n","protected":false},"author":2,"featured_media":13269,"comment_status":"","ping_status":"","sticky":false,"template":"","format":"standard","meta":{"footnotes":""},"categories":[5],"tags":[35,22,23,26,27,33,31,30,17,24,25,41,28,29,15,18,952,21,32,19,20,16],"class_list":{"0":"post-13268","1":"post","2":"type-post","3":"status-publish","4":"format-standard","5":"has-post-thumbnail","7":"category-otsikot","8":"tag-24h","9":"tag-breaking-news","10":"tag-breakingnews","11":"tag-featured-news","12":"tag-featurednews","13":"tag-fi","14":"tag-finland","15":"tag-finnish","16":"tag-headlines","17":"tag-latest-news","18":"tag-latestnews","19":"tag-liikunta-ja-urheilu","20":"tag-main-news","21":"tag-mainnews","22":"tag-news","23":"tag-otsikot","24":"tag-oulu","25":"tag-paauutiset","26":"tag-suomi","27":"tag-top-stories","28":"tag-topstories","29":"tag-uutiset"},"share_on_mastodon":{"url":"","error":""},"_links":{"self":[{"href":"https:\/\/www.europesays.com\/fi\/wp-json\/wp\/v2\/posts\/13268","targetHints":{"allow":["GET"]}}],"collection":[{"href":"https:\/\/www.europesays.com\/fi\/wp-json\/wp\/v2\/posts"}],"about":[{"href":"https:\/\/www.europesays.com\/fi\/wp-json\/wp\/v2\/types\/post"}],"author":[{"embeddable":true,"href":"https:\/\/www.europesays.com\/fi\/wp-json\/wp\/v2\/users\/2"}],"replies":[{"embeddable":true,"href":"https:\/\/www.europesays.com\/fi\/wp-json\/wp\/v2\/comments?post=13268"}],"version-history":[{"count":0,"href":"https:\/\/www.europesays.com\/fi\/wp-json\/wp\/v2\/posts\/13268\/revisions"}],"wp:featuredmedia":[{"embeddable":true,"href":"https:\/\/www.europesays.com\/fi\/wp-json\/wp\/v2\/media\/13269"}],"wp:attachment":[{"href":"https:\/\/www.europesays.com\/fi\/wp-json\/wp\/v2\/media?parent=13268"}],"wp:term":[{"taxonomy":"category","embeddable":true,"href":"https:\/\/www.europesays.com\/fi\/wp-json\/wp\/v2\/categories?post=13268"},{"taxonomy":"post_tag","embeddable":true,"href":"https:\/\/www.europesays.com\/fi\/wp-json\/wp\/v2\/tags?post=13268"}],"curies":[{"name":"wp","href":"https:\/\/api.w.org\/{rel}","templated":true}]}}