{"id":132681,"date":"2026-01-03T20:19:07","date_gmt":"2026-01-03T20:19:07","guid":{"rendered":"https:\/\/www.europesays.com\/fi\/132681\/"},"modified":"2026-01-03T20:19:07","modified_gmt":"2026-01-03T20:19:07","slug":"aamulla-maistui-aidin-saaristolaisleipa-illalla-maalit","status":"publish","type":"post","link":"https:\/\/www.europesays.com\/fi\/132681\/","title":{"rendered":"Aamulla maistui \u00e4idin saaristolaisleip\u00e4, illalla maalit"},"content":{"rendered":"<p>Hattutempun tehnyt puolustaja Roope Osmonen johdatti raumalaisten kakkoskent\u00e4n tehokkaaseen iltaan.<\/p>\n<p class=\"article-body mb-nof-24 px-nof-16\">Rauma<\/p>\n<p class=\"article-body nof-ui-body-medium mb-nof-24 px-nof-16\">SalBa\u2013SaiPa 9\u20135<\/p>\n<p class=\"article-body mb-nof-24 px-nof-16\">SalBan <a class=\"font-bold underline-offset-[0.12em] [text-decoration:var(--person-link-text-decoration)] ![text-decoration-color:var(--person-link-text-decoration-color)]\" href=\"https:\/\/www.satakunnankansa.fi\/haku\/?query=Roope%20Osmonen\" rel=\"nofollow noopener\" target=\"_blank\">Roope Osmonen<\/a> aloitti aamunsa \u00e4idin saaristolaisleiv\u00e4ll\u00e4.<\/p>\n<p class=\"article-body mb-nof-24 px-nof-16\">Illalla h\u00e4n napautti puolustajan paikalta hattutempun.<\/p>\n<p class=\"article-body mb-nof-24 px-nof-16\">\u201d\u00c4idin saaristolaisleiv\u00e4n t\u00e4ytyi olla salaisuus p\u00e4iv\u00e4n vireeseen\u201d, Osmonen naurahti.<\/p>\n<p class=\"article-body mb-nof-24 px-nof-16\">Ottelusta oli tulossa yhden miehen show, kun Osmonen teki SalBan nelj\u00e4st\u00e4 ensimm\u00e4isest\u00e4 maalista kolme. Taustatukeakin lopulta l\u00f6ytyi, kun SalBa voitti SaiPan 9\u20135 (3\u20131, 3\u20133, 3\u20131).<\/p>\n","protected":false},"excerpt":{"rendered":"Hattutempun tehnyt puolustaja Roope Osmonen johdatti raumalaisten kakkoskent\u00e4n tehokkaaseen iltaan. Rauma SalBa\u2013SaiPa 9\u20135 SalBan Roope Osmonen aloitti aamunsa&hellip;\n","protected":false},"author":2,"featured_media":132682,"comment_status":"","ping_status":"","sticky":false,"template":"","format":"standard","meta":{"footnotes":""},"categories":[76],"tags":[79,77,33,31,30,80,32,78],"class_list":{"0":"post-132681","1":"post","2":"type-post","3":"status-publish","4":"format-standard","5":"has-post-thumbnail","7":"category-talous","8":"tag-business","9":"tag-economy","10":"tag-fi","11":"tag-finland","12":"tag-finnish","13":"tag-satakunnan-kansa","14":"tag-suomi","15":"tag-talous"},"share_on_mastodon":{"url":"https:\/\/pubeurope.com\/@fi\/115833022992754572","error":""},"_links":{"self":[{"href":"https:\/\/www.europesays.com\/fi\/wp-json\/wp\/v2\/posts\/132681","targetHints":{"allow":["GET"]}}],"collection":[{"href":"https:\/\/www.europesays.com\/fi\/wp-json\/wp\/v2\/posts"}],"about":[{"href":"https:\/\/www.europesays.com\/fi\/wp-json\/wp\/v2\/types\/post"}],"author":[{"embeddable":true,"href":"https:\/\/www.europesays.com\/fi\/wp-json\/wp\/v2\/users\/2"}],"replies":[{"embeddable":true,"href":"https:\/\/www.europesays.com\/fi\/wp-json\/wp\/v2\/comments?post=132681"}],"version-history":[{"count":0,"href":"https:\/\/www.europesays.com\/fi\/wp-json\/wp\/v2\/posts\/132681\/revisions"}],"wp:featuredmedia":[{"embeddable":true,"href":"https:\/\/www.europesays.com\/fi\/wp-json\/wp\/v2\/media\/132682"}],"wp:attachment":[{"href":"https:\/\/www.europesays.com\/fi\/wp-json\/wp\/v2\/media?parent=132681"}],"wp:term":[{"taxonomy":"category","embeddable":true,"href":"https:\/\/www.europesays.com\/fi\/wp-json\/wp\/v2\/categories?post=132681"},{"taxonomy":"post_tag","embeddable":true,"href":"https:\/\/www.europesays.com\/fi\/wp-json\/wp\/v2\/tags?post=132681"}],"curies":[{"name":"wp","href":"https:\/\/api.w.org\/{rel}","templated":true}]}}