{"id":132683,"date":"2026-01-03T20:20:06","date_gmt":"2026-01-03T20:20:06","guid":{"rendered":"https:\/\/www.europesays.com\/fi\/132683\/"},"modified":"2026-01-03T20:20:06","modified_gmt":"2026-01-03T20:20:06","slug":"lumimyrakka-aiheutti-matkalaukkukaaoksen-arlandan-lentokentalla-uutisia-lyhyesti","status":"publish","type":"post","link":"https:\/\/www.europesays.com\/fi\/132683\/","title":{"rendered":"Lumimyr\u00e4kk\u00e4 aiheutti matkalaukkukaaoksen Arlandan lentokent\u00e4ll\u00e4 | Uutisia lyhyesti"},"content":{"rendered":"<p class=\"aw-1gybjub aw-1p7kakr kEtdKx cEmitX yle__article__paragraph\">Ruotsin t\u00e4rkein lentokentt\u00e4 Arlanda on ajautunut kaaokseen Anna-lumimyrskyn takia, uutisoi <a class=\"aw-iao6s4 iHOxEa yle__article__link\" href=\"https:\/\/www.aftonbladet.se\/nyheter\/a\/QJokpQ\/bagagehaveri-pa-arlanda-i-snoovadret-det-ar-kaos\" role=\"link\" rel=\"nofollow noopener\" target=\"_blank\">Aftonbladet.<\/a><\/p>\n<p class=\"aw-1gybjub aw-1p7kakr kEtdKx cEmitX yle__article__paragraph\">Lauantaina ihmiset joutuivat odottamaan matkatavaroitaan jopa useita tunteja.<\/p>\n<p class=\"aw-1gybjub aw-1p7kakr kEtdKx cEmitX yle__article__paragraph\">Swedian mukaan laukkujen siirt\u00e4misess\u00e4 on ilmennyt viiv\u00e4styksi\u00e4, sill\u00e4 tiet lentokoneiden ja matkatavarahallin v\u00e4lill\u00e4 eiv\u00e4t ole olleet aurattuja.<\/p>\n<p class=\"aw-1gybjub aw-1p7kakr kEtdKx cEmitX yle__article__paragraph\">Perjantaina Ruotsia koetellut lumimyrsky Anna aiheutti useita viiv\u00e4styksi\u00e4 lentoihin.<\/p>\n<p class=\"aw-1gybjub aw-1p7kakr kEtdKx cEmitX yle__article__paragraph\">Ruotsin ilmatieteen laitos SMHI antoi viikonlopuksi oranssin s\u00e4\u00e4varoituksen lumen takia.<\/p>\n","protected":false},"excerpt":{"rendered":"Ruotsin t\u00e4rkein lentokentt\u00e4 Arlanda on ajautunut kaaokseen Anna-lumimyrskyn takia, uutisoi Aftonbladet. Lauantaina ihmiset joutuivat odottamaan matkatavaroitaan jopa useita&hellip;\n","protected":false},"author":2,"featured_media":74,"comment_status":"","ping_status":"","sticky":false,"template":"","format":"standard","meta":{"footnotes":""},"categories":[14],"tags":[22,23,26,27,33,31,30,17,24,25,4209,9765,6329,28,29,15,18,21,110,32,19,20,56,16,59,60,61],"class_list":{"0":"post-132683","1":"post","2":"type-post","3":"status-publish","4":"format-standard","5":"has-post-thumbnail","7":"category-ulkomaat","8":"tag-breaking-news","9":"tag-breakingnews","10":"tag-featured-news","11":"tag-featurednews","12":"tag-fi","13":"tag-finland","14":"tag-finnish","15":"tag-headlines","16":"tag-latest-news","17":"tag-latestnews","18":"tag-lentokentat","19":"tag-lumi","20":"tag-lumimyrskyt","21":"tag-main-news","22":"tag-mainnews","23":"tag-news","24":"tag-otsikot","25":"tag-paauutiset","26":"tag-ruotsi","27":"tag-suomi","28":"tag-top-stories","29":"tag-topstories","30":"tag-ulkomaat","31":"tag-uutiset","32":"tag-world","33":"tag-world-news","34":"tag-worldnews"},"share_on_mastodon":{"url":"https:\/\/pubeurope.com\/@fi\/115833026841264622","error":""},"_links":{"self":[{"href":"https:\/\/www.europesays.com\/fi\/wp-json\/wp\/v2\/posts\/132683","targetHints":{"allow":["GET"]}}],"collection":[{"href":"https:\/\/www.europesays.com\/fi\/wp-json\/wp\/v2\/posts"}],"about":[{"href":"https:\/\/www.europesays.com\/fi\/wp-json\/wp\/v2\/types\/post"}],"author":[{"embeddable":true,"href":"https:\/\/www.europesays.com\/fi\/wp-json\/wp\/v2\/users\/2"}],"replies":[{"embeddable":true,"href":"https:\/\/www.europesays.com\/fi\/wp-json\/wp\/v2\/comments?post=132683"}],"version-history":[{"count":0,"href":"https:\/\/www.europesays.com\/fi\/wp-json\/wp\/v2\/posts\/132683\/revisions"}],"wp:featuredmedia":[{"embeddable":true,"href":"https:\/\/www.europesays.com\/fi\/wp-json\/wp\/v2\/media\/74"}],"wp:attachment":[{"href":"https:\/\/www.europesays.com\/fi\/wp-json\/wp\/v2\/media?parent=132683"}],"wp:term":[{"taxonomy":"category","embeddable":true,"href":"https:\/\/www.europesays.com\/fi\/wp-json\/wp\/v2\/categories?post=132683"},{"taxonomy":"post_tag","embeddable":true,"href":"https:\/\/www.europesays.com\/fi\/wp-json\/wp\/v2\/tags?post=132683"}],"curies":[{"name":"wp","href":"https:\/\/api.w.org\/{rel}","templated":true}]}}