{"id":132699,"date":"2026-01-03T21:00:08","date_gmt":"2026-01-03T21:00:08","guid":{"rendered":"https:\/\/www.europesays.com\/fi\/132699\/"},"modified":"2026-01-03T21:00:08","modified_gmt":"2026-01-03T21:00:08","slug":"katja-stahl-pyysi-vierasta-lopettamaan-pate-mustajarven-muistelun-kesken-muistolahetyksen","status":"publish","type":"post","link":"https:\/\/www.europesays.com\/fi\/132699\/","title":{"rendered":"Katja St\u00e5hl pyysi vierasta lopettamaan Pate Mustaj\u00e4rven muistelun kesken muistol\u00e4hetyksen"},"content":{"rendered":"<p>Ylen suorassa muistol\u00e4hetyksess\u00e4 kunnioitettiin Pate Mustaj\u00e4rven muistoa. Ohjelman juonsi Katja St\u00e5hl.<\/p>\n<p><img decoding=\"async\" class=\"image image-show image-preview\" src=\"https:\/\/www.europesays.com\/fi\/wp-content\/uploads\/2026\/01\/965d9e376ebdb0717b000ae77346a3f751d1c8d4592c7b7f5e0dc400c04f340c.jpg\" alt=\"\"\/><img decoding=\"async\" class=\"image image-show\" src=\"https:\/\/www.europesays.com\/fi\/wp-content\/uploads\/2026\/01\/1767474008_250_965d9e376ebdb0717b000ae77346a3f751d1c8d4592c7b7f5e0dc400c04f340c.jpg\" alt=\"\"\/><\/p>\n<p>Pate Mustaj\u00e4rvi kuoli 69-vuotiaana tapaninp\u00e4iv\u00e4n\u00e4. MIKKO HUISKO<\/p>\n<p class=\"paragraph\">Yle esitti lauantai-iltana kuolleen musiikkilegenda <strong>Pauli \u201dPate\u201d Mustaj\u00e4rven<\/strong> kunniaksi Pate Mustaj\u00e4rvi \u2013 Suomirockin legenda -muistol\u00e4hetyksen. <strong>Katja St\u00e5hli<\/strong>n juontamassa suorassa l\u00e4hetyksess\u00e4 Mustaj\u00e4rven tunteneet henkil\u00f6t muistelivat tapaninp\u00e4iv\u00e4n\u00e4 kuollutta 69-vuotiasta muusikkoa.<\/p>\n<p class=\"paragraph\">Yksi muistelijoista oli Mustaj\u00e4rven siskonpoika <strong>Jussi Aaltonen<\/strong>, joka on my\u00f6s tuurannut muusikkoa Popeda-yhtyeen keikoilla. St\u00e5hl nosti esiin, ett\u00e4 Aaltola keksi Mustaj\u00e4rven tunnetun Pate-lempinimen. Aaltonen kertoi tarinan lempinimen taustasta, johon kuuluu oravaonnettomuus.<\/p>\n<p class=\"paragraph\">\u2013 Laskimme kaverini kanssa alas m\u00e4kiautolla. Valtava onnettomuus Kynt\u00e4j\u00e4ntie 13:n kohdalla: ajoimme m\u00e4kiautolla oravan yli. Seh\u00e4n j\u00e4i kitumaan ja huutamaan kuin sy\u00f6t\u00e4v\u00e4 ja veti itse\u00e4\u00e4n eturaajoillaan, Aaltonen kertoi ja sai St\u00e5hlin irvist\u00e4m\u00e4\u00e4n kauhusta.<\/p>\n<p class=\"paragraph\">\u2013 L\u00e4hdin siit\u00e4 juoksemaan ja hakkaamaan mummun ovea ja Pauli avasi oven. Tilanne oli niin kriittinen, ett\u00e4 piti toimia nopeasti. Joten lyhensin tilanteen niin, ett\u00e4 \u201dPate, anna puukko\u201d. Ei muuten antanut, Aaltonen jatkoi tarinaa.<\/p>\n<p>Rokkari Jussi Aaltonen muisteli Pate Mustaj\u00e4rve\u00e4 suorassa l\u00e4hetyksess\u00e4. Minna Jalovaara<\/p>\n<p class=\"paragraph\">Puheenvuoronsa aikana Aaltonen jakoi my\u00f6s muun muassa muiston siit\u00e4, kuinka Mustaj\u00e4rvi nukutti heit\u00e4 uskomattomilla tarinoillaan.<\/p>\n<p class=\"paragraph\">\u2013 Samalla <strong>Eepo Lehtinen<\/strong> s\u00e4esti niit\u00e4 tarinoita kitarallaan. Eeppo Lehtinen saattoi ottaa sahtihuikan, jolloin Pauli jatkoi: \u201dJa vain vuoripuro solisi n\u00e4tisti\u201d, Aaltonen muisteli.<\/p>\n<p class=\"paragraph\">\u2013 Joku suvun naisistamme saattoi menn\u00e4 siit\u00e4 ohi ja iloisesti naurahtaa, jolloin siihenkin h\u00e4n [Mustaj\u00e4rvi] sanoi: \u201dJa pahamaineiset naiset vain nauroivat\u201d. Niin emmeh\u00e4n me nukkuneet pariin y\u00f6h\u00f6n, h\u00e4n lis\u00e4si.<\/p>\n<p class=\"paragraph\">\u2013 Nyt riitt\u00e4\u00e4 tai muuten mek\u00e4\u00e4n emme nuku pariin y\u00f6h\u00f6n, St\u00e5hl pyysi hieman naurahtaen.<\/p>\n<p>Katja St\u00e5hl pyysi vierasta lopettamaan kesken suoran l\u00e4hetyksen. Roosa Br\u00f6ijer<\/p>\n<p class=\"paragraph\">Popedan keulamiehen\u00e4 tunnettu Mustaj\u00e4rvi kuoli tapaninp\u00e4iv\u00e4n\u00e4 69-vuotiaana. H\u00e4nelt\u00e4 l\u00f6ydettiin kasvain lokakuussa. My\u00f6hemmin muusikko kertoi julkisuudessa, ett\u00e4 h\u00e4n on sairastunut sy\u00f6p\u00e4\u00e4n.<\/p>\n<p class=\"paragraph\">\u2013 Sy\u00f6v\u00e4n perkele heitti pienen kierrepallon keikkasuunnitelmiin, mutta t\u00e4ss\u00e4 sairauslomalla ollessa on hyvin aikaa kirjoittaa, laulaja kirjoitti marraskuussa.<\/p>\n","protected":false},"excerpt":{"rendered":"Ylen suorassa muistol\u00e4hetyksess\u00e4 kunnioitettiin Pate Mustaj\u00e4rven muistoa. Ohjelman juonsi Katja St\u00e5hl. Pate Mustaj\u00e4rvi kuoli 69-vuotiaana tapaninp\u00e4iv\u00e4n\u00e4. MIKKO HUISKO&hellip;\n","protected":false},"author":2,"featured_media":132700,"comment_status":"","ping_status":"","sticky":false,"template":"","format":"standard","meta":{"footnotes":""},"categories":[136],"tags":[35,138,407,137,33,31,30,408,47,141,742,32,484,109],"class_list":{"0":"post-132699","1":"post","2":"type-post","3":"status-publish","4":"format-standard","5":"has-post-thumbnail","7":"category-julkkikset","8":"tag-24h","9":"tag-audio","10":"tag-celebrities","11":"tag-entertainment","12":"tag-fi","13":"tag-finland","14":"tag-finnish","15":"tag-julkkikset","16":"tag-musiikki","17":"tag-muusikot-bandit","18":"tag-suomalainen-musiikki","19":"tag-suomi","20":"tag-taiteellinen-ilmaisu-ja-mediat","21":"tag-viihde"},"share_on_mastodon":{"url":"https:\/\/pubeurope.com\/@fi\/115833184171748157","error":""},"_links":{"self":[{"href":"https:\/\/www.europesays.com\/fi\/wp-json\/wp\/v2\/posts\/132699","targetHints":{"allow":["GET"]}}],"collection":[{"href":"https:\/\/www.europesays.com\/fi\/wp-json\/wp\/v2\/posts"}],"about":[{"href":"https:\/\/www.europesays.com\/fi\/wp-json\/wp\/v2\/types\/post"}],"author":[{"embeddable":true,"href":"https:\/\/www.europesays.com\/fi\/wp-json\/wp\/v2\/users\/2"}],"replies":[{"embeddable":true,"href":"https:\/\/www.europesays.com\/fi\/wp-json\/wp\/v2\/comments?post=132699"}],"version-history":[{"count":0,"href":"https:\/\/www.europesays.com\/fi\/wp-json\/wp\/v2\/posts\/132699\/revisions"}],"wp:featuredmedia":[{"embeddable":true,"href":"https:\/\/www.europesays.com\/fi\/wp-json\/wp\/v2\/media\/132700"}],"wp:attachment":[{"href":"https:\/\/www.europesays.com\/fi\/wp-json\/wp\/v2\/media?parent=132699"}],"wp:term":[{"taxonomy":"category","embeddable":true,"href":"https:\/\/www.europesays.com\/fi\/wp-json\/wp\/v2\/categories?post=132699"},{"taxonomy":"post_tag","embeddable":true,"href":"https:\/\/www.europesays.com\/fi\/wp-json\/wp\/v2\/tags?post=132699"}],"curies":[{"name":"wp","href":"https:\/\/api.w.org\/{rel}","templated":true}]}}