{"id":132703,"date":"2026-01-03T21:08:08","date_gmt":"2026-01-03T21:08:08","guid":{"rendered":"https:\/\/www.europesays.com\/fi\/132703\/"},"modified":"2026-01-03T21:08:08","modified_gmt":"2026-01-03T21:08:08","slug":"yleiso-itki-tahan-kappaleeseen-pate-mustajarven-muistolahetys-paattyi","status":"publish","type":"post","link":"https:\/\/www.europesays.com\/fi\/132703\/","title":{"rendered":"Yleis\u00f6 itki \u2013 T\u00e4h\u00e4n kappaleeseen Pate Mustaj\u00e4rven muistol\u00e4hetys p\u00e4\u00e4ttyi"},"content":{"rendered":"<p>Yle esitti Pate Mustaj\u00e4rven kunniaksi muistol\u00e4hetyksen lauantai-iltana.<\/p>\n<p><img decoding=\"async\" class=\"image image-show image-preview\" src=\"https:\/\/www.europesays.com\/fi\/wp-content\/uploads\/2026\/01\/5d75a765eb84372cba1d98acc35c83469fe2476f22d218964e0fc9fce1055721.jpg\" alt=\"\"\/><img decoding=\"async\" class=\"image image-show\" src=\"https:\/\/www.europesays.com\/fi\/wp-content\/uploads\/2026\/01\/1767474488_707_5d75a765eb84372cba1d98acc35c83469fe2476f22d218964e0fc9fce1055721.jpg\" alt=\"\"\/><\/p>\n<p>Pate Mustaj\u00e4rvi kuoli tapaninp\u00e4iv\u00e4n\u00e4 69-vuotiaana. Henri K\u00e4rkk\u00e4inen<\/p>\n<p class=\"paragraph\">Lauantai-iltana Ylen Pate Mustaj\u00e4rvi \u2013 Suomirockin legenda -l\u00e4hetyksess\u00e4 muisteltiin ja kunnioitettiin tapaninp\u00e4iv\u00e4n\u00e4 kuollutta musiikkilegendaa <strong>Pauli \u201dPate\u201d Mustaj\u00e4rve\u00e4<\/strong>.<\/p>\n<p class=\"paragraph\">L\u00e4hetyksess\u00e4 Mustaj\u00e4rven tunteneet henkil\u00f6it muistelivat muusikkoa. Suoran l\u00e4hetyksen p\u00e4\u00e4tteeksi juontaja <strong>Katja St\u00e5hl<\/strong> kiitti illan vieraita ja studioyleis\u00f6\u00e4 illasta.<\/p>\n<p class=\"paragraph\">\u2013 Tunsin l\u00e4sn\u00e4olonne koko ajan. T\u00e4m\u00e4 on ihan ihmeellist\u00e4, St\u00e5hl sanoi katsoen yleis\u00f6\u00e4 l\u00e4hetyksess\u00e4.<\/p>\n<p class=\"paragraph\">\u2013 Ja tietenkin kiitos Pate. Kiitos kaikesta siit\u00e4, mit\u00e4 meille annoit. Kiitos ilostasi, valostasi ja musiikista. Kiitos, h\u00e4n p\u00e4\u00e4tti puheensa.<\/p>\n<p class=\"paragraph\">Juontajan puheen j\u00e4lkeen l\u00e4hetyksess\u00e4 alkoi py\u00f6ri\u00e4 klippi Mustaj\u00e4rven vanhasta esityksest\u00e4, jossa h\u00e4n lauloi Jukeboxin luona -kappaleen. L\u00e4hetyksess\u00e4 n\u00e4kyi, kuinka yleis\u00f6 liikuttui kyyneliin legendan esityksen aikana \u2013 jotkut jopa pyyhkiv\u00e4t kyyneleit\u00e4\u00e4n.<\/p>\n<p class=\"paragraph\">Klipin j\u00e4lkeen l\u00e4hetys p\u00e4\u00e4ttyi lopputeksteihin, joiden taustalla n\u00e4kyi video Mustaj\u00e4rven <a href=\"https:\/\/www.iltalehti.fi\/viihdeuutiset\/19f33dcb-6b23-41dc-b49c-115f6675e864\" rel=\"nofollow noopener\" target=\"_blank\">heijastetusta kuvasta<\/a> Tammerkosken voimalaitoksen sein\u00e4ll\u00e4. Kyseess\u00e4 on Tampereen kaupungin kunnianosoitus Mustaj\u00e4rvelle. Lopputekstien taustalla soi Mustaj\u00e4rven hitti M\u00e4 el\u00e4n viel\u00e4kin.<\/p>\n<p>Pate Mustaj\u00e4rven kuva heijastettiin Tampereella Tammerkosken voimalaitoksen sein\u00e4\u00e4n. Juha Veli  Jokinen<\/p>\n<p class=\"paragraph\">Mustaj\u00e4rvi oli Popeda-yhtyeen keulakuva vuosikymmeni\u00e4, kunnes j\u00e4tti yhtyeen syyskuussa 2023. B\u00e4ndist\u00e4 l\u00e4hd\u00f6n j\u00e4lkeen Mustaj\u00e4rvi jatkoi soolouraansa, jota oli tehnyt jo aiemmin menestyksekk\u00e4\u00e4sti.<\/p>\n<p class=\"paragraph\">Mustaj\u00e4rvi j\u00e4tti l\u00e4htem\u00e4tt\u00f6m\u00e4n j\u00e4ljen suomalaiseen rockmusiikkiin. H\u00e4nen esitt\u00e4mi\u00e4\u00e4n j\u00e4rk\u00e4lem\u00e4isi\u00e4 hittej\u00e4 ovat muun muassa Matkalla Alabamaan, Kersantti Karoliina, Punaista ja makeaa, Jukeboxin luona ja esimerkiksi Ukkometso.<\/p>\n","protected":false},"excerpt":{"rendered":"Yle esitti Pate Mustaj\u00e4rven kunniaksi muistol\u00e4hetyksen lauantai-iltana. Pate Mustaj\u00e4rvi kuoli tapaninp\u00e4iv\u00e4n\u00e4 69-vuotiaana. Henri K\u00e4rkk\u00e4inen Lauantai-iltana Ylen Pate Mustaj\u00e4rvi&hellip;\n","protected":false},"author":2,"featured_media":132704,"comment_status":"","ping_status":"","sticky":false,"template":"","format":"standard","meta":{"footnotes":""},"categories":[130],"tags":[35,138,137,33,31,30,763,47,141,32,397,484,109],"class_list":{"0":"post-132703","1":"post","2":"type-post","3":"status-publish","4":"format-standard","5":"has-post-thumbnail","7":"category-viihde","8":"tag-24h","9":"tag-audio","10":"tag-entertainment","11":"tag-fi","12":"tag-finland","13":"tag-finnish","14":"tag-kulttuuri-ja-viihde","15":"tag-musiikki","16":"tag-muusikot-bandit","17":"tag-suomi","18":"tag-taide","19":"tag-taiteellinen-ilmaisu-ja-mediat","20":"tag-viihde"},"share_on_mastodon":{"url":"https:\/\/pubeurope.com\/@fi\/115833215606782588","error":""},"_links":{"self":[{"href":"https:\/\/www.europesays.com\/fi\/wp-json\/wp\/v2\/posts\/132703","targetHints":{"allow":["GET"]}}],"collection":[{"href":"https:\/\/www.europesays.com\/fi\/wp-json\/wp\/v2\/posts"}],"about":[{"href":"https:\/\/www.europesays.com\/fi\/wp-json\/wp\/v2\/types\/post"}],"author":[{"embeddable":true,"href":"https:\/\/www.europesays.com\/fi\/wp-json\/wp\/v2\/users\/2"}],"replies":[{"embeddable":true,"href":"https:\/\/www.europesays.com\/fi\/wp-json\/wp\/v2\/comments?post=132703"}],"version-history":[{"count":0,"href":"https:\/\/www.europesays.com\/fi\/wp-json\/wp\/v2\/posts\/132703\/revisions"}],"wp:featuredmedia":[{"embeddable":true,"href":"https:\/\/www.europesays.com\/fi\/wp-json\/wp\/v2\/media\/132704"}],"wp:attachment":[{"href":"https:\/\/www.europesays.com\/fi\/wp-json\/wp\/v2\/media?parent=132703"}],"wp:term":[{"taxonomy":"category","embeddable":true,"href":"https:\/\/www.europesays.com\/fi\/wp-json\/wp\/v2\/categories?post=132703"},{"taxonomy":"post_tag","embeddable":true,"href":"https:\/\/www.europesays.com\/fi\/wp-json\/wp\/v2\/tags?post=132703"}],"curies":[{"name":"wp","href":"https:\/\/api.w.org\/{rel}","templated":true}]}}