{"id":132705,"date":"2026-01-03T21:09:09","date_gmt":"2026-01-03T21:09:09","guid":{"rendered":"https:\/\/www.europesays.com\/fi\/132705\/"},"modified":"2026-01-03T21:09:09","modified_gmt":"2026-01-03T21:09:09","slug":"kanahaukka-lensi-sisaan-stora-enson-sahalla-pelastajat-houkuttelivat-ulos-paikalliset","status":"publish","type":"post","link":"https:\/\/www.europesays.com\/fi\/132705\/","title":{"rendered":"Kanahaukka lensi sis\u00e4\u00e4n Stora Enson sahalla \u2013 Pelastajat houkuttelivat ulos | Paikalliset"},"content":{"rendered":"<p>Joutsenossa Stora Enson Honkalahden sahan tuotantorakennuksessa lenteli lauantai-iltap\u00e4iv\u00e4n\u00e4 kanahaukka.<\/p>\n<p>\u2013 Ei ole mit\u00e4\u00e4n tietoa, miten lintu p\u00e4\u00e4tyi rakennukseen. Miehet tutkivat asiaa ja eiv\u00e4t ainakaan huomanneet mit\u00e4\u00e4n hyv\u00e4\u00e4 reitti\u00e4, josta se olisi p\u00e4\u00e4ssyt sis\u00e4lle, Etel\u00e4-Karjalan pelastuslaitoksen p\u00e4ivyst\u00e4v\u00e4 palomestari <strong>Kalle Lantta<\/strong> kertoo puhelimitse.<\/p>\n<p>Lintu lenteli holtittomasti ymp\u00e4riins\u00e4 ja oli vaaraksi satuttaa itse\u00e4\u00e4n. Se ei kuitenkaan Lantan tietojen mukaan aiheuttanut sotkuja tai vahinkoja tuotantorakennuksessa.<\/p>\n<p>Paikalle saapuneet Joutsenon paloaseman pelastajat houkuttelivat kanahaukan ulos.<\/p>\n<p>\u2013\u2009Se j\u00e4\u00e4k\u00f6\u00f6n palokunnan arvoitukseksi, miten se onnistui, Lantta sanoo ja naurahtaa.<\/p>\n<p>\u2013 Meill\u00e4 on er\u00e4it\u00e4 keinoja, joita k\u00e4ytet\u00e4\u00e4n el\u00e4inten houkuttelemiseen. Tarvittiin pikku harhautus, ja lintu saatiin houkuteltua ovelle. Ovi oli auki, ja lintu p\u00e4\u00e4si ulos.<\/p>\n<p>Lantta kuvailee, ett\u00e4 haukka l\u00e4hti hyvin liikkeelle eik\u00e4 n\u00e4ytt\u00e4nyt vahingoittuneen pienen seikkailunsa j\u00e4lkeen.<\/p>\n","protected":false},"excerpt":{"rendered":"Joutsenossa Stora Enson Honkalahden sahan tuotantorakennuksessa lenteli lauantai-iltap\u00e4iv\u00e4n\u00e4 kanahaukka. \u2013 Ei ole mit\u00e4\u00e4n tietoa, miten lintu p\u00e4\u00e4tyi rakennukseen.&hellip;\n","protected":false},"author":2,"featured_media":132706,"comment_status":"","ping_status":"","sticky":false,"template":"","format":"standard","meta":{"footnotes":""},"categories":[112],"tags":[821,4509,33,31,30,1445,823,2965,9084,938,118,8082,32,119],"class_list":{"0":"post-132705","1":"post","2":"type-post","3":"status-publish","4":"format-standard","5":"has-post-thumbnail","7":"category-tiede","8":"tag-eramaat","9":"tag-etela-karjalan-maakunta","10":"tag-fi","11":"tag-finland","12":"tag-finnish","13":"tag-maatalous","14":"tag-metsat","15":"tag-metsatalous-ja-riistatalous","16":"tag-metsateollisuus-metsatalous-ja-siihen-liittyvat-palvelut","17":"tag-rakennusmateriaalit","18":"tag-science","19":"tag-stora-enso","20":"tag-suomi","21":"tag-tiede"},"share_on_mastodon":{"url":"https:\/\/pubeurope.com\/@fi\/115833219460589790","error":""},"_links":{"self":[{"href":"https:\/\/www.europesays.com\/fi\/wp-json\/wp\/v2\/posts\/132705","targetHints":{"allow":["GET"]}}],"collection":[{"href":"https:\/\/www.europesays.com\/fi\/wp-json\/wp\/v2\/posts"}],"about":[{"href":"https:\/\/www.europesays.com\/fi\/wp-json\/wp\/v2\/types\/post"}],"author":[{"embeddable":true,"href":"https:\/\/www.europesays.com\/fi\/wp-json\/wp\/v2\/users\/2"}],"replies":[{"embeddable":true,"href":"https:\/\/www.europesays.com\/fi\/wp-json\/wp\/v2\/comments?post=132705"}],"version-history":[{"count":0,"href":"https:\/\/www.europesays.com\/fi\/wp-json\/wp\/v2\/posts\/132705\/revisions"}],"wp:featuredmedia":[{"embeddable":true,"href":"https:\/\/www.europesays.com\/fi\/wp-json\/wp\/v2\/media\/132706"}],"wp:attachment":[{"href":"https:\/\/www.europesays.com\/fi\/wp-json\/wp\/v2\/media?parent=132705"}],"wp:term":[{"taxonomy":"category","embeddable":true,"href":"https:\/\/www.europesays.com\/fi\/wp-json\/wp\/v2\/categories?post=132705"},{"taxonomy":"post_tag","embeddable":true,"href":"https:\/\/www.europesays.com\/fi\/wp-json\/wp\/v2\/tags?post=132705"}],"curies":[{"name":"wp","href":"https:\/\/api.w.org\/{rel}","templated":true}]}}