{"id":132710,"date":"2026-01-03T21:13:11","date_gmt":"2026-01-03T21:13:11","guid":{"rendered":"https:\/\/www.europesays.com\/fi\/132710\/"},"modified":"2026-01-03T21:13:11","modified_gmt":"2026-01-03T21:13:11","slug":"auto-suistui-tielta-ja-tormasi-puuhun-ylojarvella-yksi-loukkaantui","status":"publish","type":"post","link":"https:\/\/www.europesays.com\/fi\/132710\/","title":{"rendered":"Auto suistui tielt\u00e4 ja t\u00f6rm\u00e4si puuhun Yl\u00f6j\u00e4rvell\u00e4 \u2013 yksi loukkaantui"},"content":{"rendered":"<p>Ajokeli on huono lumen ja j\u00e4isten tienpintojen vuoksi.<\/p>\n<p class=\"article-body mb-nof-24 px-nof-16\">Aamulehti<\/p>\n<p class=\"article-body mb-nof-24 px-nof-16\">Henkil\u00f6auto suistui tielt\u00e4 ja t\u00f6rm\u00e4si puuhun Yl\u00f6j\u00e4rvell\u00e4 Lintuharjuntiell\u00e4 perjantain ja lauantain v\u00e4lisen\u00e4 y\u00f6n\u00e4.<\/p>\n<p class=\"article-body mb-nof-24 px-nof-16\">Autossa oli kaksi henkil\u00f6\u00e4, joista toinen pelastettiin ajoneuvosta. Yksi henkil\u00f6 loukkaantui, ja h\u00e4net kuljetettiin sairaalaan, kertoo Pirkanmaan pelastuslaitos.<\/p>\n<p class=\"article-body mb-nof-24 px-nof-16\">Pelastuslaitos sai tiedon onnettomuudesta hieman ennen aamunelj\u00e4\u00e4. Tieosuuden liikennett\u00e4 oli rajoitettu onnettomuuden raivaust\u00f6iden aikana, mutta osuus avattiin normaalille liikenteelle puoli seitsem\u00e4n aikaan.<\/p>\n<p class=\"article-body mb-nof-24 px-nof-16\">Onnettomuuden syyst\u00e4 ei ole tietoa, mutta olosuhteet olivat lumiset.<\/p>\n<p class=\"article-body mb-nof-24 px-nof-16\">Fintrafficin Tampereen tieliikennekeskus varoittaa lauantaina huonosta ajokelist\u00e4. Lumisade, p\u00f6lly\u00e4v\u00e4 lumi ja j\u00e4iset tienpinnat heikent\u00e4v\u00e4t ajokeli\u00e4. Erityisesti risteys- ja liittym\u00e4alueet voivat olla eritt\u00e4in liukkaita, tieliikennekeskus tiedottaa.<\/p>\n<p class=\"article-body nof-ui-body-medium mb-nof-24 px-nof-16\">Oikaisu 3.1.2026 kello 9.35: Korjattu karttaan oikea Lintuharjuntie. Kartassa oli aiemmin sijaintina Kurun it\u00e4puolella sijaitseva Lintuharjuntie. Oikea osoite on Viljakkalan suuntaan menness\u00e4.<\/p>\n","protected":false},"excerpt":{"rendered":"Ajokeli on huono lumen ja j\u00e4isten tienpintojen vuoksi. Aamulehti Henkil\u00f6auto suistui tielt\u00e4 ja t\u00f6rm\u00e4si puuhun Yl\u00f6j\u00e4rvell\u00e4 Lintuharjuntiell\u00e4 perjantain&hellip;\n","protected":false},"author":2,"featured_media":1431,"comment_status":"","ping_status":"","sticky":false,"template":"","format":"standard","meta":{"footnotes":""},"categories":[12],"tags":[157,22,23,26,27,33,31,30,17,24,25,28,29,15,18,21,32,19,20,16],"class_list":{"0":"post-132710","1":"post","2":"type-post","3":"status-publish","4":"format-standard","5":"has-post-thumbnail","7":"category-suomi","8":"tag-aamulehti","9":"tag-breaking-news","10":"tag-breakingnews","11":"tag-featured-news","12":"tag-featurednews","13":"tag-fi","14":"tag-finland","15":"tag-finnish","16":"tag-headlines","17":"tag-latest-news","18":"tag-latestnews","19":"tag-main-news","20":"tag-mainnews","21":"tag-news","22":"tag-otsikot","23":"tag-paauutiset","24":"tag-suomi","25":"tag-top-stories","26":"tag-topstories","27":"tag-uutiset"},"share_on_mastodon":{"url":"https:\/\/pubeurope.com\/@fi\/115833235289721733","error":""},"_links":{"self":[{"href":"https:\/\/www.europesays.com\/fi\/wp-json\/wp\/v2\/posts\/132710","targetHints":{"allow":["GET"]}}],"collection":[{"href":"https:\/\/www.europesays.com\/fi\/wp-json\/wp\/v2\/posts"}],"about":[{"href":"https:\/\/www.europesays.com\/fi\/wp-json\/wp\/v2\/types\/post"}],"author":[{"embeddable":true,"href":"https:\/\/www.europesays.com\/fi\/wp-json\/wp\/v2\/users\/2"}],"replies":[{"embeddable":true,"href":"https:\/\/www.europesays.com\/fi\/wp-json\/wp\/v2\/comments?post=132710"}],"version-history":[{"count":0,"href":"https:\/\/www.europesays.com\/fi\/wp-json\/wp\/v2\/posts\/132710\/revisions"}],"wp:featuredmedia":[{"embeddable":true,"href":"https:\/\/www.europesays.com\/fi\/wp-json\/wp\/v2\/media\/1431"}],"wp:attachment":[{"href":"https:\/\/www.europesays.com\/fi\/wp-json\/wp\/v2\/media?parent=132710"}],"wp:term":[{"taxonomy":"category","embeddable":true,"href":"https:\/\/www.europesays.com\/fi\/wp-json\/wp\/v2\/categories?post=132710"},{"taxonomy":"post_tag","embeddable":true,"href":"https:\/\/www.europesays.com\/fi\/wp-json\/wp\/v2\/tags?post=132710"}],"curies":[{"name":"wp","href":"https:\/\/api.w.org\/{rel}","templated":true}]}}