{"id":132716,"date":"2026-01-03T21:34:07","date_gmt":"2026-01-03T21:34:07","guid":{"rendered":"https:\/\/www.europesays.com\/fi\/132716\/"},"modified":"2026-01-03T21:34:07","modified_gmt":"2026-01-03T21:34:07","slug":"netflixista-poistuu-upean-nakoinen-scifi-kauhuleffa-pakokauhu-ja-paniikki-valittyy-katsojalle-aidosti","status":"publish","type":"post","link":"https:\/\/www.europesays.com\/fi\/132716\/","title":{"rendered":"Netflixist\u00e4 poistuu upean n\u00e4k\u00f6inen scifi-kauhuleffa \u2013 \u201dPakokauhu ja paniikki v\u00e4littyy katsojalle aidosti\u201d"},"content":{"rendered":"<p class=\"wp-embed-aspect-16-9 wp-has-aspect-ratio\">Life (2017) poistuu Netflixin valikoimasta 9. tammikuuta.<\/p>\n<p class=\"wp-embed-aspect-16-9 wp-has-aspect-ratio\"><strong>Daniel Espinosan<\/strong>\u00a0ohjaama scifi-kauhuelokuva kertoo avaruusaseman tiedemiehist\u00e4, jotka l\u00f6yt\u00e4v\u00e4t nopeasti kehittyv\u00e4n el\u00e4m\u00e4nmuodon Marsista. Tiedemiehet ja koko maapallo joutuvat kuitenkin suureen vaaraan, kun el\u00e4m\u00e4nmuoto paljastuu viisaammaksi ja vaarallisemmaksi kuin voisi luulla.<\/p>\n<p class=\"wp-embed-aspect-16-9 wp-has-aspect-ratio\">P\u00e4\u00e4osissa n\u00e4hd\u00e4\u00e4n\u00a0<strong>Jake Gyllenhaal<\/strong>,\u00a0<strong>Rebecca Ferguson<\/strong>,\u00a0<strong>Ryan Reynolds<\/strong>,\u00a0<strong>Hiroyuki Sanada<\/strong>,\u00a0<strong>Ariyon Bakare<\/strong>\u00a0ja\u00a0<strong>Olga Dichovichnaya<\/strong>.<\/p>\n<p>Lue my\u00f6s: <a href=\"https:\/\/www.episodi.fi\/uutiset\/nyt-suoratoistossa-ehka-kaikkien-aikojen-paras-sotaelokuva-julma-yksityiskohta-meni-katsojilta-ohi\/\" title=\"Nyt suoratoistossa: Ehk\u00e4 kaikkien aikojen paras sotaelokuva \u2013 julma yksityiskohta meni katsojilta ohi\" class=\"underline-custom !font-montserrat !font-bold !underline-offset-4 !decoration-4 !decoration-episodi-blue !text-md\" rel=\"nofollow noopener\" target=\"_blank\">Nyt suoratoistossa: Ehk\u00e4 kaikkien aikojen paras sotaelokuva \u2013 julma yksityiskohta meni katsojilta ohi<\/a><\/p>\n<p>Lue my\u00f6s: <a href=\"https:\/\/www.episodi.fi\/uutiset\/nyt-netflixissa-k18-kauhuleffaa-on-kutsuttu-aikuisviihteeksi-paljasta-pintaa-ja-verta-riittaa\/\" title=\"Nyt Netflixiss\u00e4: K18-kauhuleffaa on kutsuttu aikuisviihteeksi \u2013 paljasta pintaa ja verta riitt\u00e4\u00e4!\" class=\"underline-custom !font-montserrat !font-bold !underline-offset-4 !decoration-4 !decoration-episodi-blue !text-md\" rel=\"nofollow noopener\" target=\"_blank\">Nyt Netflixiss\u00e4: K18-kauhuleffaa on kutsuttu aikuisviihteeksi \u2013 paljasta pintaa ja verta riitt\u00e4\u00e4!<\/a><\/p>\n<p>Lue my\u00f6s: <a href=\"https:\/\/www.episodi.fi\/uutiset\/nyt-netflixissa-kauan-odotettu-fantasialeffa-lopputulos-valtava-pettymys\/\" title=\"Nyt Netflixiss\u00e4: Kauan odotettu fantasialeffa \u2013 lopputulos valtava pettymys!\" class=\"underline-custom !font-montserrat !font-bold !underline-offset-4 !decoration-4 !decoration-episodi-blue !text-md\" rel=\"nofollow noopener\" target=\"_blank\">Nyt Netflixiss\u00e4: Kauan odotettu fantasialeffa \u2013 lopputulos valtava pettymys!<\/a><\/p>\n<p class=\"wp-embed-aspect-16-9 wp-has-aspect-ratio\">Lifen <a href=\"https:\/\/www.rottentomatoes.com\/m\/life_2017\" target=\"_blank\" rel=\"noreferrer noopener nofollow\">Rotten Tomatoes -prosentti<\/a> on 68. <a href=\"https:\/\/www.episodi.fi\/elokuvat\/life\/\" target=\"_blank\" rel=\"noreferrer noopener nofollow\">Episodin arviossa<\/a> elokuva sai nelj\u00e4 t\u00e4hte\u00e4.<\/p>\n<p class=\"wp-embed-aspect-16-9 wp-has-aspect-ratio\">\u201dLife\u00a0on oikeasti pelottava.\u00a0Gravityn\u00a0(2013) kaltaista realistista n\u00e4kemyst\u00e4 avaruusasemasta voi kuvailla klaustrofobiseksi. Pakokauhu ja paniikki v\u00e4littyy katsojalle aidosti, ja tunnelma on tyylikk\u00e4\u00e4sti taltioitu. Elokuva todella n\u00e4ytt\u00e4\u00e4 ja kuulostaa upealta: sek\u00e4 avaruutta ett\u00e4 ahdasta tilaa hy\u00f6dynnet\u00e4\u00e4n kamera-ajoissa hienosti. Miss\u00e4\u00e4n kohtaa mit\u00e4\u00e4n uutta ei katsojalle tarjoilla, mutta se ei haittaa. Ideoiden sulatusuunina se onnistuu kuitenkin kannattelemaan itsens\u00e4 omana varsin viihdytt\u00e4v\u00e4n\u00e4 teoksena\u201d, kirjoitettiin arviossa.<\/p>\n<p class=\"wp-embed-aspect-16-9 wp-has-aspect-ratio\">Katso traileri alta. <\/p>\n<p><img loading=\"lazy\" decoding=\"async\" alt=\"YouTube video\" width=\"480\" height=\"360\" data-pin-nopin=\"true\" nopin=\"nopin\" class=\"perfmatters-lazy\" src=\"https:\/\/www.europesays.com\/fi\/wp-content\/uploads\/2026\/01\/1767476047_176_hqdefault.jpg\"\/><\/p>\n<p>Lue my\u00f6s: <a href=\"https:\/\/www.episodi.fi\/uutiskirje\/?uutiskirjemainos=tekstilinkkimainos\" title=\"Tilaa Episodin uutiskirje ja voit voittaa leffalippuja! Nappaa tv-vinkit suoraan s\u00e4hk\u00f6postiin t\u00e4st\u00e4.\" class=\"underline-custom !font-montserrat !font-bold !underline-offset-4 !decoration-4 !decoration-episodi-blue !text-md\" rel=\"nofollow noopener\" target=\"_blank\">Tilaa Episodin uutiskirje ja voit voittaa leffalippuja! Nappaa katseluvinkit suoraan s\u00e4hk\u00f6postiin t\u00e4st\u00e4.<\/a><\/p>\n","protected":false},"excerpt":{"rendered":"Life (2017) poistuu Netflixin valikoimasta 9. tammikuuta. Daniel Espinosan\u00a0ohjaama scifi-kauhuelokuva kertoo avaruusaseman tiedemiehist\u00e4, jotka l\u00f6yt\u00e4v\u00e4t nopeasti kehittyv\u00e4n el\u00e4m\u00e4nmuodon&hellip;\n","protected":false},"author":2,"featured_media":132717,"comment_status":"","ping_status":"","sticky":false,"template":"","format":"standard","meta":{"footnotes":""},"categories":[130],"tags":[137,33,31,30,217,32,109],"class_list":{"0":"post-132716","1":"post","2":"type-post","3":"status-publish","4":"format-standard","5":"has-post-thumbnail","7":"category-viihde","8":"tag-entertainment","9":"tag-fi","10":"tag-finland","11":"tag-finnish","12":"tag-netflix","13":"tag-suomi","14":"tag-viihde"},"share_on_mastodon":{"url":"https:\/\/pubeurope.com\/@fi\/115833317862102336","error":""},"_links":{"self":[{"href":"https:\/\/www.europesays.com\/fi\/wp-json\/wp\/v2\/posts\/132716","targetHints":{"allow":["GET"]}}],"collection":[{"href":"https:\/\/www.europesays.com\/fi\/wp-json\/wp\/v2\/posts"}],"about":[{"href":"https:\/\/www.europesays.com\/fi\/wp-json\/wp\/v2\/types\/post"}],"author":[{"embeddable":true,"href":"https:\/\/www.europesays.com\/fi\/wp-json\/wp\/v2\/users\/2"}],"replies":[{"embeddable":true,"href":"https:\/\/www.europesays.com\/fi\/wp-json\/wp\/v2\/comments?post=132716"}],"version-history":[{"count":0,"href":"https:\/\/www.europesays.com\/fi\/wp-json\/wp\/v2\/posts\/132716\/revisions"}],"wp:featuredmedia":[{"embeddable":true,"href":"https:\/\/www.europesays.com\/fi\/wp-json\/wp\/v2\/media\/132717"}],"wp:attachment":[{"href":"https:\/\/www.europesays.com\/fi\/wp-json\/wp\/v2\/media?parent=132716"}],"wp:term":[{"taxonomy":"category","embeddable":true,"href":"https:\/\/www.europesays.com\/fi\/wp-json\/wp\/v2\/categories?post=132716"},{"taxonomy":"post_tag","embeddable":true,"href":"https:\/\/www.europesays.com\/fi\/wp-json\/wp\/v2\/tags?post=132716"}],"curies":[{"name":"wp","href":"https:\/\/api.w.org\/{rel}","templated":true}]}}