{"id":132728,"date":"2026-01-03T21:51:09","date_gmt":"2026-01-03T21:51:09","guid":{"rendered":"https:\/\/www.europesays.com\/fi\/132728\/"},"modified":"2026-01-03T21:51:09","modified_gmt":"2026-01-03T21:51:09","slug":"huhu-nothingilta-tulossa-jopa-kolme-uutta-alypuhelinta-alkuvuoden-2025-aikana","status":"publish","type":"post","link":"https:\/\/www.europesays.com\/fi\/132728\/","title":{"rendered":"Huhu: Nothingilta tulossa jopa kolme uutta \u00e4lypuhelinta alkuvuoden 2025 aikana"},"content":{"rendered":"<p><a href=\"https:\/\/mobiili.fi\/wp-content\/uploads\/2025\/03\/IMG_5589-scaled.jpg\" data-lightbox=\"image\" rel=\"nofollow noopener\" target=\"_blank\"><img fetchpriority=\"high\" decoding=\"async\" aria-describedby=\"caption-attachment-256703\" class=\"size-large wp-image-256703\" src=\"data:image\/svg+xml,%3Csvg%20xmlns=\" http:=\"\" alt=\"Kuvassa Nothing Phone (3a) ja Nothing Phone (3a) Pro.\" width=\"1200\" height=\"940\" data-lazy- data-lazy- data-lazy-src=\"https:\/\/www.europesays.com\/fi\/wp-content\/uploads\/2025\/10\/IMG_5589-1200x940.jpg\"\/><\/a><\/p>\n<p id=\"caption-attachment-256703\" class=\"wp-caption-text\">Kuvassa Nothing Phone (3a) ja Nothing Phone (3a) Pro.<\/p>\n<p>Huhut tulevista Nothing-puhelimista jatkuvat.<\/p>\n<p><a href=\"https:\/\/mobiili.fi\/2025\/12\/11\/nothingin-tulevista-tuotteista-paljastui-tietoja-phone-4an-ja-phone-4a-pron-lisaksi-tulossa-headphone-a-kuulokkeet\/\" rel=\"nofollow noopener\" target=\"_blank\">Aiemmin joulukuussa kuultiin jo ensimm\u00e4iset huhut<\/a>, joiden mukaan Nothingilta ovat tulossa \u00e4lypuhelimet Nothing Phone (4a) ja (4a) Pro sek\u00e4 Nothing Headhone (a) -kuulokkeet.<\/p>\n<p><a href=\"https:\/\/mobiili.fi\/2025\/03\/04\/nothing-julkisti-phone-3an-ja-phone-3a-pron-jatkavat-tuttua-tyylia-nyt-entista-paremmilla-kameroilla\/\" rel=\"nofollow noopener\" target=\"_blank\">Nothing julkisti nykyiset Phone (3a):n ja Phone (3a) Pron maaliskuussa 2025<\/a>.<\/p>\n<p style=\"width: 98%; text-align: center; font-size:13px; border-bottom: 1px solid #C8C8C8; line-height: 0.1em; margin: 8px 1% 16px 1%;\">MAINOS (ARTIKKELI JATKUU ALLA)<\/p>\n<p>Nyt <a href=\"https:\/\/x.com\/heyitsyogesh\/status\/2007021408925474845\" rel=\"nofollow\">vuotaja Yogesh Brar on kertonut X-julkaisussaan<\/a> Nothingilla olevan ty\u00f6n alla vuoden 2026 ensimm\u00e4isen nelj\u00e4nneksen ajalle yhteens\u00e4 jopa kolme uutta Nothing- ja CMF-alabr\u00e4ndin puhelinta, joista kaksi on Pro-malleja.<\/p>\n<p>Puhelimissa tullaan vuotajan mukaan n\u00e4kem\u00e4\u00e4n sek\u00e4 Qualcommin Snapdragon-sarjan ett\u00e4 MediaTekin j\u00e4rjestelm\u00e4piirej\u00e4.<\/p>\n<p>Lis\u00e4ksi puhelinten ohella Nothingilta on tulossa uusia lis\u00e4varusteita, joita vuotaja ei tarkemmin toistaiseksi tarkentanut.<\/p>\n<p style=\"width: 98%; text-align: center; font-size:13px; border-bottom: 1px solid #C8C8C8; line-height: 0.1em; margin: 8px 1% 16px 1%;\">MAINOS (ARTIKKELI JATKUU ALLA)<\/p>\n<p>Aiemmin paljastuneiden tietojen mukaan tulevat Nothing Phone (4a) -sarjan puhelimet jatkaisivat Qualcommin Snapdragon 7(s) -sarjan piireill\u00e4 ja ainoastaan Prosta l\u00f6ytyy edelleen eSIM, kuten on asianlaita Phone (3a) -malleissakin. V\u00e4rivaihtoehtoina tulossa olisivat sininen, pinkki, valkoinen ja musta. Valikoimassa uusi vaihtoehto olisi pinkki, joka toisi samalla uuden s\u00e4vyn koko Nothing-puhelinmallistoon.<\/p>\n<p>Lis\u00e4\u00e4 huhuja tulevista Nothing-puhelimista kuultaneen jo l\u00e4hiaikoina.<\/p>\n<p>Mainos: <a href=\"https:\/\/hinta.fi\/?src=gPp6fX03\" target=\"_blank\" rel=\"nofollow noopener\">Noin 1 600 000 tuotteen hintavertailu ja hintaseuranta &#8211; katso Hinta.fist\u00e4 mist\u00e4 saat halvimmalla<\/a><\/p>\n","protected":false},"excerpt":{"rendered":"Kuvassa Nothing Phone (3a) ja Nothing Phone (3a) Pro. Huhut tulevista Nothing-puhelimista jatkuvat. Aiemmin joulukuussa kuultiin jo ensimm\u00e4iset&hellip;\n","protected":false},"author":2,"featured_media":62662,"comment_status":"","ping_status":"","sticky":false,"template":"","format":"standard","meta":{"footnotes":""},"categories":[85],"tags":[33,31,30,419,418,32,91,92],"class_list":{"0":"post-132728","1":"post","2":"type-post","3":"status-publish","4":"format-standard","5":"has-post-thumbnail","7":"category-mobiili","8":"tag-fi","9":"tag-finland","10":"tag-finnish","11":"tag-mobiili","12":"tag-mobile","13":"tag-suomi","14":"tag-technology","15":"tag-teknologia"},"share_on_mastodon":{"url":"https:\/\/pubeurope.com\/@fi\/115833384726114726","error":""},"_links":{"self":[{"href":"https:\/\/www.europesays.com\/fi\/wp-json\/wp\/v2\/posts\/132728","targetHints":{"allow":["GET"]}}],"collection":[{"href":"https:\/\/www.europesays.com\/fi\/wp-json\/wp\/v2\/posts"}],"about":[{"href":"https:\/\/www.europesays.com\/fi\/wp-json\/wp\/v2\/types\/post"}],"author":[{"embeddable":true,"href":"https:\/\/www.europesays.com\/fi\/wp-json\/wp\/v2\/users\/2"}],"replies":[{"embeddable":true,"href":"https:\/\/www.europesays.com\/fi\/wp-json\/wp\/v2\/comments?post=132728"}],"version-history":[{"count":0,"href":"https:\/\/www.europesays.com\/fi\/wp-json\/wp\/v2\/posts\/132728\/revisions"}],"wp:featuredmedia":[{"embeddable":true,"href":"https:\/\/www.europesays.com\/fi\/wp-json\/wp\/v2\/media\/62662"}],"wp:attachment":[{"href":"https:\/\/www.europesays.com\/fi\/wp-json\/wp\/v2\/media?parent=132728"}],"wp:term":[{"taxonomy":"category","embeddable":true,"href":"https:\/\/www.europesays.com\/fi\/wp-json\/wp\/v2\/categories?post=132728"},{"taxonomy":"post_tag","embeddable":true,"href":"https:\/\/www.europesays.com\/fi\/wp-json\/wp\/v2\/tags?post=132728"}],"curies":[{"name":"wp","href":"https:\/\/api.w.org\/{rel}","templated":true}]}}