{"id":132732,"date":"2026-01-03T21:59:10","date_gmt":"2026-01-03T21:59:10","guid":{"rendered":"https:\/\/www.europesays.com\/fi\/132732\/"},"modified":"2026-01-03T21:59:10","modified_gmt":"2026-01-03T21:59:10","slug":"kups-kaappasi-doni-arifin-ilveksesta-nyt-miehen-ura-jatkuu-saksan-2-bundesliigassa","status":"publish","type":"post","link":"https:\/\/www.europesays.com\/fi\/132732\/","title":{"rendered":"KuPS kaappasi Doni Arifin Ilveksest\u00e4 \u2013 nyt miehen ura jatkuu Saksan 2. Bundesliigassa"},"content":{"rendered":"<p>Hallitseva Suomen mestari KuPS menetti j\u00e4lleen yhden avainpelaajistaan.<\/p>\n<p class=\"article-body mb-nof-24 px-nof-16\">Aamulehti<\/p>\n<p class=\"article-body mb-nof-24 px-nof-16\">Ilveksen entinen puolustava keskikentt\u00e4pelaaja <a class=\"font-bold underline-offset-[0.12em] [text-decoration:var(--person-link-text-decoration)] ![text-decoration-color:var(--person-link-text-decoration-color)]\" href=\"https:\/\/www.aamulehti.fi\/haku\/?query=Doni%20Arifi\" rel=\"nofollow noopener\" target=\"_blank\">Doni Arifi<\/a> jatkaa uraansa Saksan toiseksi korkeimmalla sarjatasolla Greuther F\u00fcrthissa. Greuther F\u00fcrth <a class=\"underline underline-offset-[0.12em] [text-decoration-thickness:var(--generic-link-underline-thickness)] [text-decoration-color:var(--generic-link-underline-color)] [text-decoration-skip-ink:var(--generic-link-underline-skip-ink)] break-words\" href=\"https:\/\/www.sgf1903.de\/news\/profis\/kleeblatt-verpflichtet-mittelfeldspieler-arifi\" rel=\"nofollow noopener\" target=\"_blank\">tiedotti<\/a> lauantaina tehneens\u00e4 Arifin kanssa kes\u00e4\u00e4n 2027 ulottuvan sopimuksen.<\/p>\n<p class=\"article-body mb-nof-24 px-nof-16\">Greuther F\u00fcrth on parhaillaan toiseksi viimeisell\u00e4 sijalla 2. Bundesliigassa. 17 ottelusta tuloksena on 15 pistett\u00e4.<\/p>\n<p class=\"article-body mb-nof-24 px-nof-16\">\u201dKeskustelut ja ensimm\u00e4iset fiilikset olivat todella positiivisia ja ne vakuuttivat minut nopeasti siit\u00e4, ett\u00e4 nyt on oikea aika siirty\u00e4 Saksaan. Haluan p\u00e4\u00e4st\u00e4 suoraan kent\u00e4lle ja auttaa joukkuetta valmistautumaan parhaalla tavalla kauden j\u00e4lkimm\u00e4iseen puoliskoon\u201d, Arifi totesi Greuther F\u00fcrthin tiedotteessa.<\/p>\n<p class=\"article-body mb-nof-24 px-nof-16\">Arifi siirtyy Saksaan Kuopion Palloseurasta, jonne mies siirtyi Ilveksest\u00e4 alkuvuodesta 2025. KuPSissa Arifi p\u00e4\u00e4si juhlimaan miesten Suomen mestaruutta ja saavutettua historiallista Konferenssi-liigan lohkopaikkaa.<\/p>\n<p class=\"article-body mb-nof-24 px-nof-16\">Arifi pelasi KuPSissa 29 Veikkausliiga-ottelua, tehden yhden maalin Gnistania vastaan. Konferenssiliigassa h\u00e4n pelasi KuPSin jokaisessa liigavaiheen kuudesta pelist\u00e4, sek\u00e4 seuran kaikissa karsintapeleiss\u00e4.<\/p>\n<p class=\"article-body mb-nof-24 px-nof-16\">Arifin sopimus KuPSin kanssa p\u00e4\u00e4ttyi vuodenvaihteessa, joten h\u00e4n siirtyy uuteen seuraansa vapaana agenttina.<\/p>\n<p class=\"article-body mb-nof-24 px-nof-16\">Ilveksess\u00e4 Arifi pelasi vuodesta 2020 saakka. Ilveksen riveiss\u00e4 Arifi voitti Suomen cupin kaudella 2023. Liigaotteluita tamperelaisjoukkueessa kertyi 89 ja liigamaaleja kolme.<\/p>\n<p class=\"article-body mb-nof-24 px-nof-16\">Nyky\u00e4\u00e4n 23-vuotias Arifi on aiemmin urallaan esiintynyt my\u00f6s Suomen U21-maajoukkueessa.<\/p>\n","protected":false},"excerpt":{"rendered":"Hallitseva Suomen mestari KuPS menetti j\u00e4lleen yhden avainpelaajistaan. Aamulehti Ilveksen entinen puolustava keskikentt\u00e4pelaaja Doni Arifi jatkaa uraansa Saksan&hellip;\n","protected":false},"author":2,"featured_media":132733,"comment_status":"","ping_status":"","sticky":false,"template":"","format":"standard","meta":{"footnotes":""},"categories":[158],"tags":[157,33,31,30,159,32,160],"class_list":{"0":"post-132732","1":"post","2":"type-post","3":"status-publish","4":"format-standard","5":"has-post-thumbnail","7":"category-urheilu","8":"tag-aamulehti","9":"tag-fi","10":"tag-finland","11":"tag-finnish","12":"tag-sports","13":"tag-suomi","14":"tag-urheilu"},"share_on_mastodon":{"url":"https:\/\/pubeurope.com\/@fi\/115833416343750602","error":""},"_links":{"self":[{"href":"https:\/\/www.europesays.com\/fi\/wp-json\/wp\/v2\/posts\/132732","targetHints":{"allow":["GET"]}}],"collection":[{"href":"https:\/\/www.europesays.com\/fi\/wp-json\/wp\/v2\/posts"}],"about":[{"href":"https:\/\/www.europesays.com\/fi\/wp-json\/wp\/v2\/types\/post"}],"author":[{"embeddable":true,"href":"https:\/\/www.europesays.com\/fi\/wp-json\/wp\/v2\/users\/2"}],"replies":[{"embeddable":true,"href":"https:\/\/www.europesays.com\/fi\/wp-json\/wp\/v2\/comments?post=132732"}],"version-history":[{"count":0,"href":"https:\/\/www.europesays.com\/fi\/wp-json\/wp\/v2\/posts\/132732\/revisions"}],"wp:featuredmedia":[{"embeddable":true,"href":"https:\/\/www.europesays.com\/fi\/wp-json\/wp\/v2\/media\/132733"}],"wp:attachment":[{"href":"https:\/\/www.europesays.com\/fi\/wp-json\/wp\/v2\/media?parent=132732"}],"wp:term":[{"taxonomy":"category","embeddable":true,"href":"https:\/\/www.europesays.com\/fi\/wp-json\/wp\/v2\/categories?post=132732"},{"taxonomy":"post_tag","embeddable":true,"href":"https:\/\/www.europesays.com\/fi\/wp-json\/wp\/v2\/tags?post=132732"}],"curies":[{"name":"wp","href":"https:\/\/api.w.org\/{rel}","templated":true}]}}