{"id":132734,"date":"2026-01-03T22:00:07","date_gmt":"2026-01-03T22:00:07","guid":{"rendered":"https:\/\/www.europesays.com\/fi\/132734\/"},"modified":"2026-01-03T22:00:07","modified_gmt":"2026-01-03T22:00:07","slug":"netflixista-poistuu-raju-toimintaelokuva-vuodelta-2014-denzel-washington-kurittaa-venalaismafiaa","status":"publish","type":"post","link":"https:\/\/www.europesays.com\/fi\/132734\/","title":{"rendered":"Netflixist\u00e4 poistuu raju toimintaelokuva vuodelta 2014 \u2013 Denzel Washington kurittaa ven\u00e4l\u00e4ismafiaa"},"content":{"rendered":"<p>The Equalizer\u00a0\u2013\u00a0oikeuden puolustaja (2014) poistuu Netflixin valikoimasta 19. tammikuuta.<\/p>\n<p>Toimintaelokuva perustuu 1980-luvun tv-sarjaan Kutsukaa McCall. Robert McCall, entinen salaisten operaatioiden kommando on lavastanut kuolemansa voidakseen viett\u00e4\u00e4 rauhallista el\u00e4m\u00e4\u00e4 Bostonissa. Ennen pitk\u00e4\u00e4 h\u00e4n kuitenkin py\u00f6rt\u00e4\u00e4 vet\u00e4ytymisp\u00e4\u00e4t\u00f6ksens\u00e4 pelastaakseen nuoren tyt\u00f6n nimelt\u00e4 Teri \u2013 ja huomaa pian joutuneensa napit vastakkain ultrav\u00e4kivaltaisen ven\u00e4l\u00e4ismafian kanssa.<\/p>\n<p>Lue my\u00f6s: <a href=\"https:\/\/www.episodi.fi\/uutiset\/nyt-netflixissa-laadukas-mysteerielokuva-jarkyttava-ja-monia-kaanteita-sisaltava-trilleri\/\" title=\"Nyt Netflixiss\u00e4: Laadukas mysteerielokuva \u2013 \u201dJ\u00e4rkytt\u00e4v\u00e4 ja monia k\u00e4\u00e4nteit\u00e4 sis\u00e4lt\u00e4v\u00e4 trilleri\u201d\" class=\"underline-custom !font-montserrat !font-bold !underline-offset-4 !decoration-4 !decoration-episodi-blue !text-md\" rel=\"nofollow noopener\" target=\"_blank\">Nyt Netflixiss\u00e4: Laadukas mysteerielokuva \u2013 \u201dJ\u00e4rkytt\u00e4v\u00e4 ja monia k\u00e4\u00e4nteit\u00e4 sis\u00e4lt\u00e4v\u00e4 trilleri\u201d<\/a><\/p>\n<p>Lue my\u00f6s: <a href=\"https:\/\/www.episodi.fi\/uutiset\/netflixista-poistuu-viiden-tahden-sotadraama-vuodelta-2017-gary-oldman-tekee-mahdollisesti-uransa-parhaimman-roolityon\/\" title=\"Netflixist\u00e4 poistuu viiden t\u00e4hden sotadraama vuodelta 2017 \u2013 \u201dGary Oldman tekee mahdollisesti uransa parhaimman roolity\u00f6n\u201d\" class=\"underline-custom !font-montserrat !font-bold !underline-offset-4 !decoration-4 !decoration-episodi-blue !text-md\" rel=\"nofollow noopener\" target=\"_blank\">Netflixist\u00e4 poistuu viiden t\u00e4hden sotadraama vuodelta 2017 \u2013 \u201dGary Oldman tekee mahdollisesti uransa parhaimman roolity\u00f6n\u201d<\/a><\/p>\n<p>Lue my\u00f6s: <a href=\"https:\/\/www.episodi.fi\/uutiset\/netflixista-poistuu-viiden-tahden-kauhuelokuva-kertoo-suomalaisille-tutusta-aiheesta\/\" title=\"Netflixist\u00e4 poistuu viiden t\u00e4hden kauhuelokuva \u2013 suomalaisten suosikkijuhla saa karmivan k\u00e4\u00e4nteen\" class=\"underline-custom !font-montserrat !font-bold !underline-offset-4 !decoration-4 !decoration-episodi-blue !text-md\" rel=\"nofollow noopener\" target=\"_blank\">Netflixist\u00e4 poistuu viiden t\u00e4hden kauhuelokuva \u2013 suomalaisten suosikkijuhla saa karmivan k\u00e4\u00e4nteen<\/a><\/p>\n<p><strong>Antoine Fuquan<\/strong> ohjausty\u00f6n p\u00e4\u00e4osissa n\u00e4hd\u00e4\u00e4n <strong>Denzel Washington<\/strong>, <strong>Chlo\u00eb Grace Moretz<\/strong>, <strong>Marton Csokas<\/strong>, <strong>Bill Pullman<\/strong>, <strong>Melissa Leo<\/strong> ja <strong>David Harbour<\/strong>.<\/p>\n<p>The Equalizerin <a href=\"https:\/\/www.rottentomatoes.com\/m\/the_equalizer_2013\" rel=\"noreferrer noopener nofollow\" target=\"_blank\">Rotten Tomatoes -prosentti<\/a> on 60. Episodin <a href=\"https:\/\/www.episodi.fi\/elokuvat\/equalizer-oikeuden-puolustaja\/\" rel=\"nofollow noopener\" target=\"_blank\">arviossa<\/a> elokuva sai kaksi t\u00e4hte\u00e4.<\/p>\n<p>Katso traileri alta.<\/p>\n<p><img loading=\"lazy\" decoding=\"async\" alt=\"YouTube video\" width=\"480\" height=\"360\" data-pin-nopin=\"true\" nopin=\"nopin\" class=\"perfmatters-lazy\" src=\"https:\/\/www.europesays.com\/fi\/wp-content\/uploads\/2026\/01\/1767477607_707_hqdefault.jpg\"\/><\/p>\n<p>Lue my\u00f6s: <a href=\"https:\/\/www.episodi.fi\/uutiskirje\/?uutiskirjemainos=tekstilinkkimainos\" title=\"Tilaa Episodin uutiskirje ja voit voittaa leffalippuja! Nappaa tv-vinkit suoraan s\u00e4hk\u00f6postiin t\u00e4st\u00e4.\" class=\"underline-custom !font-montserrat !font-bold !underline-offset-4 !decoration-4 !decoration-episodi-blue !text-md\" rel=\"nofollow noopener\" target=\"_blank\">Tilaa Episodin uutiskirje ja voit voittaa leffalippuja! Nappaa katseluvinkit suoraan s\u00e4hk\u00f6postiin t\u00e4st\u00e4.<\/a><\/p>\n","protected":false},"excerpt":{"rendered":"The Equalizer\u00a0\u2013\u00a0oikeuden puolustaja (2014) poistuu Netflixin valikoimasta 19. tammikuuta. Toimintaelokuva perustuu 1980-luvun tv-sarjaan Kutsukaa McCall. Robert McCall, entinen&hellip;\n","protected":false},"author":2,"featured_media":132735,"comment_status":"","ping_status":"","sticky":false,"template":"","format":"standard","meta":{"footnotes":""},"categories":[130],"tags":[137,33,31,30,217,32,109],"class_list":{"0":"post-132734","1":"post","2":"type-post","3":"status-publish","4":"format-standard","5":"has-post-thumbnail","7":"category-viihde","8":"tag-entertainment","9":"tag-fi","10":"tag-finland","11":"tag-finnish","12":"tag-netflix","13":"tag-suomi","14":"tag-viihde"},"share_on_mastodon":{"url":"https:\/\/pubeurope.com\/@fi\/115833420035795367","error":""},"_links":{"self":[{"href":"https:\/\/www.europesays.com\/fi\/wp-json\/wp\/v2\/posts\/132734","targetHints":{"allow":["GET"]}}],"collection":[{"href":"https:\/\/www.europesays.com\/fi\/wp-json\/wp\/v2\/posts"}],"about":[{"href":"https:\/\/www.europesays.com\/fi\/wp-json\/wp\/v2\/types\/post"}],"author":[{"embeddable":true,"href":"https:\/\/www.europesays.com\/fi\/wp-json\/wp\/v2\/users\/2"}],"replies":[{"embeddable":true,"href":"https:\/\/www.europesays.com\/fi\/wp-json\/wp\/v2\/comments?post=132734"}],"version-history":[{"count":0,"href":"https:\/\/www.europesays.com\/fi\/wp-json\/wp\/v2\/posts\/132734\/revisions"}],"wp:featuredmedia":[{"embeddable":true,"href":"https:\/\/www.europesays.com\/fi\/wp-json\/wp\/v2\/media\/132735"}],"wp:attachment":[{"href":"https:\/\/www.europesays.com\/fi\/wp-json\/wp\/v2\/media?parent=132734"}],"wp:term":[{"taxonomy":"category","embeddable":true,"href":"https:\/\/www.europesays.com\/fi\/wp-json\/wp\/v2\/categories?post=132734"},{"taxonomy":"post_tag","embeddable":true,"href":"https:\/\/www.europesays.com\/fi\/wp-json\/wp\/v2\/tags?post=132734"}],"curies":[{"name":"wp","href":"https:\/\/api.w.org\/{rel}","templated":true}]}}