{"id":132746,"date":"2026-01-03T22:21:09","date_gmt":"2026-01-03T22:21:09","guid":{"rendered":"https:\/\/www.europesays.com\/fi\/132746\/"},"modified":"2026-01-03T22:21:09","modified_gmt":"2026-01-03T22:21:09","slug":"illalla-tvssa-kuvaustilanne-aityi-rajuksi-bruce-willis-ehdotti-pilleria-die-hard-jatko-osaa-tehdessa","status":"publish","type":"post","link":"https:\/\/www.europesays.com\/fi\/132746\/","title":{"rendered":"Illalla tv:ss\u00e4: Kuvaustilanne \u00e4ityi rajuksi &#8211; Bruce Willis ehdotti pilleri\u00e4 Die Hard -jatko-osaa tehdess\u00e4"},"content":{"rendered":"<p>Harvoinpa John McClanen kaltaista toimintahahmoa voisi kuvitella paniikin partaalle. N\u00e4in kuitenkin v\u00e4itetysti k\u00e4vi hahmon esitt\u00e4j\u00e4lle <strong>Bruce Willisille <\/strong>illalla n\u00e4ht\u00e4v\u00e4n Die Hard 4.0 (2007) -elokuvan kuvauksissa. Leffa l\u00f6ytyy my\u00f6s suoratoistopalveluista Disney Plus ja Ruutu Plus.<\/p>\n<p>Kuvauksissa sattuneesta kommelluksesta kertoi Willisin kanssa elokuvassa n\u00e4ytellyt <strong>Justin Long<\/strong>. Kaksikko oli valmistautumassa vaativaan takaa-ajokohtaukseen, kun Willis neuvoi Longia ottamaan Dramaminea pahoinvoinnin ehk\u00e4isemiseksi. Willis tiesi etuk\u00e4teen, ett\u00e4 luvassa olisi erityisen kuoppainen kyyti.<\/p>\n<p>Tilanne sai kuitenkin yll\u00e4tt\u00e4v\u00e4n k\u00e4\u00e4nteen. Long p\u00e4\u00e4tti tehd\u00e4 pienen j\u00e4yn\u00e4n ja tunki Willisin huomaamatta suuhunsa kaurahiutaleita. Kun kohtaus oli saatu purkkiin, Long p\u00e4\u00e4tti paljastaa temppunsa \u2013 ja seuraukset olivat kaikkea muuta kuin odotetut.<\/p>\n<p><img loading=\"lazy\" height=\"411\" width=\"648\" class=\"wp-image-115250 sp-no-webp perfmatters-lazy\" alt=\"\" decoding=\"async\" src=\"https:\/\/www.europesays.com\/fi\/wp-content\/uploads\/2026\/01\/die-hard-4-648x411.jpg\"  data-\/> Justin Long vasemmalla.<\/p>\n<p>Lue my\u00f6s: <a href=\"https:\/\/www.episodi.fi\/uutiset\/silloin-bruce-willisista-tuli-poikaystavani-emma-heming-willis-juhlistaa-18-vuotispavaa\/\" title=\"\u201dSilloin Bruce Willisist\u00e4 tuli poikayst\u00e4v\u00e4ni\u201d \u2013 Emma Heming Willis juhlistaa 18-vuotisp\u00e4v\u00e4\u00e4\" class=\"underline-custom !font-montserrat !font-bold !underline-offset-4 !decoration-4 !decoration-episodi-blue !text-md\" rel=\"nofollow noopener\" target=\"_blank\">\u201dSilloin Bruce Willisist\u00e4 tuli poikayst\u00e4v\u00e4ni\u201d \u2013 Emma Heming Willis juhlistaa 18-vuotisp\u00e4v\u00e4\u00e4<\/a><\/p>\n<p>\u2013 Kuinka voit, poika? Sanoin, ett\u00e4 sinun olisi pit\u00e4nyt ottaa se (l\u00e4\u00e4ke), Willis ojensi nuorta n\u00e4yttelij\u00e4\u00e4.<\/p>\n<p>Long esitti Willisin sanojen j\u00e4lkeen oksentavansa kaurapuuronsa ulos!<\/p>\n<p>\u2013 En ole koskaan n\u00e4hnyt John McClanen panikoivan, sill\u00e4 h\u00e4n ei panikoi elokuvissa. Mutta h\u00e4n *ittu panikoi, Long v\u00e4itti.<\/p>\n<p>N\u00e4yttelij\u00f6iden piti kaiken lis\u00e4ksi pysy\u00e4 kohtauksen j\u00e4lkeen autossa, joka ei ainakaan helpottanut Willisin tuntemuksia.<\/p>\n<p><strong>Len Wisemanin <\/strong>ohjaama elokuva toimii kelpona toimintaviihteen\u00e4, mutta ei yll\u00e4 ainakaan sarjan ensimm\u00e4isen osan tasolle.  Alla traileri.<\/p>\n<p>Tulevat l\u00e4hetykset:<\/p>\n<ul class=\"wp-block-list\">\n<li>La 3.1.2026 klo 22.00 \u00b7 Nelonen<\/li>\n<\/ul>\n<p>Lue my\u00f6s: <a href=\"https:\/\/www.episodi.fi\/uutiset\/etsitko-hyvaa-jouluelokuvaa-naista-vinkeista-loytyy-suosikkeja-jokaiseen-makuun\/\" title=\"Etsitk\u00f6 hyv\u00e4\u00e4 jouluelokuvaa? N\u00e4ist\u00e4 vinkeist\u00e4 l\u00f6ytyy suosikkeja jokaiseen makuun\" class=\"underline-custom !font-montserrat !font-bold !underline-offset-4 !decoration-4 !decoration-episodi-blue !text-md\" rel=\"nofollow noopener\" target=\"_blank\">Etsitk\u00f6 hyv\u00e4\u00e4 jouluelokuvaa? N\u00e4ist\u00e4 vinkeist\u00e4 l\u00f6ytyy suosikkeja jokaiseen makuun<\/a><\/p>\n<p>Lue my\u00f6s: <a href=\"https:\/\/www.episodi.fi\/uutiset\/onko-die-hard-jouluelokuva-vai-ei-britit-ratkaisivat-asian\/\" title=\"Onko Die Hard jouluelokuva vai ei? Britit ratkaisivat asian\" class=\"underline-custom !font-montserrat !font-bold !underline-offset-4 !decoration-4 !decoration-episodi-blue !text-md\" rel=\"nofollow noopener\" target=\"_blank\">Onko Die Hard jouluelokuva vai ei? Britit ratkaisivat asian<\/a><\/p>\n<p>Lue my\u00f6s: <a href=\"https:\/\/www.episodi.fi\/uutiset\/bruce-willisin-vaimo-jakoi-iloisen-vuoristoratavideon-muistuttaa-hoitokodissa-olevan-tahden-eloisasta-luonteesta\/\" title=\"Bruce Willisin vaimo jakoi iloisen vuoristoratavideon \u2013 muistutus Die Hard -t\u00e4hden sairautta edelt\u00e4v\u00e4st\u00e4 el\u00e4m\u00e4st\u00e4\" class=\"underline-custom !font-montserrat !font-bold !underline-offset-4 !decoration-4 !decoration-episodi-blue !text-md\" rel=\"nofollow noopener\" target=\"_blank\">Bruce Willisin vaimo jakoi iloisen vuoristoratavideon \u2013 muistutus Die Hard -t\u00e4hden sairautta edelt\u00e4v\u00e4st\u00e4 el\u00e4m\u00e4st\u00e4<\/a><\/p>\n<p><img loading=\"lazy\" decoding=\"async\" alt=\"YouTube video\" width=\"480\" height=\"360\" data-pin-nopin=\"true\" nopin=\"nopin\" class=\"perfmatters-lazy\" src=\"https:\/\/www.europesays.com\/fi\/wp-content\/uploads\/2026\/01\/1767246067_977_hqdefault.jpg\"\/><\/p>\n<p>Lue my\u00f6s: <a href=\"https:\/\/www.episodi.fi\/uutiskirje\/?uutiskirjemainos=tekstilinkkimainos\" title=\"Tilaa Episodin uutiskirje ja voit voittaa leffalippuja! Nappaa tv-vinkit suoraan s\u00e4hk\u00f6postiin t\u00e4st\u00e4.\" class=\"underline-custom !font-montserrat !font-bold !underline-offset-4 !decoration-4 !decoration-episodi-blue !text-md\" rel=\"nofollow noopener\" target=\"_blank\">Tilaa Episodin uutiskirje ja voit voittaa leffalippuja! Nappaa katseluvinkit suoraan s\u00e4hk\u00f6postiin t\u00e4st\u00e4.<\/a><\/p>\n","protected":false},"excerpt":{"rendered":"Harvoinpa John McClanen kaltaista toimintahahmoa voisi kuvitella paniikin partaalle. N\u00e4in kuitenkin v\u00e4itetysti k\u00e4vi hahmon esitt\u00e4j\u00e4lle Bruce Willisille illalla&hellip;\n","protected":false},"author":2,"featured_media":130448,"comment_status":"","ping_status":"","sticky":false,"template":"","format":"standard","meta":{"footnotes":""},"categories":[133],"tags":[137,33,31,30,32,206,139,156,109],"class_list":{"0":"post-132746","1":"post","2":"type-post","3":"status-publish","4":"format-standard","5":"has-post-thumbnail","7":"category-televisiot","8":"tag-entertainment","9":"tag-fi","10":"tag-finland","11":"tag-finnish","12":"tag-suomi","13":"tag-televisiot","14":"tag-tv-ohjelmat","15":"tag-tv","16":"tag-viihde"},"share_on_mastodon":{"url":"https:\/\/pubeurope.com\/@fi\/115833502645961501","error":""},"_links":{"self":[{"href":"https:\/\/www.europesays.com\/fi\/wp-json\/wp\/v2\/posts\/132746","targetHints":{"allow":["GET"]}}],"collection":[{"href":"https:\/\/www.europesays.com\/fi\/wp-json\/wp\/v2\/posts"}],"about":[{"href":"https:\/\/www.europesays.com\/fi\/wp-json\/wp\/v2\/types\/post"}],"author":[{"embeddable":true,"href":"https:\/\/www.europesays.com\/fi\/wp-json\/wp\/v2\/users\/2"}],"replies":[{"embeddable":true,"href":"https:\/\/www.europesays.com\/fi\/wp-json\/wp\/v2\/comments?post=132746"}],"version-history":[{"count":0,"href":"https:\/\/www.europesays.com\/fi\/wp-json\/wp\/v2\/posts\/132746\/revisions"}],"wp:featuredmedia":[{"embeddable":true,"href":"https:\/\/www.europesays.com\/fi\/wp-json\/wp\/v2\/media\/130448"}],"wp:attachment":[{"href":"https:\/\/www.europesays.com\/fi\/wp-json\/wp\/v2\/media?parent=132746"}],"wp:term":[{"taxonomy":"category","embeddable":true,"href":"https:\/\/www.europesays.com\/fi\/wp-json\/wp\/v2\/categories?post=132746"},{"taxonomy":"post_tag","embeddable":true,"href":"https:\/\/www.europesays.com\/fi\/wp-json\/wp\/v2\/tags?post=132746"}],"curies":[{"name":"wp","href":"https:\/\/api.w.org\/{rel}","templated":true}]}}