{"id":132747,"date":"2026-01-03T22:23:09","date_gmt":"2026-01-03T22:23:09","guid":{"rendered":"https:\/\/www.europesays.com\/fi\/132747\/"},"modified":"2026-01-03T22:23:09","modified_gmt":"2026-01-03T22:23:09","slug":"ei-tule-meikalaisen-kaksion-ovelle","status":"publish","type":"post","link":"https:\/\/www.europesays.com\/fi\/132747\/","title":{"rendered":"\u201dEi tule meik\u00e4l\u00e4isen kaksion ovelle\u201d"},"content":{"rendered":"<p>Ismo Leikolan dokumenttielokuva Ismo \u2013 Maailman hauskin ulkopuolinen esitet\u00e4\u00e4n t\u00e4n\u00e4\u00e4n MTV3:lla.<\/p>\n<p><img decoding=\"async\" class=\"image image-show image-preview\" src=\"https:\/\/www.europesays.com\/fi\/wp-content\/uploads\/2026\/01\/f9018ca48e61297e8f0053acc29b288437dd569c39f2450f756929dccb2b8c84.jpg\" alt=\"\"\/><img decoding=\"async\" class=\"image image-show\" src=\"https:\/\/www.europesays.com\/fi\/wp-content\/uploads\/2026\/01\/1767478989_30_f9018ca48e61297e8f0053acc29b288437dd569c39f2450f756929dccb2b8c84.jpg\" alt=\"\"\/><\/p>\n<p>Ismo Leikolan dokumenttielokuva ilmestyi elokuvateattereissa marraskuussa 2024. MTV<\/p>\n<p class=\"paragraph\">Koomikko <a href=\"https:\/\/www.iltalehti.fi\/henkilot\/Ismo Leikola\" class=\"article-link-person-page\" rel=\"nofollow noopener\" target=\"_blank\">Ismo Leikolasta<\/a> kertova dokumenttielokuva tulee t\u00e4n\u00e4\u00e4n ilmaiseksi katsottavaksi suoratoistopalvelu Katsomoon. Ismo \u2013 Maailman hauskin ulkopuolinen esitet\u00e4\u00e4n t\u00e4n\u00e4\u00e4n my\u00f6s MTV3:lla.<\/p>\n<p class=\"paragraph\">Vuosi sitten ilmestyneess\u00e4 dokumenttielokuvassa kuullaan Ismon ja h\u00e4nen l\u00e4heistens\u00e4 kokemuksia kansainv\u00e4list\u00e4 uraa tekev\u00e4n koomikon urasta ja sen vaatimista uhrauksista.<\/p>\n<p class=\"paragraph\">\u2013 Ismon kanssa yst\u00e4v\u00e4n\u00e4 oleminen on sit\u00e4, ett\u00e4 se on Ismon el\u00e4m\u00e4, johon min\u00e4 liityn, Ismo Leikolan koomikkoyst\u00e4v\u00e4 <strong>Teemu Vesterinen<\/strong> kuvailee dokumentissa.<\/p>\n<p class=\"paragraph\">\u2013 Ismo ei ikin\u00e4 tule meik\u00e4l\u00e4isen kaksion ovelle, ett\u00e4 mink\u00e4lainen meininki on. Mutta tied\u00e4n sen, ja Ismo itsekin tiet\u00e4\u00e4 sen. Se on rehellist\u00e4, Teemu sanoo.<\/p>\n<p class=\"paragraph\">Julkisuuden my\u00f6t\u00e4 Ismon kasvot tunnistetaan kaikkialla. Yst\u00e4v\u00e4 kertoo kerrasta, kun h\u00e4n ja Ismo meniv\u00e4t Kuopiossa uimahalliin.<\/p>\n<p class=\"paragraph\">\u2013 Menn\u00e4\u00e4n ihan muina miehin\u00e4 harrastamaan jotain tavallista, Teemu kertaa kaksikon suunnitelmaa.<\/p>\n<p class=\"paragraph\">Uimahallin pukuhuone oli t\u00e4ynn\u00e4 ihmisi\u00e4.<\/p>\n<p class=\"paragraph\">\u2013 Ismo ei halunnut, ett\u00e4 h\u00e4nt\u00e4 tunnistetaan. H\u00e4n otti pyyhkeen t\u00e4h\u00e4n n\u00e4in, peitti suun ja nen\u00e4n sill\u00e4, Teemu kertoo ja nostaa k\u00e4tens\u00e4 kasvojensa eteen.<\/p>\n<p class=\"paragraph\">\u2013 H\u00e4n oli niin peura ajovaloissa siin\u00e4.<\/p>\n<p class=\"paragraph\">Teemu ajatteli, ett\u00e4 periksi ei anneta ja uimahalliin menn\u00e4\u00e4n, vaikka se olisikin vaikeaa. Samalla her\u00e4si huoli yst\u00e4v\u00e4st\u00e4.<\/p>\n<p class=\"paragraph\">\u2013 Onko siin\u00e4 mit\u00e4\u00e4n j\u00e4rke\u00e4, ett\u00e4 el\u00e4m\u00e4 on mennyt tuohon pisteeseen, Teemu sanoo ajatelleensa.<\/p>\n<p class=\"paragraph\">Teemu Vesterisen lis\u00e4ksi puolitoistatuntisessa dokumentissa \u00e4\u00e4neen p\u00e4\u00e4sev\u00e4t muun muassa Ismon \u00e4iti <strong>Ritva Leikola<\/strong> ja ex-vaimo <strong>Angelika Leikola<\/strong>.<\/p>\n<p class=\"paragraph\">Ismo \u2013 Maailman hauskin ulkopuolinen t\u00e4n\u00e4\u00e4n MTV3:lla kello 19.30 &amp; Katsomossa. <a href=\"https:\/\/www.iltalehti.fi\/telkku\/\" rel=\"nofollow noopener\" target=\"_blank\">Katso kaikki\u00a0TV-ohjelmat ja l\u00e4hetysajat Telkun TV-oppaasta<\/a>.<\/p>\n","protected":false},"excerpt":{"rendered":"Ismo Leikolan dokumenttielokuva Ismo \u2013 Maailman hauskin ulkopuolinen esitet\u00e4\u00e4n t\u00e4n\u00e4\u00e4n MTV3:lla. Ismo Leikolan dokumenttielokuva ilmestyi elokuvateattereissa marraskuussa 2024.&hellip;\n","protected":false},"author":2,"featured_media":132748,"comment_status":"","ping_status":"","sticky":false,"template":"","format":"standard","meta":{"footnotes":""},"categories":[131],"tags":[35,153,155,137,33,173,31,30,172,1999,32,140,139,2581,109],"class_list":{"0":"post-132747","1":"post","2":"type-post","3":"status-publish","4":"format-standard","5":"has-post-thumbnail","7":"category-elokuvat","8":"tag-24h","9":"tag-audiovisuaalinen-media","10":"tag-elokuvat","11":"tag-entertainment","12":"tag-fi","13":"tag-film","14":"tag-finland","15":"tag-finnish","16":"tag-movies","17":"tag-suomalaiset-tv-ohjelmat","18":"tag-suomi","19":"tag-tv-ja-elokuvat","20":"tag-tv-ohjelmat","21":"tag-tv-2010-luku","22":"tag-viihde"},"share_on_mastodon":{"url":"https:\/\/pubeurope.com\/@fi\/115833510479971195","error":""},"_links":{"self":[{"href":"https:\/\/www.europesays.com\/fi\/wp-json\/wp\/v2\/posts\/132747","targetHints":{"allow":["GET"]}}],"collection":[{"href":"https:\/\/www.europesays.com\/fi\/wp-json\/wp\/v2\/posts"}],"about":[{"href":"https:\/\/www.europesays.com\/fi\/wp-json\/wp\/v2\/types\/post"}],"author":[{"embeddable":true,"href":"https:\/\/www.europesays.com\/fi\/wp-json\/wp\/v2\/users\/2"}],"replies":[{"embeddable":true,"href":"https:\/\/www.europesays.com\/fi\/wp-json\/wp\/v2\/comments?post=132747"}],"version-history":[{"count":0,"href":"https:\/\/www.europesays.com\/fi\/wp-json\/wp\/v2\/posts\/132747\/revisions"}],"wp:featuredmedia":[{"embeddable":true,"href":"https:\/\/www.europesays.com\/fi\/wp-json\/wp\/v2\/media\/132748"}],"wp:attachment":[{"href":"https:\/\/www.europesays.com\/fi\/wp-json\/wp\/v2\/media?parent=132747"}],"wp:term":[{"taxonomy":"category","embeddable":true,"href":"https:\/\/www.europesays.com\/fi\/wp-json\/wp\/v2\/categories?post=132747"},{"taxonomy":"post_tag","embeddable":true,"href":"https:\/\/www.europesays.com\/fi\/wp-json\/wp\/v2\/tags?post=132747"}],"curies":[{"name":"wp","href":"https:\/\/api.w.org\/{rel}","templated":true}]}}