{"id":132756,"date":"2026-01-03T22:31:08","date_gmt":"2026-01-03T22:31:08","guid":{"rendered":"https:\/\/www.europesays.com\/fi\/132756\/"},"modified":"2026-01-03T22:31:08","modified_gmt":"2026-01-03T22:31:08","slug":"merikaapelin-rikkomisesta-epaillyn-miehiston-jasenta-esitetaan-vangittavaksi","status":"publish","type":"post","link":"https:\/\/www.europesays.com\/fi\/132756\/","title":{"rendered":"Merikaapelin rikkomisesta ep\u00e4illyn miehist\u00f6n j\u00e4sent\u00e4 esitet\u00e4\u00e4n vangittavaksi"},"content":{"rendered":"<p>Vangittavaksi esitett\u00e4v\u00e4 on Azerbaid\u017eanin kansalainen.<\/p>\n<p>3.1. 14:24 | P\u00e4ivitetty 3.1. 16:08<\/p>\n<p class=\"article-body mb-nof-24 px-nof-16\">Poliisi esitt\u00e4\u00e4 Fitburg-rahtialuksen miehist\u00f6n j\u00e4sent\u00e4 vangittavaksi.<\/p>\n<p class=\"article-body mb-nof-24 px-nof-16\">Kahdesta aiemmin pid\u00e4tetyst\u00e4 miehist\u00f6n j\u00e4senest\u00e4 Ven\u00e4j\u00e4n kansalainen on m\u00e4\u00e4r\u00e4tty lauantaina matkustuskieltoon ja Azerbaid\u017eanin kansalaista esitet\u00e4\u00e4n vangittavaksi, poliisi kertoo tiedotteessa.<\/p>\n<p class=\"article-body mb-nof-24 px-nof-16\">Rahtialuksen miehist\u00f6n 14 j\u00e4senest\u00e4 kolme on t\u00e4ll\u00e4 hetkell\u00e4 matkustuskiellossa, poliisi kertoo.<\/p>\n<p class=\"article-body mb-nof-24 px-nof-16\">Poliisi ei tarkenna vangittavaksi esitetyn asemaa aluksen miehist\u00f6ss\u00e4 esitutkinnallisiin syihin vedoten.<\/p>\n<p class=\"article-body mb-nof-24 px-nof-16\">\u201dAlukselta ker\u00e4tyn aineiston analysointi tulee arviolta kest\u00e4m\u00e4\u00e4n useita viikkoja. Esitutkintatoimet aluksella jatkuvat edelleen\u201d, tiedotteessa kerrotaan.<\/p>\n<p class=\"article-body mb-nof-24 px-nof-16\">Tutkinnan yleisjohtaja, keskusrikospoliisin rikosylikomisario <a class=\"font-bold underline-offset-[0.12em] [text-decoration:var(--person-link-text-decoration)] ![text-decoration-color:var(--person-link-text-decoration-color)] article-strong\" href=\"https:\/\/www.aamulehti.fi\/haku\/?query=Risto%20Lohi\" rel=\"nofollow noopener\" target=\"_blank\">Risto Lohi<\/a> kertoo, ett\u00e4 pid\u00e4tettyjen kuulustelut ovat lauantaina iltap\u00e4iv\u00e4ll\u00e4 yh\u00e4 k\u00e4ynniss\u00e4, joten niiden sis\u00e4ll\u00f6st\u00e4 ei t\u00e4ss\u00e4 vaiheessa anneta tarkempia tietoja julkisuuteen.<\/p>\n<p class=\"article-body mb-nof-24 px-nof-16\">\u201dPid\u00e4tettyj\u00e4 ep\u00e4ill\u00e4\u00e4n t\u00f6rke\u00e4st\u00e4 vahingonteosta, t\u00f6rke\u00e4st\u00e4 vahingonteon yrityksest\u00e4 ja t\u00f6rke\u00e4st\u00e4 tietoliikenteen h\u00e4irinn\u00e4st\u00e4\u201d, Lohi sanoo.<\/p>\n<p class=\"article-body mb-nof-24 px-nof-16\">Viranomaiset ottivat keskiviikkona haltuunsa Fitburg-rahtialuksen, jonka ep\u00e4ill\u00e4\u00e4n vaurioittaneen teleoperaattori Elisan merikaapelia Helsingin ja Tallinnan v\u00e4lill\u00e4.<\/p>\n","protected":false},"excerpt":{"rendered":"Vangittavaksi esitett\u00e4v\u00e4 on Azerbaid\u017eanin kansalainen. 3.1. 14:24 | P\u00e4ivitetty 3.1. 16:08 Poliisi esitt\u00e4\u00e4 Fitburg-rahtialuksen miehist\u00f6n j\u00e4sent\u00e4 vangittavaksi. Kahdesta&hellip;\n","protected":false},"author":2,"featured_media":132757,"comment_status":"","ping_status":"","sticky":false,"template":"","format":"standard","meta":{"footnotes":""},"categories":[12],"tags":[157,22,23,26,27,33,31,30,17,24,25,28,29,15,18,21,32,19,20,16],"class_list":{"0":"post-132756","1":"post","2":"type-post","3":"status-publish","4":"format-standard","5":"has-post-thumbnail","7":"category-suomi","8":"tag-aamulehti","9":"tag-breaking-news","10":"tag-breakingnews","11":"tag-featured-news","12":"tag-featurednews","13":"tag-fi","14":"tag-finland","15":"tag-finnish","16":"tag-headlines","17":"tag-latest-news","18":"tag-latestnews","19":"tag-main-news","20":"tag-mainnews","21":"tag-news","22":"tag-otsikot","23":"tag-paauutiset","24":"tag-suomi","25":"tag-top-stories","26":"tag-topstories","27":"tag-uutiset"},"share_on_mastodon":{"url":"https:\/\/pubeurope.com\/@fi\/115833542058035438","error":""},"_links":{"self":[{"href":"https:\/\/www.europesays.com\/fi\/wp-json\/wp\/v2\/posts\/132756","targetHints":{"allow":["GET"]}}],"collection":[{"href":"https:\/\/www.europesays.com\/fi\/wp-json\/wp\/v2\/posts"}],"about":[{"href":"https:\/\/www.europesays.com\/fi\/wp-json\/wp\/v2\/types\/post"}],"author":[{"embeddable":true,"href":"https:\/\/www.europesays.com\/fi\/wp-json\/wp\/v2\/users\/2"}],"replies":[{"embeddable":true,"href":"https:\/\/www.europesays.com\/fi\/wp-json\/wp\/v2\/comments?post=132756"}],"version-history":[{"count":0,"href":"https:\/\/www.europesays.com\/fi\/wp-json\/wp\/v2\/posts\/132756\/revisions"}],"wp:featuredmedia":[{"embeddable":true,"href":"https:\/\/www.europesays.com\/fi\/wp-json\/wp\/v2\/media\/132757"}],"wp:attachment":[{"href":"https:\/\/www.europesays.com\/fi\/wp-json\/wp\/v2\/media?parent=132756"}],"wp:term":[{"taxonomy":"category","embeddable":true,"href":"https:\/\/www.europesays.com\/fi\/wp-json\/wp\/v2\/categories?post=132756"},{"taxonomy":"post_tag","embeddable":true,"href":"https:\/\/www.europesays.com\/fi\/wp-json\/wp\/v2\/tags?post=132756"}],"curies":[{"name":"wp","href":"https:\/\/api.w.org\/{rel}","templated":true}]}}