{"id":132770,"date":"2026-01-03T22:55:27","date_gmt":"2026-01-03T22:55:27","guid":{"rendered":"https:\/\/www.europesays.com\/fi\/132770\/"},"modified":"2026-01-03T22:55:27","modified_gmt":"2026-01-03T22:55:27","slug":"elaketurvakeskus-tyoelakkeet-muuttuvat-vuonna-2026-elaketta-voi-kartuttaa-vuoden-pidempaan-3","status":"publish","type":"post","link":"https:\/\/www.europesays.com\/fi\/132770\/","title":{"rendered":"El\u00e4keturvakeskus: Ty\u00f6el\u00e4kkeet muuttuvat vuonna 2026 \u2013 el\u00e4kett\u00e4 voi kartuttaa vuoden pidemp\u00e4\u00e4n"},"content":{"rendered":"<p>Vuodenvaihteessa ty\u00f6el\u00e4kkeisiin tulee monia muutoksia.<\/p>\n<p>2.1. 11:00<\/p>\n<p class=\"article-body mb-nof-24 px-nof-16\">Ensi vuoden aikana kaikki vuonna 1961 syntyneet saavuttavat alimman vanhuusel\u00e4keik\u00e4ns\u00e4, El\u00e4keturvakeskus (ETK) kertoo tiedotteessaan.<\/p>\n<p class=\"article-body mb-nof-24 px-nof-16\">Alin el\u00e4keik\u00e4 on 64 vuotta ja yhdeks\u00e4n kuukautta, joten alkuvuodesta 1961 syntyneet ovat voineet j\u00e4\u00e4d\u00e4 vanhuusel\u00e4kkeelle jo kuluvan vuoden lopussa. Vuoden 1961 joulukuussa syntyneet puolestaan voivat j\u00e4\u00e4d\u00e4 vanhuusel\u00e4kkeelle aikaisintaan ensi vuoden lokakuussa.<\/p>\n","protected":false},"excerpt":{"rendered":"Vuodenvaihteessa ty\u00f6el\u00e4kkeisiin tulee monia muutoksia. 2.1. 11:00 Ensi vuoden aikana kaikki vuonna 1961 syntyneet saavuttavat alimman vanhuusel\u00e4keik\u00e4ns\u00e4, El\u00e4keturvakeskus&hellip;\n","protected":false},"author":2,"featured_media":132771,"comment_status":"","ping_status":"","sticky":false,"template":"","format":"standard","meta":{"footnotes":""},"categories":[76],"tags":[79,77,33,31,30,1432,32,78],"class_list":{"0":"post-132770","1":"post","2":"type-post","3":"status-publish","4":"format-standard","5":"has-post-thumbnail","7":"category-talous","8":"tag-business","9":"tag-economy","10":"tag-fi","11":"tag-finland","12":"tag-finnish","13":"tag-merikarvia-lehti","14":"tag-suomi","15":"tag-talous"},"share_on_mastodon":{"url":"https:\/\/pubeurope.com\/@fi\/115833636411660608","error":""},"_links":{"self":[{"href":"https:\/\/www.europesays.com\/fi\/wp-json\/wp\/v2\/posts\/132770","targetHints":{"allow":["GET"]}}],"collection":[{"href":"https:\/\/www.europesays.com\/fi\/wp-json\/wp\/v2\/posts"}],"about":[{"href":"https:\/\/www.europesays.com\/fi\/wp-json\/wp\/v2\/types\/post"}],"author":[{"embeddable":true,"href":"https:\/\/www.europesays.com\/fi\/wp-json\/wp\/v2\/users\/2"}],"replies":[{"embeddable":true,"href":"https:\/\/www.europesays.com\/fi\/wp-json\/wp\/v2\/comments?post=132770"}],"version-history":[{"count":0,"href":"https:\/\/www.europesays.com\/fi\/wp-json\/wp\/v2\/posts\/132770\/revisions"}],"wp:featuredmedia":[{"embeddable":true,"href":"https:\/\/www.europesays.com\/fi\/wp-json\/wp\/v2\/media\/132771"}],"wp:attachment":[{"href":"https:\/\/www.europesays.com\/fi\/wp-json\/wp\/v2\/media?parent=132770"}],"wp:term":[{"taxonomy":"category","embeddable":true,"href":"https:\/\/www.europesays.com\/fi\/wp-json\/wp\/v2\/categories?post=132770"},{"taxonomy":"post_tag","embeddable":true,"href":"https:\/\/www.europesays.com\/fi\/wp-json\/wp\/v2\/tags?post=132770"}],"curies":[{"name":"wp","href":"https:\/\/api.w.org\/{rel}","templated":true}]}}