{"id":132774,"date":"2026-01-03T22:57:07","date_gmt":"2026-01-03T22:57:07","guid":{"rendered":"https:\/\/www.europesays.com\/fi\/132774\/"},"modified":"2026-01-03T22:57:07","modified_gmt":"2026-01-03T22:57:07","slug":"pelikieltoa-karsiva-porilaistahti-teki-ratkaisunsa","status":"publish","type":"post","link":"https:\/\/www.europesays.com\/fi\/132774\/","title":{"rendered":"Pelikieltoa k\u00e4rsiv\u00e4 porilaist\u00e4hti teki ratkaisunsa"},"content":{"rendered":"<p>Juuso Aholaa huhuiltiin pois Nokialta. H\u00e4n teki kuitenkin jatkosopimuksen.<\/p>\n<p>3.1. 21:49 | P\u00e4ivitetty 3.1. 22:12<\/p>\n<p class=\"article-body mb-nof-24 px-nof-16\">Salibandyn F-liigan pistep\u00f6rssin voittajalla, maailmanmestarilla ja jopa maailman parhaaksi ehdolla olevalla pelaajalla lienee siirtomarkkinoilla kysynt\u00e4\u00e4.<\/p>\n<p class=\"article-body mb-nof-24 px-nof-16\">Niin kenties oli Porin t\u00e4hdell\u00e4 <a class=\"font-bold underline-offset-[0.12em] [text-decoration:var(--person-link-text-decoration)] ![text-decoration-color:var(--person-link-text-decoration-color)]\" href=\"https:\/\/www.satakunnankansa.fi\/haku\/?query=Juuso%20Aholallakin\" rel=\"nofollow noopener\" target=\"_blank\">Juuso Aholallakin<\/a>. Ainakin salibandysivusto P\u00e4\u00e4kallo.fi huhuili Aholaa niin ulkomaille kuin SPV:hen.<\/p>\n<p class=\"article-body mb-nof-24 px-nof-16\">En\u00e4\u00e4 ei tarvitse huhuilla. Ahola jatkaa uraansa Nokian KrP:ss\u00e4.<\/p>\n<p class=\"article-body mb-nof-24 px-nof-16\">Nokialaisseura julkaisi Aholan jatkosopimuksen lauantaina.<\/p>\n<p class=\"article-body mb-nof-24 px-nof-16\">Ahola, 22, siirtyi Karhuista KrP:hen vuonna 2022. Porilaisen ura on ollut koko ajan nousujohteinen. Nokialla h\u00e4n on voittanut SM-hopeaa ja SM-pronssin sek\u00e4 kahdesti Suomen cupin. Kaikkiaan Ahola on tehnyt p\u00e4\u00e4sarjassa 158 ottelussa huimat tehot 134+133=267.<\/p>\n<p class=\"article-body mb-nof-24 px-nof-16\">Vuonna 2024 Ahola oli voittamassa maailmanmestaruutta. Viime kev\u00e4\u00e4n\u00e4 h\u00e4n voitti F-liigan pistep\u00f6rssin.<\/p>\n<p class=\"article-body mb-nof-24 px-nof-16\">T\u00e4ll\u00e4 hetkell\u00e4 Ahola on pelikiellossa salibandyn vedonly\u00f6ntiskandaalin vuoksi. H\u00e4n oli yksi 80 pelaajasta tai toimihenkil\u00f6st\u00e4, joille tuomittiin kilpailukieltoja.<\/p>\n<p class=\"article-body mb-nof-24 px-nof-16\">\u201dOlen rikkonut salibandyn vedonly\u00f6ntis\u00e4\u00e4nt\u00f6\u00e4 vuonna 2022 viiden euron ja 2024 seitsem\u00e4n euron monivedoilla. Ymm\u00e4rr\u00e4n toimineeni s\u00e4\u00e4nt\u00f6jen vastaisesti ja k\u00e4rsin t\u00e4st\u00e4 aiheutuneen pelikiellon 28.1.2026 asti. Pahoittelen ajattelematonta toimintaa joukkueelle, seuralle ja lajiyhteis\u00f6lle\u201d, Ahola kommentoi rangaistustaan KrP:n tiedotteessa.<\/p>\n<p class=\"article-body mb-nof-24 px-nof-16\">Vuoden 2025 maailman parhaan salibandypelaajan titteli jaetaan 13. tammikuuta. Ruotsalaislehti Innebandymagazinetin julkaisemalla <a class=\"underline underline-offset-[0.12em] [text-decoration-thickness:var(--generic-link-underline-thickness)] [text-decoration-color:var(--generic-link-underline-color)] [text-decoration-skip-ink:var(--generic-link-underline-skip-ink)] break-words\" href=\"https:\/\/innebandymagazinet.se\/internationellt\/the-20-nominees-for-the-worlds-best-floorball-player-2025\/\" rel=\"nofollow noopener\" target=\"_blank\">listalla<\/a> on 20 miest\u00e4. Heid\u00e4n joukossaan kaksi porilaista, Ahola sek\u00e4 toinen maailmanmestari<a class=\"font-bold underline-offset-[0.12em] [text-decoration:var(--person-link-text-decoration)] ![text-decoration-color:var(--person-link-text-decoration-color)]\" href=\"https:\/\/www.satakunnankansa.fi\/haku\/?query=%20Eemeli%20Akola\" rel=\"nofollow noopener\" target=\"_blank\"> Eemeli Akola<\/a>.<\/p>\n","protected":false},"excerpt":{"rendered":"Juuso Aholaa huhuiltiin pois Nokialta. H\u00e4n teki kuitenkin jatkosopimuksen. 3.1. 21:49 | P\u00e4ivitetty 3.1. 22:12 Salibandyn F-liigan pistep\u00f6rssin&hellip;\n","protected":false},"author":2,"featured_media":132775,"comment_status":"","ping_status":"","sticky":false,"template":"","format":"standard","meta":{"footnotes":""},"categories":[12],"tags":[22,23,26,27,33,31,30,17,24,25,28,29,15,18,21,80,32,19,20,16],"class_list":{"0":"post-132774","1":"post","2":"type-post","3":"status-publish","4":"format-standard","5":"has-post-thumbnail","7":"category-suomi","8":"tag-breaking-news","9":"tag-breakingnews","10":"tag-featured-news","11":"tag-featurednews","12":"tag-fi","13":"tag-finland","14":"tag-finnish","15":"tag-headlines","16":"tag-latest-news","17":"tag-latestnews","18":"tag-main-news","19":"tag-mainnews","20":"tag-news","21":"tag-otsikot","22":"tag-paauutiset","23":"tag-satakunnan-kansa","24":"tag-suomi","25":"tag-top-stories","26":"tag-topstories","27":"tag-uutiset"},"share_on_mastodon":{"url":"https:\/\/pubeurope.com\/@fi\/115833644167832800","error":""},"_links":{"self":[{"href":"https:\/\/www.europesays.com\/fi\/wp-json\/wp\/v2\/posts\/132774","targetHints":{"allow":["GET"]}}],"collection":[{"href":"https:\/\/www.europesays.com\/fi\/wp-json\/wp\/v2\/posts"}],"about":[{"href":"https:\/\/www.europesays.com\/fi\/wp-json\/wp\/v2\/types\/post"}],"author":[{"embeddable":true,"href":"https:\/\/www.europesays.com\/fi\/wp-json\/wp\/v2\/users\/2"}],"replies":[{"embeddable":true,"href":"https:\/\/www.europesays.com\/fi\/wp-json\/wp\/v2\/comments?post=132774"}],"version-history":[{"count":0,"href":"https:\/\/www.europesays.com\/fi\/wp-json\/wp\/v2\/posts\/132774\/revisions"}],"wp:featuredmedia":[{"embeddable":true,"href":"https:\/\/www.europesays.com\/fi\/wp-json\/wp\/v2\/media\/132775"}],"wp:attachment":[{"href":"https:\/\/www.europesays.com\/fi\/wp-json\/wp\/v2\/media?parent=132774"}],"wp:term":[{"taxonomy":"category","embeddable":true,"href":"https:\/\/www.europesays.com\/fi\/wp-json\/wp\/v2\/categories?post=132774"},{"taxonomy":"post_tag","embeddable":true,"href":"https:\/\/www.europesays.com\/fi\/wp-json\/wp\/v2\/tags?post=132774"}],"curies":[{"name":"wp","href":"https:\/\/api.w.org\/{rel}","templated":true}]}}