{"id":132788,"date":"2026-01-03T23:23:09","date_gmt":"2026-01-03T23:23:09","guid":{"rendered":"https:\/\/www.europesays.com\/fi\/132788\/"},"modified":"2026-01-03T23:23:09","modified_gmt":"2026-01-03T23:23:09","slug":"tampereelle-aukesi-uusi-kuusikerroksinen-liikuntakeskus-todella-poikkeuksellinen-paikka","status":"publish","type":"post","link":"https:\/\/www.europesays.com\/fi\/132788\/","title":{"rendered":"Tampereelle aukesi uusi kuusi\u00adkerroksinen liikuntakeskus \u2013\u2009\u201dTodella poikkeuksellinen paikka\u201d"},"content":{"rendered":"<p>Massiivinen liikuntakeskus avasi ovensa Tampereen Nekalassa 27. joulukuuta. Kuusikerroksinen rakennus k\u00e4tkee sis\u00e4\u00e4ns\u00e4 muun muassa skeittihallin ja kiipeilykeskuksen. K\u00e4vimme katsomassa, milt\u00e4 paikan p\u00e4\u00e4ll\u00e4 n\u00e4ytt\u00e4\u00e4.<\/p>\n<p>3.1. 7:00<\/p>\n<p class=\"article-body mb-nof-24 px-nof-16\">Aamulehti<\/p>\n<p class=\"article-body mb-nof-24 px-nof-16\">Korkealla ilmassa skuutti py\u00f6r\u00e4ht\u00e4\u00e4 ymp\u00e4ri ja sarvista pit\u00e4\u00e4 kiinni 9-vuotias <a class=\"font-bold underline-offset-[0.12em] [text-decoration:var(--person-link-text-decoration)] ![text-decoration-color:var(--person-link-text-decoration-color)]\" href=\"https:\/\/www.aamulehti.fi\/haku\/?query=Aamos%20Paananen\" rel=\"nofollow noopener\" target=\"_blank\">Aamos Paananen<\/a>. Nuori skuuttaaja t\u00f6m\u00e4ht\u00e4\u00e4 alas polvet edell\u00e4, mutta se ei satu, sill\u00e4 alla on pehmustettu resi-alastulo.<\/p>\n<p class=\"article-body mb-nof-24 px-nof-16\">\u201dT\u00e4m\u00e4 resi on paras, kun t\u00e4ss\u00e4 voi harjoitella temppuja ilman, ett\u00e4 sattuu. Bowli on my\u00f6s paras, koska siin\u00e4 saa kovat vauhdit\u201d, Paananen kertoo innostuneena.<\/p>\n","protected":false},"excerpt":{"rendered":"Massiivinen liikuntakeskus avasi ovensa Tampereen Nekalassa 27. joulukuuta. Kuusikerroksinen rakennus k\u00e4tkee sis\u00e4\u00e4ns\u00e4 muun muassa skeittihallin ja kiipeilykeskuksen. K\u00e4vimme&hellip;\n","protected":false},"author":2,"featured_media":132789,"comment_status":"","ping_status":"","sticky":false,"template":"","format":"standard","meta":{"footnotes":""},"categories":[12],"tags":[157,22,23,26,27,33,31,30,17,24,25,28,29,15,18,21,32,19,20,16],"class_list":{"0":"post-132788","1":"post","2":"type-post","3":"status-publish","4":"format-standard","5":"has-post-thumbnail","7":"category-suomi","8":"tag-aamulehti","9":"tag-breaking-news","10":"tag-breakingnews","11":"tag-featured-news","12":"tag-featurednews","13":"tag-fi","14":"tag-finland","15":"tag-finnish","16":"tag-headlines","17":"tag-latest-news","18":"tag-latestnews","19":"tag-main-news","20":"tag-mainnews","21":"tag-news","22":"tag-otsikot","23":"tag-paauutiset","24":"tag-suomi","25":"tag-top-stories","26":"tag-topstories","27":"tag-uutiset"},"share_on_mastodon":{"url":"https:\/\/pubeurope.com\/@fi\/115833746474521105","error":""},"_links":{"self":[{"href":"https:\/\/www.europesays.com\/fi\/wp-json\/wp\/v2\/posts\/132788","targetHints":{"allow":["GET"]}}],"collection":[{"href":"https:\/\/www.europesays.com\/fi\/wp-json\/wp\/v2\/posts"}],"about":[{"href":"https:\/\/www.europesays.com\/fi\/wp-json\/wp\/v2\/types\/post"}],"author":[{"embeddable":true,"href":"https:\/\/www.europesays.com\/fi\/wp-json\/wp\/v2\/users\/2"}],"replies":[{"embeddable":true,"href":"https:\/\/www.europesays.com\/fi\/wp-json\/wp\/v2\/comments?post=132788"}],"version-history":[{"count":0,"href":"https:\/\/www.europesays.com\/fi\/wp-json\/wp\/v2\/posts\/132788\/revisions"}],"wp:featuredmedia":[{"embeddable":true,"href":"https:\/\/www.europesays.com\/fi\/wp-json\/wp\/v2\/media\/132789"}],"wp:attachment":[{"href":"https:\/\/www.europesays.com\/fi\/wp-json\/wp\/v2\/media?parent=132788"}],"wp:term":[{"taxonomy":"category","embeddable":true,"href":"https:\/\/www.europesays.com\/fi\/wp-json\/wp\/v2\/categories?post=132788"},{"taxonomy":"post_tag","embeddable":true,"href":"https:\/\/www.europesays.com\/fi\/wp-json\/wp\/v2\/tags?post=132788"}],"curies":[{"name":"wp","href":"https:\/\/api.w.org\/{rel}","templated":true}]}}