{"id":132790,"date":"2026-01-03T23:24:16","date_gmt":"2026-01-03T23:24:16","guid":{"rendered":"https:\/\/www.europesays.com\/fi\/132790\/"},"modified":"2026-01-03T23:24:16","modified_gmt":"2026-01-03T23:24:16","slug":"kasi-maaseutupalveluiden-uutiskirje-1-2026","status":"publish","type":"post","link":"https:\/\/www.europesays.com\/fi\/132790\/","title":{"rendered":"KaSi -maaseutupalveluiden uutiskirje 1 \/ 2026"},"content":{"rendered":"<p>        Julkaistu 2.1.2026<\/p>\n<p>        Muokattu 2.1.2026<\/p>\n<p class=\"lead iwc-page-lead\">&#13;<br \/>\n            KaSi:n uusimmasta uutiskirjeest\u00e4 l\u00f6yd\u00e4t tietoa j\u00e4rjestett\u00e4vist\u00e4 el\u00e4intuki- ja syysilmoitus -infoista, el\u00e4intukien hausta sek\u00e4 syysilmoituksen tekemisest\u00e4. &#13;\n    <\/p>\n<p>            <img decoding=\"async\" alt=\"Entisajan maatalouskoneita, lunta, mets\u00e4\u00e4\" class=\"iwc-page-image\" loading=\"lazy\" src=\"https:\/\/www.europesays.com\/fi\/wp-content\/uploads\/2026\/01\/entisajan-maatalouskoneita.jpg\"\/><\/p>\n<p style=\"box-sizing: border-box; margin-top: 0; margin-bottom: 1rem; color: rgba(60, 60, 59, 1); font-family: Sora, &quot;Helvetica Neue&quot;, &quot;Noto Sans&quot;, &quot;Liberation Sans&quot;, Arial, sans-serif, &quot;Apple Color Emoji&quot;, &quot;Segoe UI Emoji&quot;, &quot;Segoe UI Symbol&quot;, &quot;Noto Color Emoji&quot;; font-size: 16px; font-style: normal; font-variant-ligatures: normal; font-variant-caps: normal; font-weight: 400; letter-spacing: normal; orphans: 2; text-align: start; text-indent: 0; text-transform: none; widows: 2; word-spacing: 0; white-space: normal; text-decoration-style: initial; text-decoration-color: initial; background-color: rgba(255, 255, 255, 1)\">Yhteistoiminta-alueeseen kuuluvat Kalajoen, Alavieskan, Merij\u00e4rven, Pyh\u00e4joen, Raahen sek\u00e4 Siikajoen kunnat.<\/p>\n<p style=\"box-sizing: border-box; margin-top: 0; margin-bottom: 1rem; color: rgba(60, 60, 59, 1); font-family: Sora, &quot;Helvetica Neue&quot;, &quot;Noto Sans&quot;, &quot;Liberation Sans&quot;, Arial, sans-serif, &quot;Apple Color Emoji&quot;, &quot;Segoe UI Emoji&quot;, &quot;Segoe UI Symbol&quot;, &quot;Noto Color Emoji&quot;; font-size: 16px; font-style: normal; font-variant-ligatures: normal; font-variant-caps: normal; font-weight: 400; letter-spacing: normal; orphans: 2; text-align: start; text-indent: 0; text-transform: none; widows: 2; word-spacing: 0; white-space: normal; text-decoration-style: initial; text-decoration-color: initial; background-color: rgba(255, 255, 255, 1)\">Uutiskirjeen l\u00f6yd\u00e4t linkist\u00e4: <a href=\"https:\/\/uutiskirje.kalajoki.fi\/archive\/show\/2530520\" target=\"_blank\" rel=\"noopener nofollow\">KaSi -maatalouden yhteistoiminta-alueen uutiskirje 1\/2026<\/a><\/p>\n<p style=\"box-sizing: border-box; margin-top: 0; margin-bottom: 1rem; color: rgba(60, 60, 59, 1); font-family: Sora, &quot;Helvetica Neue&quot;, &quot;Noto Sans&quot;, &quot;Liberation Sans&quot;, Arial, sans-serif, &quot;Apple Color Emoji&quot;, &quot;Segoe UI Emoji&quot;, &quot;Segoe UI Symbol&quot;, &quot;Noto Color Emoji&quot;; font-size: 16px; font-style: normal; font-variant-ligatures: normal; font-variant-caps: normal; font-weight: 400; letter-spacing: normal; orphans: 2; text-align: start; text-indent: 0; text-transform: none; widows: 2; word-spacing: 0; white-space: normal; text-decoration-style: initial; text-decoration-color: initial; background-color: rgba(255, 255, 255, 1)\">T\u00e4ss\u00e4 uutiskirjeess\u00e4:\u00a0<\/p>\n<ul>\n<li>El\u00e4intuki -info 15.1.2026, Teams -tilaisuus<\/li>\n<li>Syysilmoitus -info 16.1.2026, Teams -tilaisuus<\/li>\n<li>El\u00e4intukien haku 2026<\/li>\n<li>Syysilmoitus vuodelle\u00a02025<\/li>\n<\/ul>\n","protected":false},"excerpt":{"rendered":"Julkaistu 2.1.2026 Muokattu 2.1.2026 &#13; KaSi:n uusimmasta uutiskirjeest\u00e4 l\u00f6yd\u00e4t tietoa j\u00e4rjestett\u00e4vist\u00e4 el\u00e4intuki- ja syysilmoitus -infoista, el\u00e4intukien hausta sek\u00e4&hellip;\n","protected":false},"author":2,"featured_media":132791,"comment_status":"","ping_status":"","sticky":false,"template":"","format":"standard","meta":{"footnotes":""},"categories":[5],"tags":[22,23,26,27,33,31,30,17,24,25,28,29,15,18,21,32,19,20,16],"class_list":{"0":"post-132790","1":"post","2":"type-post","3":"status-publish","4":"format-standard","5":"has-post-thumbnail","7":"category-otsikot","8":"tag-breaking-news","9":"tag-breakingnews","10":"tag-featured-news","11":"tag-featurednews","12":"tag-fi","13":"tag-finland","14":"tag-finnish","15":"tag-headlines","16":"tag-latest-news","17":"tag-latestnews","18":"tag-main-news","19":"tag-mainnews","20":"tag-news","21":"tag-otsikot","22":"tag-paauutiset","23":"tag-suomi","24":"tag-top-stories","25":"tag-topstories","26":"tag-uutiset"},"share_on_mastodon":{"url":"https:\/\/pubeurope.com\/@fi\/115833750331764185","error":""},"_links":{"self":[{"href":"https:\/\/www.europesays.com\/fi\/wp-json\/wp\/v2\/posts\/132790","targetHints":{"allow":["GET"]}}],"collection":[{"href":"https:\/\/www.europesays.com\/fi\/wp-json\/wp\/v2\/posts"}],"about":[{"href":"https:\/\/www.europesays.com\/fi\/wp-json\/wp\/v2\/types\/post"}],"author":[{"embeddable":true,"href":"https:\/\/www.europesays.com\/fi\/wp-json\/wp\/v2\/users\/2"}],"replies":[{"embeddable":true,"href":"https:\/\/www.europesays.com\/fi\/wp-json\/wp\/v2\/comments?post=132790"}],"version-history":[{"count":0,"href":"https:\/\/www.europesays.com\/fi\/wp-json\/wp\/v2\/posts\/132790\/revisions"}],"wp:featuredmedia":[{"embeddable":true,"href":"https:\/\/www.europesays.com\/fi\/wp-json\/wp\/v2\/media\/132791"}],"wp:attachment":[{"href":"https:\/\/www.europesays.com\/fi\/wp-json\/wp\/v2\/media?parent=132790"}],"wp:term":[{"taxonomy":"category","embeddable":true,"href":"https:\/\/www.europesays.com\/fi\/wp-json\/wp\/v2\/categories?post=132790"},{"taxonomy":"post_tag","embeddable":true,"href":"https:\/\/www.europesays.com\/fi\/wp-json\/wp\/v2\/tags?post=132790"}],"curies":[{"name":"wp","href":"https:\/\/api.w.org\/{rel}","templated":true}]}}