{"id":132795,"date":"2026-01-03T23:44:12","date_gmt":"2026-01-03T23:44:12","guid":{"rendered":"https:\/\/www.europesays.com\/fi\/132795\/"},"modified":"2026-01-03T23:44:12","modified_gmt":"2026-01-03T23:44:12","slug":"lastensarjakuva-vie-antiikista-avaruuteen-hahmot-edustavat-alkuaineita","status":"publish","type":"post","link":"https:\/\/www.europesays.com\/fi\/132795\/","title":{"rendered":"Lastensarjakuva vie antiikista avaruuteen \u2013 hahmot edustavat alkuaineita"},"content":{"rendered":"<p data-beyondwords-marker=\"799ac151-47a6-43cb-b2cc-8eab155727e1\"><strong class=\"capitalized\">Linda<\/strong> asuu avaruusasema Ypsilonilla. Koulussa h\u00e4nen nelj\u00e4 parasta kaveriaan ovat kotoisin eri planeetoilta, joiden olosuhteisiin heid\u00e4n lajinsa ovat sopeutuneet erilaisilla ominaisuuksilla. Hiiu leijuu ilmassa, Blubbo on enimm\u00e4kseen nestett\u00e4 ja niin edelleen.<\/p>\n<p data-beyondwords-marker=\"7d379fe8-8f49-4811-97a4-f4d565551157\">\u201dHahmot edustavat elementtej\u00e4 maa, tuli, vesi ja ilma, jotka ymm\u00e4rrettiin alkuaineiksi antiikin Kreikassa. Mieless\u00e4ni oli my\u00f6s alkemistien viisikanta, jossa elementtien lis\u00e4ksi ylin sakara on ihminen eli Linda\u201d, <strong>Jukka Heiskane<\/strong>n taustoittaa.<\/p>\n<p data-beyondwords-marker=\"040a3b03-3fbf-4918-9dd4-88f499997c9a\">Heiskanen (s. 1963) on k\u00e4sikirjoittanut Linda ja avaruuskaverit -sarjan ensimm\u00e4isen osan Varjonheitt\u00e4j\u00e4t, jossa Linda panee kaveriensa kanssa kuriin avaruusaseman r\u00f6t\u00f6sherran.<\/p>\n<p data-beyondwords-marker=\"dcc8523c-80cc-4720-ade9-d93088cdcdc8\">Lukijan ei tarvitse tuntea antiikkisia asioi\u00adta, mutta niiden pohjalta ajatus tarinasta alkoi it\u00e4\u00e4 Heiskasen p\u00e4\u00e4ss\u00e4 yli kymmenen vuotta sitten. <\/p>\n<p data-beyondwords-marker=\"061adb01-7272-4aa3-bc5f-877548ff7d74\">Matka valmiiksi sarjakuva-albumiksi oli pitk\u00e4 ja mutkainen.<\/p>\n<p data-beyondwords-marker=\"017e528c-b108-44bf-b553-bcf8ea571e3e\">\u201dKuvittaja ja lastenkirjailija <strong>Pasi Pitk\u00e4nen<\/strong> ehdotti minulle kirjan tekemist\u00e4. Kirjoitin synopsiksen, mutta Pasi ei ehtinytk\u00e4\u00e4n yhteisty\u00f6h\u00f6n. Ajatus tuntui kuitenkin niin kelvolliselta, ett\u00e4 halusin tehd\u00e4 sen.\u201d<\/p>\n<p data-beyondwords-marker=\"c58e1ba4-a9ef-47cb-aa45-ec9be155d722\">Heiskanen v\u00e4rv\u00e4si kuvittajaksi espanjalaisen <strong>C\u00e9sar Feriolin<\/strong> (s. 1959), joka on piirt\u00e4nyt Disney-sarjakuvia 1970-luvun lopulta saakka. He tunsivat toisensa, koska Heiskanen ty\u00f6skenteli Aku Ankka -lehdess\u00e4 17 vuotta, p\u00e4\u00e4toimittajana 2003\u20132011. <\/p>\n<p data-beyondwords-marker=\"1a31d13c-fc46-482e-b3af-fc701e7c7c37\">Heiskasen p\u00e4\u00e4toimittajakaudella lehden levikki k\u00e4vi huipussaan, yli 320\u00a0000:ssa. Sen j\u00e4lkeen Heiskanen tuotti peliyhti\u00f6 Roviolle sarjakuvaversiota Angry Birds -pelin hahmoista.<\/p>\n<p data-beyondwords-marker=\"b0f05c89-17a7-4e2c-b63c-02b69291f3de\">\u201dPeliss\u00e4h\u00e4n on vain lent\u00e4vi\u00e4 palleroita\u201d, Helskanen sanoo. <\/p>\n<p data-beyondwords-marker=\"43f3ba87-24ca-4da0-930e-e6808e80986d\">\u201dNiille piti luoda maailma ja persoonallisuudet. P\u00e4\u00e4sin luomaan sit\u00e4 kaikkea tyhj\u00e4st\u00e4 roviolaisten kanssa. Ankassa k\u00e4sittelin enimm\u00e4kseen valmiita sarjakuvia.\u201d<\/p>\n<p data-beyondwords-marker=\"faf8ea90-1f45-41a6-8afa-d0b0bea552c2\"><strong class=\"capitalized\">Ferioli<\/strong> on piirt\u00e4nyt tuhansia sivuja Disney-sarjakuvien maailmaa. On j\u00e4nn\u00e4 huomata, kuinka Lindan ja avaruuskaverien<strong> <\/strong>ilmeet ja ruumiinkieli muistuttavat ankkoja, vaikka hahmot ja ymp\u00e4rist\u00f6 ovat ihan muuta. <\/p>\n<p data-beyondwords-marker=\"33cbf910-a491-479d-9778-177142ff530f\">\u201dHalusin ankkatyyli\u00e4, ja siksi valitsin Feriolin. Minunkin esikuvanani ankkamestari <strong>Carl Barks <\/strong>on omaa luokkaansa\u201d, Heiskanen kertoo. <\/p>\n<p data-beyondwords-marker=\"1d7c5b41-1198-4b8d-841d-60e7171ceac5\">Vaikka Heiskasella ja Feriolilla on vankka kokemus lastensarjakuvista, Varjonheitt\u00e4j\u00e4t on molemmille ensimm\u00e4inen oma teos. Heiskanen arvelee, ett\u00e4 mahdollisuus tehd\u00e4 uutta ja omaa oli yksi syy, joka sai Feriolin mukaan hankkeeseen, vaikka palkkio ei ollut l\u00e4hell\u00e4k\u00e4\u00e4n ankoista vakiintuneesti maksettavaa.<\/p>\n<p data-beyondwords-marker=\"103f0a98-5fdc-4d73-b7e3-7483844c1fb6\"><strong class=\"capitalized\">Lindan<\/strong> avaruusasema tuo mieleen my\u00f6s <strong>Jean-Claude M\u00e9zi\u00e8resin <\/strong>ja <strong>Pierre Christinin<\/strong> klassikon Avaruusagentti Valerianin seikkailut.<\/p>\n<p data-beyondwords-marker=\"854b895e-5d6f-4f80-b2dd-e90e111a56e8\">\u201dEn ole intohimoinen scifin harrastaja, vaikka tunnenkin lajityypin klassikot. Olen varmasti p\u00f6llinyt Valerianista asioita samaan tapaan kuin <strong>George Lucas <\/strong>T\u00e4htien sotaan\u201d, Heiskanen tunnustaa auliisti. <\/p>\n<p data-beyondwords-marker=\"e77f8722-8c10-4a9a-be42-ad671cbd9add\">\u201dLajityyppi tarjoaa hyv\u00e4t puitteet tehd\u00e4 kaikenlaista.\u201d <\/p>\n<p data-beyondwords-marker=\"4496d6d1-8ab8-4f17-92e3-ec3fadfd6e41\">Heiskasen mukaan Lindan ja avaruuskaverien tarinassa on my\u00f6s ihmesadun perinteinen rakenne. On p\u00e4\u00e4henkil\u00f6, joka kohtaa teht\u00e4v\u00e4\u00e4 suorittaessaan auttajia ja vastustajia.<\/p>\n<p data-beyondwords-marker=\"0b7e5d3d-c0cc-42af-9dd3-599c71ad03ca\">\u201dLastentarinoiden rakenne ja kerronta on aika selv\u00e4sti mieless\u00e4, kun olen tehnyt niiden kanssa t\u00f6it\u00e4 niin pitk\u00e4\u00e4n.\u201d<\/p>\n<p data-beyondwords-marker=\"e652df58-8445-427a-b38b-a87939f62bbd\">Linda-sarjan ensimm\u00e4inen tarina pysyi pitk\u00e4lti samana koko prosessin ajan. Muoto sen sijaan muuttui t\u00e4ysin. Ensin Heiskanen ja Ferioli tekiv\u00e4t tarinasta kuvakirjan melkein valmiiksi.<\/p>\n<p data-beyondwords-marker=\"3cc501e5-13eb-4e48-ad7b-190d008ad582\">\u201dLuulin, ett\u00e4 lastenkirjoilla olisi ollut kysynt\u00e4\u00e4, mutta kustantamo halusikin sarjakuvan. Se sopi tietysti minulle hyvin, mutta innoissamme olimme tehneet turhaa ty\u00f6t\u00e4.\u201d<\/p>\n<p data-beyondwords-marker=\"1af32688-5c48-4b7d-bea5-12497651e1a5\"><strong class=\"capitalized\">Aikoinaan<\/strong> sarjakuvat miellettiin lastenkulttuuriksi, mutta sit\u00e4 ne eiv\u00e4t ole olleet leimallisesti en\u00e4\u00e4 ainakaan t\u00e4ll\u00e4 vuosisadalla. Nyt lastensarjakuva n\u00e4ytt\u00e4\u00e4 palaavan. Jopa <strong>Aino Havukaisen <\/strong>ja <strong>Sami Toivosen<\/strong> Tatu ja Patu on muuntunut v\u00e4lill\u00e4 sarjakuvaksi.<\/p>\n<p data-beyondwords-marker=\"fd0c6ddc-cc82-495a-9ef4-9b1bb73bae2c\">\u201dSuurin muutos oli, ett\u00e4 teksti\u00e4 tuli v\u00e4hemm\u00e4n, kun asioita kerrottiin enemm\u00e4n kuvilla\u201d, Heiskanen sanoo.<\/p>\n<p data-beyondwords-marker=\"fd9fe5c8-07a1-43ff-a82d-2361106062ce\">\u201dSarjakuva on taloudellinen v\u00e4line. Mukaan mahtui lis\u00e4\u00e4 hahmoja.\u201d<\/p>\n<p data-beyondwords-marker=\"78051271-9cfb-4cd2-87f9-1f6345fd0e53\">Heiskanen on jo k\u00e4sikirjoittanut sarjan toisen osan. Siin\u00e4 Linda ja h\u00e4nen kaveriporukansa l\u00e4htev\u00e4t avaruussukkulalla luokkaretkelle.\u2009<\/p>\n<p data-beyondwords-marker=\"cb313ed2-6137-4101-8a00-fc31fe71d7dc\">C\u00e9sar Ferioli ja Jukka Heiskanen: Linda ja avaruuskaverit\u2009\u2013\u2009Varjonheitt\u00e4j\u00e4t. 48 sivua. Otava, 2026. Ilmestyy 15.1.2026.<\/p>\n<p data-beyondwords-marker=\"fe4dfb0a-067a-406a-a616-f6fdacc09b4b\">Oikaisu 3.1.2026 klo 20.58: Jukka Heiskasen p\u00e4\u00e4toimittajakaudella Aku Ankan levikki oli yli 320\u00a0000, ei  yli 32\u00a0000, kuten tekstiss\u00e4 aiemmin virheellisesti kirjoitettiin.<\/p>\n<p>      <img decoding=\"async\" class=\"free-sample awpo-lazy\" src=\"https:\/\/suomenkuvalehti.fi\/wp-content\/themes\/om-suomenkuvalehti-theme\/assets\/images\/free-sample-banner.svg\"\/><\/p>\n","protected":false},"excerpt":{"rendered":"Linda asuu avaruusasema Ypsilonilla. Koulussa h\u00e4nen nelj\u00e4 parasta kaveriaan ovat kotoisin eri planeetoilta, joiden olosuhteisiin heid\u00e4n lajinsa ovat&hellip;\n","protected":false},"author":2,"featured_media":132796,"comment_status":"","ping_status":"","sticky":false,"template":"","format":"standard","meta":{"footnotes":""},"categories":[130],"tags":[137,33,31,30,8923,108,14109,32,109],"class_list":{"0":"post-132795","1":"post","2":"type-post","3":"status-publish","4":"format-standard","5":"has-post-thumbnail","7":"category-viihde","8":"tag-entertainment","9":"tag-fi","10":"tag-finland","11":"tag-finnish","12":"tag-juttu-3","13":"tag-kulttuuri","14":"tag-sarjakuva","15":"tag-suomi","16":"tag-viihde"},"share_on_mastodon":{"url":"https:\/\/pubeurope.com\/@fi\/115833829009238451","error":""},"_links":{"self":[{"href":"https:\/\/www.europesays.com\/fi\/wp-json\/wp\/v2\/posts\/132795","targetHints":{"allow":["GET"]}}],"collection":[{"href":"https:\/\/www.europesays.com\/fi\/wp-json\/wp\/v2\/posts"}],"about":[{"href":"https:\/\/www.europesays.com\/fi\/wp-json\/wp\/v2\/types\/post"}],"author":[{"embeddable":true,"href":"https:\/\/www.europesays.com\/fi\/wp-json\/wp\/v2\/users\/2"}],"replies":[{"embeddable":true,"href":"https:\/\/www.europesays.com\/fi\/wp-json\/wp\/v2\/comments?post=132795"}],"version-history":[{"count":0,"href":"https:\/\/www.europesays.com\/fi\/wp-json\/wp\/v2\/posts\/132795\/revisions"}],"wp:featuredmedia":[{"embeddable":true,"href":"https:\/\/www.europesays.com\/fi\/wp-json\/wp\/v2\/media\/132796"}],"wp:attachment":[{"href":"https:\/\/www.europesays.com\/fi\/wp-json\/wp\/v2\/media?parent=132795"}],"wp:term":[{"taxonomy":"category","embeddable":true,"href":"https:\/\/www.europesays.com\/fi\/wp-json\/wp\/v2\/categories?post=132795"},{"taxonomy":"post_tag","embeddable":true,"href":"https:\/\/www.europesays.com\/fi\/wp-json\/wp\/v2\/tags?post=132795"}],"curies":[{"name":"wp","href":"https:\/\/api.w.org\/{rel}","templated":true}]}}