{"id":132803,"date":"2026-01-03T23:50:20","date_gmt":"2026-01-03T23:50:20","guid":{"rendered":"https:\/\/www.europesays.com\/fi\/132803\/"},"modified":"2026-01-03T23:50:20","modified_gmt":"2026-01-03T23:50:20","slug":"toimistotila-pilot-23-m2-finavia","status":"publish","type":"post","link":"https:\/\/www.europesays.com\/fi\/132803\/","title":{"rendered":"Toimistotila: Pilot, 23 m2 | Finavia"},"content":{"rendered":"<p><strong>Tyyppi: <\/strong>Toimistotila<br \/><strong>Pinta-ala: <\/strong>23 m2<br \/><strong>Kerros: <\/strong>2<\/p>\n<p><strong>Palvelut<\/strong><br \/>Kokoustilat, Lounge, Vastaanotto\/aulapalvelu, Lounasravintola<\/p>\n<p><strong>Muut palvelut<\/strong><br \/>Hieronta, Kuntosali, L\u00e4ht\u00f6selvitysautomaatti, Parturi-kampaamo, Pesulapalvelu, Polkupy\u00f6r\u00e4parkki, Suihku- ja sosiaalitilat ty\u00f6matkaliikkujille<\/p>\n<p><strong>Toimitilan ominaisuudet<\/strong><br \/>Aulapalvelu<br \/>Tila: Huonetoimisto<\/p>\n<p><strong>Et\u00e4isyydet<\/strong><\/p>\n<ul>\n<li>Lentoasema 3 min<\/li>\n<li>Juna-asema 3 min<\/li>\n<li>Linja-autoasema 2 min<\/li>\n<\/ul>\n<p>Etsitk\u00f6 muuttovalmista toimistoa lentoaseman l\u00e4heisyydest\u00e4? Vapaana on nyt tyylikk\u00e4it\u00e4 muuttovalmiita 12\u201323 m2 ty\u00f6huoneita Helsinki-Vantaan lentoasemakeskuksen Pilot -rakennuksen toisessa kerroksessa. Tilassa on laadukkaat materiaalit, \u00e4\u00e4nieristettyj\u00e4 ty\u00f6huoneita sek\u00e4 edustavaa ja viihtyis\u00e4\u00e4 yhteisk\u00e4ytt\u00f6tilaa. Tilaan on suora hissiyhteys. T\u00e4h\u00e4n tilaan p\u00e4\u00e4set muuttamaan ilman remonttihuolia!<\/p>\n<p>Vuokralaisen k\u00e4yt\u00f6ss\u00e4 ovat my\u00f6s Finavian muiden Helsinki-Vantaan lentoasemakeskuksen kiinteist\u00f6jen palvelut. Pilotissa vuokralaisen k\u00e4yt\u00f6ss\u00e4 ovat vuokrattavat kokoustilat sek\u00e4 vartiointi- ja aulapalvelut. Pilot-rakennuksen aulasta voit ostaa valmiita lounasannoksia ja sis\u00e4k\u00e4yt\u00e4v\u00e4\u00e4 pitkin p\u00e4\u00e4set viereiseen Fleetiin lounasravintolaan. Fleetist\u00e4 l\u00f6ytyy my\u00f6s kuntosali, jonne voi lunastaa k\u00e4ytt\u00f6oikeudet.<\/p>\n<p>Tien toisella puolella sijaitsee P5-pys\u00e4k\u00f6intihalli, josta tarvittavat autopaikat ovat vuokrattavissa. Lentokent\u00e4n l\u00e4ht\u00f6aulaan, Keh\u00e4radan juna-asemalle, busseihin ja autohalliin on siis kaikkiin vain lyhyt k\u00e4velymatka.<\/p>\n<p>Pohjakuva<\/p>\n<p>    <img decoding=\"async\" loading=\"lazy\" src=\"https:\/\/www.europesays.com\/fi\/wp-content\/uploads\/2026\/01\/Pohja-Pilot-2-krs-302-m2.jpg\" width=\"427\" height=\"672\" alt=\"Pohjakuva: Pilot 2krs. 23m2\"\/><\/p>\n","protected":false},"excerpt":{"rendered":"Tyyppi: ToimistotilaPinta-ala: 23 m2Kerros: 2 PalvelutKokoustilat, Lounge, Vastaanotto\/aulapalvelu, Lounasravintola Muut palvelutHieronta, Kuntosali, L\u00e4ht\u00f6selvitysautomaatti, Parturi-kampaamo, Pesulapalvelu, Polkupy\u00f6r\u00e4parkki, Suihku- ja&hellip;\n","protected":false},"author":2,"featured_media":132804,"comment_status":"","ping_status":"","sticky":false,"template":"","format":"standard","meta":{"footnotes":""},"categories":[5],"tags":[22,23,26,27,33,31,30,17,24,25,28,29,15,18,21,32,19,20,16],"class_list":{"0":"post-132803","1":"post","2":"type-post","3":"status-publish","4":"format-standard","5":"has-post-thumbnail","7":"category-otsikot","8":"tag-breaking-news","9":"tag-breakingnews","10":"tag-featured-news","11":"tag-featurednews","12":"tag-fi","13":"tag-finland","14":"tag-finnish","15":"tag-headlines","16":"tag-latest-news","17":"tag-latestnews","18":"tag-main-news","19":"tag-mainnews","20":"tag-news","21":"tag-otsikot","22":"tag-paauutiset","23":"tag-suomi","24":"tag-top-stories","25":"tag-topstories","26":"tag-uutiset"},"share_on_mastodon":{"url":"https:\/\/pubeurope.com\/@fi\/115833852646926021","error":""},"_links":{"self":[{"href":"https:\/\/www.europesays.com\/fi\/wp-json\/wp\/v2\/posts\/132803","targetHints":{"allow":["GET"]}}],"collection":[{"href":"https:\/\/www.europesays.com\/fi\/wp-json\/wp\/v2\/posts"}],"about":[{"href":"https:\/\/www.europesays.com\/fi\/wp-json\/wp\/v2\/types\/post"}],"author":[{"embeddable":true,"href":"https:\/\/www.europesays.com\/fi\/wp-json\/wp\/v2\/users\/2"}],"replies":[{"embeddable":true,"href":"https:\/\/www.europesays.com\/fi\/wp-json\/wp\/v2\/comments?post=132803"}],"version-history":[{"count":0,"href":"https:\/\/www.europesays.com\/fi\/wp-json\/wp\/v2\/posts\/132803\/revisions"}],"wp:featuredmedia":[{"embeddable":true,"href":"https:\/\/www.europesays.com\/fi\/wp-json\/wp\/v2\/media\/132804"}],"wp:attachment":[{"href":"https:\/\/www.europesays.com\/fi\/wp-json\/wp\/v2\/media?parent=132803"}],"wp:term":[{"taxonomy":"category","embeddable":true,"href":"https:\/\/www.europesays.com\/fi\/wp-json\/wp\/v2\/categories?post=132803"},{"taxonomy":"post_tag","embeddable":true,"href":"https:\/\/www.europesays.com\/fi\/wp-json\/wp\/v2\/tags?post=132803"}],"curies":[{"name":"wp","href":"https:\/\/api.w.org\/{rel}","templated":true}]}}