{"id":132842,"date":"2026-01-04T01:08:08","date_gmt":"2026-01-04T01:08:08","guid":{"rendered":"https:\/\/www.europesays.com\/fi\/132842\/"},"modified":"2026-01-04T01:08:08","modified_gmt":"2026-01-04T01:08:08","slug":"kahta-epaillaan-kuolemantuottamuksesta-sveitsin-ravintolapalossa","status":"publish","type":"post","link":"https:\/\/www.europesays.com\/fi\/132842\/","title":{"rendered":"Kahta ep\u00e4ill\u00e4\u00e4n kuoleman\u00adtuottamuksesta Sveitsin ravintolapalossa"},"content":{"rendered":"<p>Kahta ihmist\u00e4 ep\u00e4ill\u00e4\u00e4n muun muassa kuolemantuottamuksesta, vammantuottamuksesta ja tuottamuksellisesta tuhopoltosta, kerrottiin syytt\u00e4j\u00e4viraston lausunnossa.<\/p>\n<p>3.1. 22:28<\/p>\n<p class=\"article-body mb-nof-24 px-nof-16\">Sveitsiss\u00e4 palaneen baarin kahta pit\u00e4j\u00e4\u00e4 tutkitaan ep\u00e4iltyn\u00e4 muun muassa kuolemantuottamuksesta, syytt\u00e4j\u00e4t kertoivat lauantaina uutistoimisto Reutersin mukaan.<\/p>\n<p class=\"article-body mb-nof-24 px-nof-16\">Uudenvuodeny\u00f6n\u00e4 Le Constellation -y\u00f6kerhossa syttyneess\u00e4 tulipalossa on toistaiseksi kerrottu kuolleen 40 ihmist\u00e4 ja loukkaantuneen 119 ihmist\u00e4.<\/p>\n<p class=\"article-body mb-nof-24 px-nof-16\">Kahta ihmist\u00e4 ep\u00e4ill\u00e4\u00e4n muun muassa kuolemantuottamuksesta, vammantuottamuksesta ja tuottamuksellisesta tuhopoltosta, kerrottiin syytt\u00e4j\u00e4viraston lausunnossa.<\/p>\n<p class=\"article-body mb-nof-24 px-nof-16\">Reuters ei saanut yhteytt\u00e4 baarin omistajiin eik\u00e4 syytt\u00e4jiin, eik\u00e4 siksi pystynyt varmistamaan, ep\u00e4ill\u00e4\u00e4nk\u00f6 rikoksista baarin omistajia.<\/p>\n<p class=\"article-body mb-nof-24 px-nof-16\">Silminn\u00e4kij\u00f6iden mukaan Le Constellationin henkil\u00f6kunta kantoi niin sanottuja suihkukynttil\u00f6it\u00e4 samppanjapullojen p\u00e4\u00e4ll\u00e4. Reutersin mukaan katon \u00e4\u00e4nieristyksess\u00e4 oli k\u00e4ytetty vaahtomateriaalia. P\u00e4\u00e4syytt\u00e4j\u00e4n <a class=\"font-bold underline-offset-[0.12em] [text-decoration:var(--person-link-text-decoration)] ![text-decoration-color:var(--person-link-text-decoration-color)]\" href=\"https:\/\/www.aamulehti.fi\/haku\/?query=Beatrice%20Pilloudin\" rel=\"nofollow noopener\" target=\"_blank\">Beatrice Pilloudin<\/a> mukaan on viitteit\u00e4, ett\u00e4 palo sai alkunsa, kun suihkukynttil\u00e4t joutuivat liian l\u00e4helle kattoa.<\/p>\n<p class=\"article-body mb-nof-24 px-nof-16\">Sveitsin oikeusministerin <a class=\"font-bold underline-offset-[0.12em] [text-decoration:var(--person-link-text-decoration)] ![text-decoration-color:var(--person-link-text-decoration-color)]\" href=\"https:\/\/www.aamulehti.fi\/haku\/?query=Beat%20Jansin\" rel=\"nofollow noopener\" target=\"_blank\">Beat Jansin<\/a> mukaan palon aikana l\u00e4mp\u00f6tilat nousivat todenn\u00e4k\u00f6isesti 500\u2013600 asteeseen.<\/p>\n<p class=\"article-body mb-nof-24 px-nof-16\">Tutkinnassa tarkastellaan baarissa tehtyj\u00e4 remontteja, palontorjuntaj\u00e4rjestelmi\u00e4 ja poistumisreittej\u00e4 sek\u00e4 sit\u00e4, kuinka monta ihmist\u00e4 oli sis\u00e4ll\u00e4 palon syttyess\u00e4.<\/p>\n<p class=\"article-body mb-nof-24 px-nof-16\">Syytt\u00e4j\u00e4virasto kertoi lauantaina, ett\u00e4 oli poliisi oli tunnistanut nelj\u00e4n sveitsil\u00e4isen ruumiit. Perjantaina oli tunnistettu vain yksi uhri.<\/p>\n<p class=\"article-body mb-nof-24 px-nof-16\">Uhrit paloivat niin pahoin, ett\u00e4 tutkijat sanoivat tunnistamiseen kuluvan p\u00e4ivi\u00e4.<\/p>\n","protected":false},"excerpt":{"rendered":"Kahta ihmist\u00e4 ep\u00e4ill\u00e4\u00e4n muun muassa kuolemantuottamuksesta, vammantuottamuksesta ja tuottamuksellisesta tuhopoltosta, kerrottiin syytt\u00e4j\u00e4viraston lausunnossa. 3.1. 22:28 Sveitsiss\u00e4 palaneen baarin&hellip;\n","protected":false},"author":2,"featured_media":132843,"comment_status":"","ping_status":"","sticky":false,"template":"","format":"standard","meta":{"footnotes":""},"categories":[5],"tags":[157,22,23,26,27,33,31,30,17,24,25,28,29,15,18,21,32,19,20,16],"class_list":{"0":"post-132842","1":"post","2":"type-post","3":"status-publish","4":"format-standard","5":"has-post-thumbnail","7":"category-otsikot","8":"tag-aamulehti","9":"tag-breaking-news","10":"tag-breakingnews","11":"tag-featured-news","12":"tag-featurednews","13":"tag-fi","14":"tag-finland","15":"tag-finnish","16":"tag-headlines","17":"tag-latest-news","18":"tag-latestnews","19":"tag-main-news","20":"tag-mainnews","21":"tag-news","22":"tag-otsikot","23":"tag-paauutiset","24":"tag-suomi","25":"tag-top-stories","26":"tag-topstories","27":"tag-uutiset"},"share_on_mastodon":{"url":"https:\/\/pubeurope.com\/@fi\/115834159235088160","error":""},"_links":{"self":[{"href":"https:\/\/www.europesays.com\/fi\/wp-json\/wp\/v2\/posts\/132842","targetHints":{"allow":["GET"]}}],"collection":[{"href":"https:\/\/www.europesays.com\/fi\/wp-json\/wp\/v2\/posts"}],"about":[{"href":"https:\/\/www.europesays.com\/fi\/wp-json\/wp\/v2\/types\/post"}],"author":[{"embeddable":true,"href":"https:\/\/www.europesays.com\/fi\/wp-json\/wp\/v2\/users\/2"}],"replies":[{"embeddable":true,"href":"https:\/\/www.europesays.com\/fi\/wp-json\/wp\/v2\/comments?post=132842"}],"version-history":[{"count":0,"href":"https:\/\/www.europesays.com\/fi\/wp-json\/wp\/v2\/posts\/132842\/revisions"}],"wp:featuredmedia":[{"embeddable":true,"href":"https:\/\/www.europesays.com\/fi\/wp-json\/wp\/v2\/media\/132843"}],"wp:attachment":[{"href":"https:\/\/www.europesays.com\/fi\/wp-json\/wp\/v2\/media?parent=132842"}],"wp:term":[{"taxonomy":"category","embeddable":true,"href":"https:\/\/www.europesays.com\/fi\/wp-json\/wp\/v2\/categories?post=132842"},{"taxonomy":"post_tag","embeddable":true,"href":"https:\/\/www.europesays.com\/fi\/wp-json\/wp\/v2\/tags?post=132842"}],"curies":[{"name":"wp","href":"https:\/\/api.w.org\/{rel}","templated":true}]}}