{"id":132858,"date":"2026-01-04T01:46:20","date_gmt":"2026-01-04T01:46:20","guid":{"rendered":"https:\/\/www.europesays.com\/fi\/132858\/"},"modified":"2026-01-04T01:46:20","modified_gmt":"2026-01-04T01:46:20","slug":"eronnut-elina-gustafsson-surullinen-ulostulo","status":"publish","type":"post","link":"https:\/\/www.europesays.com\/fi\/132858\/","title":{"rendered":"Eronnut Elina Gustafsson: Surullinen ulostulo"},"content":{"rendered":"<p>            Oona Gr\u00f6nqvist\n        <\/p>\n<p class=\"subtitle \">Uusi lains\u00e4\u00e4d\u00e4nt\u00f6 kirvoittaa Elinalta tiukkaa kritiikki\u00e4.<\/p>\n<p class=\"article-content article-content-width !bg-background\">Ex-nyrkkeilij\u00e4 , 33, tituleeraa itse\u00e4\u00e4n nyky\u00e4\u00e4n ilourheilijaksi.\u00a0<\/p>\n<p class=\"article-content article-content-width !bg-background\">Elinan intohimot eiv\u00e4t kuitenkaan rajoitu pelkk\u00e4\u00e4n liikkumiseen. H\u00e4n on tunnettu sukupuoli- ja seksuaaliv\u00e4hemmist\u00f6jen puolestapuhuja. Lis\u00e4ksi h\u00e4n kantaa huolta el\u00e4inten hyvinvoinnista.\u00a0<\/p>\n<p>Sudet p\u00e4\u00e4tyiv\u00e4t tappolistalle<\/p>\n<p class=\"article-content article-content-width !bg-background\">1. tammikuuta astui voimaan <a href=\"https:\/\/riista.fi\/metsastys\/suden-kiintiometsastys-2026\/\" target=\"_blank\" rel=\"nofollow noopener\">uusi susien kiinti\u00f6mets\u00e4styst\u00e4 koskeva lains\u00e4\u00e4d\u00e4nt\u00f6<\/a>.\u00a0Sudet olivat aiemmin rauhoitettuja ymp\u00e4ri vuoden. Uusittujen lakien my\u00f6t\u00e4 n\u00e4in ei en\u00e4\u00e4 ole.<\/p>\n<p>                <img decoding=\"async\" src=\"https:\/\/www.europesays.com\/fi\/wp-content\/uploads\/2026\/01\/2036742.webp.jpeg\" width=\"576\" height=\"720\" alt=\"Elina puolustaa niit\u00e4, jotka eiv\u00e4t voi puolustaa itse\u00e4\u00e4n.\" loading=\"lazy\" \/>            <\/p>\n<p>\n            Elina puolustaa niit\u00e4, jotka eiv\u00e4t voi puolustaa itse\u00e4\u00e4n.<br \/>\n            Timo Korhonen\n        <\/p>\n<p class=\"article-content article-content-width !bg-background\"><a href=\"https:\/\/yle.fi\/a\/74-20202108\" target=\"_blank\" style=\"font-size:1.125rem\" rel=\"nofollow noopener\">Yle uutisoi<\/a>, ett\u00e4 heti vuoden ensimm\u00e4isen\u00e4 p\u00e4iv\u00e4n\u00e4 kaadettiin 12 sutta. Tilanne on suututtanut el\u00e4inaktivistit. Elina on yksi kritisoijista.\u00a0<\/p>\n<p>        <a itemprop=\"url\" href=\"https:\/\/www.seiska.fi\/kotimaa\/elina-gustafsson-riipaiseva-ulostulo\/2029587\" rel=\"nofollow noopener\" target=\"_blank\"><\/p>\n<p>\nElina Gustafsson\n<\/p>\n<p class=\"section-date\">\n        <strong class=\"article-section\" data-section=\"kotimaa\"><br \/>\n            kotimaa<br \/>\n        <\/strong><br \/>\n        23.12.2025 11:07\n    <\/p>\n<p>Elina Gustafsson: Riipaiseva ulostulo\n    <\/p>\n<p itemprop=\"description\" class=\"subtitle \">\n    Ex-nyrkkeij\u00e4\u00e4 kohtasi suuri suru.\n<\/p>\n<p>        <\/a><\/p>\n<p class=\"article-content article-content-width !bg-background\">\u2013 Mul ei oo t\u00e4h\u00e4n sanoja, <a href=\"https:\/\/www.instagram.com\/stories\/ellugee\/3801488241208383905\/\" target=\"_blank\" rel=\"nofollow noopener\">Elina toteaa surumielisesti<\/a> sometarinoissaan, joihin h\u00e4n on liitt\u00e4nyt <a href=\"https:\/\/elainoikeusakatemia.fi\/\" target=\"_blank\" rel=\"nofollow noopener\">El\u00e4inoikeusakatemian<\/a> uutisoinnin tapetuista susista.\u00a0<\/p>\n<p>Yhteinen hyv\u00e4<\/p>\n<p class=\"article-content article-content-width !bg-background\">Elina kirjoittaa Instagram-stooreissaan (3.1.) ymm\u00e4rt\u00e4v\u00e4ns\u00e4, ett\u00e4 sudet aiheuttavat pelkoa. H\u00e4nest\u00e4 se ei kuitenkaan ole peruste el\u00e4inten tappamiselle. Elina toivoo, ett\u00e4 asiaa pohdittaisiin laajemmin.\u00a0<\/p>\n<p class=\"article-content article-content-width !bg-background\">\u2013 Uhanalaisen lajin tappaminen ei ole hallintaa, se on ep\u00e4onnistuminen. Ihmisen velvollisuus on suojella, ei poistaa, h\u00e4n korostaa 24 tuntia n\u00e4ht\u00e4viss\u00e4 olevassa julkaisussaan.<\/p>\n<p class=\"article-content article-content-width !bg-background\">Mets\u00e4styslupaa on perusteltu muun muassa sill\u00e4, ett\u00e4 sudet l\u00e4hestyv\u00e4t ihmisten asuinalueita. Elina huomauttaa sen johtuvan ihmisten toiminnasta. Susien elinalueet ovat kaventuneet ihmisen vallatessa itselleen yh\u00e4 enemm\u00e4n tilaa.\u00a0<\/p>\n<p>        <a itemprop=\"url\" href=\"https:\/\/www.seiska.fi\/kotimaa\/elina-gustafsson-kertoo-joutuneensa-tapaturmaan\/2018206\" rel=\"nofollow noopener\" target=\"_blank\"><\/p>\n<p>\nElina Gustafsson\n<\/p>\n<p class=\"section-date\">\n        <strong class=\"article-section\" data-section=\"kotimaa\"><br \/>\n            kotimaa<br \/>\n        <\/strong><br \/>\n        10.12.2025 20:30\n    <\/p>\n<p>Elina Gustafsson kertoo joutuneensa tapaturmaan\n    <\/p>\n<p itemprop=\"description\" class=\"subtitle \">\n    Elina lensi pahanp\u00e4iv\u00e4isesti py\u00f6r\u00e4ns\u00e4 sel\u00e4st\u00e4 Mongolian-reissullaan.\n<\/p>\n<p>        <\/a><\/p>\n<p class=\"article-content article-content-width !bg-background\">\u2013 Luonto ei ole meid\u00e4n hallittava resurssi, vaan yhteinen koti, Elina painottaa.\u00a0<\/p>\n<p>Kohtuus kaikessa?<\/p>\n<p class=\"article-content article-content-width !bg-background\">Elina on puhunut aiemminkin esimerkiksi kasvisruokavalion puolesta.<\/p>\n<p class=\"article-content article-content-width !bg-background\">Vuonna 2023 h\u00e4n kertoi Y\u00f6kyl\u00e4ss\u00e4 Maria Veitola -ohjelmassa haluavansa olla vegaani. Tuolloin se ei kuitenkaan ollut mahdollista Elinan <a href=\"https:\/\/www.seiska.fi\/katso\/elina-gustafsson-taisteli-syomishairiokayttaytymisen-kanssa-vuosia-ttk-laukaisi-ongelma-ajatukset-uudelleen\/129942\" target=\"_blank\" rel=\"nofollow noopener\">sy\u00f6mish\u00e4iri\u00f6taustan vuoksi<\/a>.\u00a0<\/p>\n<p class=\"article-content article-content-width !bg-background\">\u2013\u00a0En halua olla raivovegaani, koska en halua ajaa itse\u00e4ni lokeroituun sy\u00f6miseen, Elina selitti ohjelmassa.\u00a0<\/p>\n<p>        <a itemprop=\"url\" href=\"https:\/\/www.seiska.fi\/vain-seiskassa\/vuoden-luetuimmat-salakuvat-ansku-bergstrom-ja-kumppani-laheisissa-tunnelmissa\/2009736\" rel=\"nofollow noopener\" target=\"_blank\"><\/p>\n<p>\nVuoden luetuimmat\n<\/p>\n<p class=\"section-date\">\n        <strong class=\"article-section\" data-section=\"vain seiskassa\"><br \/>\n            vain seiskassa<br \/>\n        <\/strong><br \/>\n        3.1. 10:00\n    <\/p>\n<p>Vuoden luetuimmat: Salakuvat! Ansku Bergstr\u00f6m ja kumppani l\u00e4heisiss\u00e4 tunnelmissa\n    <\/p>\n<p itemprop=\"description\" class=\"subtitle \">\n    Kuluneena vuonna Anskun somessa on esiintynyt my\u00f6s mysteerihenkil\u00f6, ja Ansku onkin paljastanut pieni\u00e4 yksityiskohtia rakkausel\u00e4m\u00e4st\u00e4\u00e4n.\n<\/p>\n<p>        <\/a><\/p>\n<p><script async src=\"\/\/www.instagram.com\/embed.js\"><\/script><\/p>\n","protected":false},"excerpt":{"rendered":"Oona Gr\u00f6nqvist Uusi lains\u00e4\u00e4d\u00e4nt\u00f6 kirvoittaa Elinalta tiukkaa kritiikki\u00e4. Ex-nyrkkeilij\u00e4 , 33, tituleeraa itse\u00e4\u00e4n nyky\u00e4\u00e4n ilourheilijaksi.\u00a0 Elinan intohimot eiv\u00e4t&hellip;\n","protected":false},"author":2,"featured_media":132859,"comment_status":"","ping_status":"","sticky":false,"template":"","format":"standard","meta":{"footnotes":""},"categories":[136],"tags":[944,407,23080,1874,137,33,31,30,408,23418,16734,479,637,6346,23417,32,109],"class_list":{"0":"post-132858","1":"post","2":"type-post","3":"status-publish","4":"format-standard","5":"has-post-thumbnail","7":"category-julkkikset","8":"tag-aktivismi","9":"tag-celebrities","10":"tag-elainoikeudet","11":"tag-elina-gustafsson","12":"tag-entertainment","13":"tag-fi","14":"tag-finland","15":"tag-finnish","16":"tag-julkkikset","17":"tag-kiintiometsastys","18":"tag-laki","19":"tag-metsastys","20":"tag-politiikka","21":"tag-sudet","22":"tag-sukupuoli-ja-seksuaalivahemmistot","23":"tag-suomi","24":"tag-viihde"},"share_on_mastodon":{"url":"https:\/\/pubeurope.com\/@fi\/115834308703514100","error":""},"_links":{"self":[{"href":"https:\/\/www.europesays.com\/fi\/wp-json\/wp\/v2\/posts\/132858","targetHints":{"allow":["GET"]}}],"collection":[{"href":"https:\/\/www.europesays.com\/fi\/wp-json\/wp\/v2\/posts"}],"about":[{"href":"https:\/\/www.europesays.com\/fi\/wp-json\/wp\/v2\/types\/post"}],"author":[{"embeddable":true,"href":"https:\/\/www.europesays.com\/fi\/wp-json\/wp\/v2\/users\/2"}],"replies":[{"embeddable":true,"href":"https:\/\/www.europesays.com\/fi\/wp-json\/wp\/v2\/comments?post=132858"}],"version-history":[{"count":0,"href":"https:\/\/www.europesays.com\/fi\/wp-json\/wp\/v2\/posts\/132858\/revisions"}],"wp:featuredmedia":[{"embeddable":true,"href":"https:\/\/www.europesays.com\/fi\/wp-json\/wp\/v2\/media\/132859"}],"wp:attachment":[{"href":"https:\/\/www.europesays.com\/fi\/wp-json\/wp\/v2\/media?parent=132858"}],"wp:term":[{"taxonomy":"category","embeddable":true,"href":"https:\/\/www.europesays.com\/fi\/wp-json\/wp\/v2\/categories?post=132858"},{"taxonomy":"post_tag","embeddable":true,"href":"https:\/\/www.europesays.com\/fi\/wp-json\/wp\/v2\/tags?post=132858"}],"curies":[{"name":"wp","href":"https:\/\/api.w.org\/{rel}","templated":true}]}}