{"id":132868,"date":"2026-01-04T01:59:10","date_gmt":"2026-01-04T01:59:10","guid":{"rendered":"https:\/\/www.europesays.com\/fi\/132868\/"},"modified":"2026-01-04T01:59:10","modified_gmt":"2026-01-04T01:59:10","slug":"henkiloauto-suistui-tielta-ja-tormasi-puuhun-ylojarvella-yksi-loukkaantui-pirkanmaa","status":"publish","type":"post","link":"https:\/\/www.europesays.com\/fi\/132868\/","title":{"rendered":"Henkil\u00f6auto suistui tielt\u00e4 ja t\u00f6rm\u00e4si puuhun Yl\u00f6j\u00e4rvell\u00e4, yksi loukkaantui | Pirkanmaa"},"content":{"rendered":"<p class=\"aw-1gybjub aw-5vja16 kEtdKx kmuxyA yle__article__paragraph\">Ilmatieteen laitos ja Fintrafficin tieliikenne\u00adkeskus varoittavat huonosta ajokelist\u00e4 lauantaina.<\/p>\n<p><img decoding=\"async\" alt=\"Paloauton ovi, jossa Pirkanmaan pelastuslaitoksen logo.\" src=\"https:\/\/www.europesays.com\/fi\/wp-content\/uploads\/2025\/12\/39-1316012668d5e1c2b5c6.jpeg\" class=\"aw-1l9m598 hKVVvP\"\/><\/p>\n<p>Avaa kuvien katselu<\/p>\n<p>Lumisade, p\u00f6lly\u00e4v\u00e4 lumi ja j\u00e4iset tienpinnat heikent\u00e4v\u00e4t ajokeli\u00e4 maan keski- ja etel\u00e4osissa lauantaina. Kuvituskuva. Kuva: Sanni Isom\u00e4ki \/ Yle<\/p>\n<p class=\"aw-1gybjub aw-1p7kakr kEtdKx cEmitX yle__article__paragraph\">Yl\u00f6j\u00e4rvell\u00e4 Lintuharjuntiell\u00e4 henkil\u00f6auto suistui ulos tielt\u00e4 ja t\u00f6rm\u00e4si puuhun lauantaina hieman ennen aamunelj\u00e4\u00e4.<\/p>\n<p class=\"aw-1gybjub aw-1p7kakr kEtdKx cEmitX yle__article__paragraph\">Ajoneuvossa oli kaksi henkil\u00f6\u00e4, joista toinen pelastettiin ulos ajoneuvosta.<\/p>\n<p class=\"aw-1gybjub aw-1p7kakr kEtdKx cEmitX yle__article__paragraph\">Yksi henkil\u00f6 loukkaantui ja sai vakavia vammoja. H\u00e4net kuljetettiin sairaalaan, kertoo Pirkanmaan pelastuslaitos.<\/p>\n<p class=\"aw-1gybjub aw-1p7kakr kEtdKx cEmitX yle__article__paragraph\">Olosuhteet paikalla olivat lumiset. Onnettomuuden syyst\u00e4 ei ole tietoa.<\/p>\n<p class=\"aw-1gybjub aw-1p7kakr kEtdKx cEmitX yle__article__paragraph\">Pelastus- ja raivaust\u00f6iden aikaan tie oli suljettu liikenteelt\u00e4, mutta tieosuus avattiin normaalille liikenteelle noin puoli seitsem\u00e4n aikaan aamulla.<\/p>\n<p>Ajokelist\u00e4 varoituksia<\/p>\n<p class=\"aw-1gybjub aw-1p7kakr kEtdKx cEmitX yle__article__paragraph\"><a class=\"aw-iao6s4 iHOxEa yle__article__link\" href=\"https:\/\/yle.fi\/a\/74-20202409\" role=\"link\" rel=\"nofollow noopener\" target=\"_blank\">Ilmatieteen laitos varoittaa lauantaina huonosta ajokelist\u00e4<\/a> maan etel\u00e4- ja it\u00e4osissa lumisateen ja p\u00f6lly\u00e4v\u00e4n lumen vuoksi.<\/p>\n<p class=\"aw-1gybjub aw-1p7kakr kEtdKx cEmitX yle__article__paragraph\">Varoitus huonosta ajokelist\u00e4 koskee etel\u00e4isimpien maakuntien lis\u00e4ksi Satakuntaa, Pirkanmaata, Etel\u00e4-Savoa, Keski-Suomea, Pohjois-Savoa ja Pohjois-Karjalaa.<\/p>\n<p class=\"aw-1gybjub aw-1p7kakr kEtdKx cEmitX yle__article__paragraph\">My\u00f6s Fintrafficin tieliikennekeskus varoittaa, ett\u00e4 lumisade, p\u00f6lly\u00e4v\u00e4 lumi ja j\u00e4iset tienpinnat heikent\u00e4v\u00e4t ajokeli\u00e4 maan keski- ja etel\u00e4osissa.<\/p>\n<p class=\"aw-1gybjub aw-1p7kakr kEtdKx cEmitX yle__article__paragraph\">Varsinkin risteys- ja liittym\u00e4alueet voivat olla Fintrafficin mukaan eritt\u00e4in liukkaita.<\/p>\n","protected":false},"excerpt":{"rendered":"Ilmatieteen laitos ja Fintrafficin tieliikenne\u00adkeskus varoittavat huonosta ajokelist\u00e4 lauantaina. Avaa kuvien katselu Lumisade, p\u00f6lly\u00e4v\u00e4 lumi ja j\u00e4iset tienpinnat&hellip;\n","protected":false},"author":2,"featured_media":108277,"comment_status":"","ping_status":"","sticky":false,"template":"","format":"standard","meta":{"footnotes":""},"categories":[12],"tags":[22,23,26,27,33,31,30,17,24,25,1161,990,28,29,15,837,18,21,857,553,32,4134,19,20,16,981],"class_list":{"0":"post-132868","1":"post","2":"type-post","3":"status-publish","4":"format-standard","5":"has-post-thumbnail","7":"category-suomi","8":"tag-breaking-news","9":"tag-breakingnews","10":"tag-featured-news","11":"tag-featurednews","12":"tag-fi","13":"tag-finland","14":"tag-finnish","15":"tag-headlines","16":"tag-latest-news","17":"tag-latestnews","18":"tag-liikenne","19":"tag-liikenneonnettomuudet","20":"tag-main-news","21":"tag-mainnews","22":"tag-news","23":"tag-onnettomuudet","24":"tag-otsikot","25":"tag-paauutiset","26":"tag-pelastustoiminta","27":"tag-pirkanmaa","28":"tag-suomi","29":"tag-tieliikenneonnettomuudet","30":"tag-top-stories","31":"tag-topstories","32":"tag-uutiset","33":"tag-ylojarvi"},"share_on_mastodon":{"url":"https:\/\/pubeurope.com\/@fi\/115834359911133081","error":""},"_links":{"self":[{"href":"https:\/\/www.europesays.com\/fi\/wp-json\/wp\/v2\/posts\/132868","targetHints":{"allow":["GET"]}}],"collection":[{"href":"https:\/\/www.europesays.com\/fi\/wp-json\/wp\/v2\/posts"}],"about":[{"href":"https:\/\/www.europesays.com\/fi\/wp-json\/wp\/v2\/types\/post"}],"author":[{"embeddable":true,"href":"https:\/\/www.europesays.com\/fi\/wp-json\/wp\/v2\/users\/2"}],"replies":[{"embeddable":true,"href":"https:\/\/www.europesays.com\/fi\/wp-json\/wp\/v2\/comments?post=132868"}],"version-history":[{"count":0,"href":"https:\/\/www.europesays.com\/fi\/wp-json\/wp\/v2\/posts\/132868\/revisions"}],"wp:featuredmedia":[{"embeddable":true,"href":"https:\/\/www.europesays.com\/fi\/wp-json\/wp\/v2\/media\/108277"}],"wp:attachment":[{"href":"https:\/\/www.europesays.com\/fi\/wp-json\/wp\/v2\/media?parent=132868"}],"wp:term":[{"taxonomy":"category","embeddable":true,"href":"https:\/\/www.europesays.com\/fi\/wp-json\/wp\/v2\/categories?post=132868"},{"taxonomy":"post_tag","embeddable":true,"href":"https:\/\/www.europesays.com\/fi\/wp-json\/wp\/v2\/tags?post=132868"}],"curies":[{"name":"wp","href":"https:\/\/api.w.org\/{rel}","templated":true}]}}