{"id":132908,"date":"2026-01-04T03:17:09","date_gmt":"2026-01-04T03:17:09","guid":{"rendered":"https:\/\/www.europesays.com\/fi\/132908\/"},"modified":"2026-01-04T03:17:09","modified_gmt":"2026-01-04T03:17:09","slug":"erkki-teikari-uskonnosta-riisutut-talvenjuhlat-ja-elamaa-egyptinkorvessa","status":"publish","type":"post","link":"https:\/\/www.europesays.com\/fi\/132908\/","title":{"rendered":"Erkki Teikari: Uskonnosta riisutut talvenjuhlat ja el\u00e4m\u00e4\u00e4 Egyptinkorvessa"},"content":{"rendered":"<p>\u201dTalvenjuhlaan on ajauduttu siksi, ett\u00e4 uskotellaan joidenkin maahan tulleiden ahdistuvan oman perinteemme yll\u00e4pidosta tai ett\u00e4 kristinusko ylip\u00e4\u00e4t\u00e4\u00e4n halutaan h\u00e4ivytt\u00e4\u00e4 yhteiskunnasta\u201d, Erkki Teikari kirjoittaa.<\/p>\n<p class=\"article-body mb-nof-24 px-nof-16\">Helsingin Sanomien arvostettu toimittaja Heikki Aittokoski aloitti <a class=\"underline underline-offset-[0.12em] [text-decoration-thickness:var(--generic-link-underline-thickness)] [text-decoration-color:var(--generic-link-underline-color)] [text-decoration-skip-ink:var(--generic-link-underline-skip-ink)] break-words\" href=\"https:\/\/www.hs.fi\/paakirjoitukset\/art-2000011696253.html\" rel=\"nofollow noopener\" target=\"_blank\">kolumninsa <\/a>(18.12.) ajatuksella Luukkaan evankeliumista. Se raportoi Jeesuksen syntym\u00e4st\u00e4, ja sen \u201dsanoma yritt\u00e4\u00e4 ik\u00e4v\u00e4sti h\u00e4irit\u00e4 kaupallisen joulun viettoa\u201d.<\/p>\n<p class=\"article-body mb-nof-24 px-nof-16\">Yritykseksi se tuppaa j\u00e4\u00e4m\u00e4\u00e4nkin. Marketit olivat jouluna auki vuorokaudet ymp\u00e4ri. Vain saksalainen Lidl p\u00e4\u00e4sti bisneksest\u00e4 ryhdikk\u00e4\u00e4sti irti nelj\u00e4lt\u00e4 aattoiltap\u00e4iv\u00e4ll\u00e4.<\/p>\n<p class=\"article-body mb-nof-24 px-nof-16\">Koululaitoksessa Jeesus on vuosi vuodelta yh\u00e4 tehokkaammin irrotettu joulunvietosta. Opetushallitus on ohjeillaan l\u00e4hinn\u00e4 h\u00e4mment\u00e4nyt tilannetta.<\/p>\n<p class=\"article-body mb-nof-24 px-nof-16\">Sen mukaan pit\u00e4\u00e4 taata, ett\u00e4 \u201dkaikki pystyv\u00e4t osallistumaan uskonnon ja omantunnon vapauden turvaamalla tavalla\u201d ja \u201dettei joulujuhlan j\u00e4rjest\u00e4minen kirkossa sellaisenaan tee tilaisuudesta tai sen sis\u00e4ll\u00f6st\u00e4 uskonnon harjoittamista\u201d.<\/p>\n<p class=\"article-body mb-nof-24 px-nof-16\">Useat koulut ovat karsineet kristillisyyden kokonaan pois joulujuhlastaan.<\/p>\n<p class=\"article-body mb-nof-24 px-nof-16\">Ilta-Sanomien tutkivat journalistit eiv\u00e4t l\u00f6yt\u00e4neet Helsingin ja Vantaan kouluista en\u00e4\u00e4 edes uskonnollisia <a class=\"underline underline-offset-[0.12em] [text-decoration-thickness:var(--generic-link-underline-thickness)] [text-decoration-color:var(--generic-link-underline-color)] [text-decoration-skip-ink:var(--generic-link-underline-skip-ink)] break-words\" href=\"https:\/\/www.is.fi\/kotimaa\/art-2000011685211.html\" rel=\"nofollow noopener\" target=\"_blank\">viittauksia<\/a>. Ketu Kettunen ja Pompsi-j\u00e4nis korvasivat Jeesuksen.<\/p>\n<p class=\"article-body mb-nof-24 px-nof-16\">Ohjelmat koostuivat tonttulauluista ja -tansseista, runoista, r\u00e4pist\u00e4kin. Niihin ujutettiin huoli tulevaisuudesta. Mutta sit\u00e4h\u00e4n nuoret tiemm\u00e4 ovat jo liiankin t\u00e4ynn\u00e4.<\/p>\n<p class=\"article-body mb-nof-24 px-nof-16\">Yhdess\u00e4 Jyv\u00e4skyl\u00e4n koulussa laulettiin Enkeli taivaan -virrest\u00e4 muutama s\u00e4keist\u00f6. Oulussa saatetaan \u201dJeesuskin joskus mainita\u201d, mutta vasta Sodankyl\u00e4st\u00e4 l\u00f6ydettiin koulu, jossa sumeilematta pidet\u00e4\u00e4n kiinni joulun sanomasta.<\/p>\n<p class=\"article-body mb-nof-24 px-nof-16\">Vaikka siell\u00e4kin huoltajille kerrotaan etuk\u00e4teen, ett\u00e4 juhlan kristillisest\u00e4 osasta voi j\u00e4\u00e4d\u00e4 pois, kukaan ei ole viel\u00e4 niin tehnyt.<\/p>\n<blockquote class=\"p-[var(--citation-padding)] m-[var(--citation-margin)] border-y-[length:var(--citation-border-width)] border-y-[color:var(--citation-border-color)]\">\n<p>Muutamissa kouluissa joulujuhlan nimikin on muutettu talvenjuhlaksi.<\/p>\n<\/blockquote>\n<p class=\"article-body mb-nof-24 px-nof-16\">Muutamissa kouluissa joulujuhlan nimikin on muutettu talvenjuhlaksi. Ateistisessa Neuvostoliitossa joulupukki muuntui pakkasukoksi.<\/p>\n<p class=\"article-body mb-nof-24 px-nof-16\">Talvenjuhlaan on ajauduttu siksi, ett\u00e4 uskotellaan joidenkin maahan tulleiden ahdistuvan oman perinteemme yll\u00e4pidosta tai ett\u00e4 kristinusko ylip\u00e4\u00e4t\u00e4\u00e4n halutaan h\u00e4ivytt\u00e4\u00e4 yhteiskunnasta.<\/p>\n<p class=\"article-body mb-nof-24 px-nof-16\">Turun piispa Mari Lepp\u00e4nen on HS:n tekem\u00e4n kolmesivuisen <a class=\"underline underline-offset-[0.12em] [text-decoration-thickness:var(--generic-link-underline-thickness)] [text-decoration-color:var(--generic-link-underline-color)] [text-decoration-skip-ink:var(--generic-link-underline-skip-ink)] break-words\" href=\"https:\/\/www.hs.fi\/feature\/art-2000011657923.html\" rel=\"nofollow noopener\" target=\"_blank\">jutun <\/a>mukaan kirkon kymmenest\u00e4 piispasta n\u00e4kyvimpi\u00e4 \u2013 varmaankin n\u00e4kyvin. Piispoja tosin on 11, kun kentt\u00e4piispakin muistetaan.<\/p>\n<p class=\"article-body mb-nof-24 px-nof-16\">Olen joskus ihmetellyt, millaisia ovat piispan kiireet, kun aikaa piisaa laajoihin muun muassa Turun Sanomien ja Helsingin Sanomien kolumneihin.<\/p>\n<p class=\"article-body mb-nof-24 px-nof-16\">Jutun jujuna onkin se, ett\u00e4 Lepp\u00e4nen, ensimm\u00e4isen\u00e4 luterilaisen kirkon piispana, on ottanut virkavapaata, vuoden alusta kolme kuukautta. Lepp\u00e4sen mielest\u00e4 edelt\u00e4jill\u00e4 oli aikaa kirjoittaa, mutta nyt ty\u00f6el\u00e4m\u00e4n rytmi on liian kiihke\u00e4.<\/p>\n<p class=\"article-body mb-nof-24 px-nof-16\">Piispan journalistinen tuotanto ja haastattelujen m\u00e4\u00e4r\u00e4 ovat kirkon piiriss\u00e4 niin poikkeuksellisia, ett\u00e4 kyse lienee my\u00f6s siit\u00e4, mit\u00e4 pit\u00e4\u00e4 t\u00e4rke\u00e4n\u00e4 ja mit\u00e4 ei.<\/p>\n<p class=\"article-body mb-nof-24 px-nof-16\">Entinen vanhoillislestadiolainen on profiloitunut sateenkaaripiispaksi. HS:n jutussa mainitaan marraskuinen saarna sateenkaarimessussa Keski-Porin kirkossa, josta piispa laittoi kuvan maailmalle eli Facebook-sivulleen.<\/p>\n<p class=\"article-body mb-nof-24 px-nof-16\">Vuoden 2024 syyskuussa Turun tuomiokirkossa pidetty sateenkaarimessu sai aivan oikeaakin mediahuomiota.<\/p>\n<p class=\"article-body mb-nof-24 px-nof-16\">Ei ole varsinaisesti ihme, ett\u00e4 t\u00e4llainen toiminta aiheuttaa my\u00f6s arvostelua seurakuntav\u00e4ess\u00e4.<\/p>\n<p class=\"article-body mb-nof-24 px-nof-16\">Piispa v\u00e4itt\u00e4\u00e4, ett\u00e4 naisviha on kirkossa lis\u00e4\u00e4ntynyt. Olisikohan moisesta jonkinlaista n\u00e4ytt\u00f6\u00e4? Kirkon papeista ja kanttori-urkureista puolet on naisia, kirkkoherroista kolmannes, piispoista kolme. Trendi on yl\u00f6sp\u00e4in.<\/p>\n<p class=\"article-body mb-nof-24 px-nof-16\">Lepp\u00e4nen ja kansan suuri enemmist\u00f6 ovat oikeassa muun muassa naispappien ty\u00f6n arvostuksessa.<\/p>\n<p class=\"article-body mb-nof-24 px-nof-16\">Ja muuta: Turun piispan valtakunnallinen itsen\u00e4isyysp\u00e4iv\u00e4n saarna Helsingin tuomiokirkossa oli kuuntelemisen v\u00e4\u00e4rti.<\/p>\n<p class=\"article-body mb-nof-24 px-nof-16\">HS julkaisi hiljattain toisenlaisenkin, yht\u00e4 laajan <a class=\"underline underline-offset-[0.12em] [text-decoration-thickness:var(--generic-link-underline-thickness)] [text-decoration-color:var(--generic-link-underline-color)] [text-decoration-skip-ink:var(--generic-link-underline-skip-ink)] break-words\" href=\"https:\/\/www.hs.fi\/feature\/art-2000011665122.html\" rel=\"nofollow noopener\" target=\"_blank\">henkil\u00f6jutun<\/a>. Sen kohteena oli Lieksan Egyptinkorvessa el\u00e4v\u00e4 Pertti Nevalainen. H\u00e4n on 80-vuotias umpisokea, entist\u00e4 evakkotilaa asuva hevosmies, joka on kutakuinkin avuttoman eli aivan kaikessa autettavan vaimonsa omaishoitaja.<\/p>\n<p class=\"article-body mb-nof-24 px-nof-16\">H\u00e4nkin olisi varmaan jonkinlaisen virkavapaan tarpeessa, vaikkei kiireit\u00e4\u00e4n valitakaan.<\/p>\n<p class=\"article-body nof-ui-body-medium mb-nof-24 px-nof-16\">Kirjoittaja on SK:n entinen p\u00e4\u00e4toimittaja.<\/p>\n<p><img decoding=\"async\" src=\"https:\/\/www.europesays.com\/fi\/wp-content\/uploads\/2026\/01\/1767496629_8_468.jpg\" alt=\"Useat koulut ovat karsineet kristillisyyden kokonaan pois joulujuhlastaan. Kuvituskuva.\" class=\"_Img_1rerz_1\" style=\"aspect-ratio:1.3016949152542372\" loading=\"eager\"\/><\/p>\n<p class=\"article-picture-caption\">Useat koulut ovat karsineet kristillisyyden kokonaan pois joulujuhlastaan. Kuvituskuva. Kuva:\u00a0Henry Rantaniemi \/ Arkisto<\/p>\n","protected":false},"excerpt":{"rendered":"\u201dTalvenjuhlaan on ajauduttu siksi, ett\u00e4 uskotellaan joidenkin maahan tulleiden ahdistuvan oman perinteemme yll\u00e4pidosta tai ett\u00e4 kristinusko ylip\u00e4\u00e4t\u00e4\u00e4n halutaan&hellip;\n","protected":false},"author":2,"featured_media":132909,"comment_status":"","ping_status":"","sticky":false,"template":"","format":"standard","meta":{"footnotes":""},"categories":[12],"tags":[22,23,26,27,33,31,30,17,24,25,28,29,15,18,21,80,32,19,20,16],"class_list":{"0":"post-132908","1":"post","2":"type-post","3":"status-publish","4":"format-standard","5":"has-post-thumbnail","7":"category-suomi","8":"tag-breaking-news","9":"tag-breakingnews","10":"tag-featured-news","11":"tag-featurednews","12":"tag-fi","13":"tag-finland","14":"tag-finnish","15":"tag-headlines","16":"tag-latest-news","17":"tag-latestnews","18":"tag-main-news","19":"tag-mainnews","20":"tag-news","21":"tag-otsikot","22":"tag-paauutiset","23":"tag-satakunnan-kansa","24":"tag-suomi","25":"tag-top-stories","26":"tag-topstories","27":"tag-uutiset"},"share_on_mastodon":{"url":"https:\/\/pubeurope.com\/@fi\/115834666572889057","error":""},"_links":{"self":[{"href":"https:\/\/www.europesays.com\/fi\/wp-json\/wp\/v2\/posts\/132908","targetHints":{"allow":["GET"]}}],"collection":[{"href":"https:\/\/www.europesays.com\/fi\/wp-json\/wp\/v2\/posts"}],"about":[{"href":"https:\/\/www.europesays.com\/fi\/wp-json\/wp\/v2\/types\/post"}],"author":[{"embeddable":true,"href":"https:\/\/www.europesays.com\/fi\/wp-json\/wp\/v2\/users\/2"}],"replies":[{"embeddable":true,"href":"https:\/\/www.europesays.com\/fi\/wp-json\/wp\/v2\/comments?post=132908"}],"version-history":[{"count":0,"href":"https:\/\/www.europesays.com\/fi\/wp-json\/wp\/v2\/posts\/132908\/revisions"}],"wp:featuredmedia":[{"embeddable":true,"href":"https:\/\/www.europesays.com\/fi\/wp-json\/wp\/v2\/media\/132909"}],"wp:attachment":[{"href":"https:\/\/www.europesays.com\/fi\/wp-json\/wp\/v2\/media?parent=132908"}],"wp:term":[{"taxonomy":"category","embeddable":true,"href":"https:\/\/www.europesays.com\/fi\/wp-json\/wp\/v2\/categories?post=132908"},{"taxonomy":"post_tag","embeddable":true,"href":"https:\/\/www.europesays.com\/fi\/wp-json\/wp\/v2\/tags?post=132908"}],"curies":[{"name":"wp","href":"https:\/\/api.w.org\/{rel}","templated":true}]}}