{"id":132910,"date":"2026-01-04T03:18:08","date_gmt":"2026-01-04T03:18:08","guid":{"rendered":"https:\/\/www.europesays.com\/fi\/132910\/"},"modified":"2026-01-04T03:18:08","modified_gmt":"2026-01-04T03:18:08","slug":"professori-rikosvastuun-suomessa-ratkaisee-se-oliko-teko-pahantahtoinen","status":"publish","type":"post","link":"https:\/\/www.europesays.com\/fi\/132910\/","title":{"rendered":"Professori: Rikosvastuun Suomessa ratkaisee se, oliko teko \u201dpahantahtoinen\u201d"},"content":{"rendered":"<p>Kaapelirikko Suomenlahdella|Professori Kimmo Nuotion mielest\u00e4 Fitburg-aluksen tapaus on osoittanut, ett\u00e4 viranomaiset ovat varautuneet kaapelirikkotapauksiin ja oppineet hoitamaan niit\u00e4.<\/p>\n<p>3.1. 17:16<\/p>\n<p>Lue tiivistelm\u00e4<\/p>\n<p class=\"article-body mb-nof-24 px-nof-16 sndp-summary-bullet-point-font\">Keskusrikospoliisi tutkii tuoretta Suomenlahden kaapelirikkotapausta t\u00f6rkein\u00e4 rikoksina. Rikosoikeuden professori Kimmo Nuotion mukaan ei ole selv\u00e4\u00e4, voiko tapaus johtaa k\u00e4r\u00e4jille Suomessa, vaikka Fitburg-aluksen katsottaisiin aiheuttaneen vahingon.<\/p>\n<p class=\"article-body mb-nof-24 px-nof-16 sndp-summary-bullet-point-font\">Tuore tapaus muistuttaa Nuotion mukaan aiempaa Eagle S -aluksen kaapelirikkotapausta, jossa k\u00e4r\u00e4j\u00e4oikeus j\u00e4tti tutkimatta syytteet.<\/p>\n<p class=\"article-body mb-nof-24 px-nof-16 sndp-summary-bullet-point-font\">Ratkaisevaksi kysymykseksi voi rikosoikeudellisen vastuun n\u00e4k\u00f6kulmasta nousta se, oliko kaapelirikko tahallinen, pahantahtoinen teko vai vahinko.<\/p>\n<p class=\"article-body mb-nof-24 px-nof-16\">Oliko uudenvuodenaaton kaapelirikko Suomenlahdella tarkoituksellinen pahantahtoinen teko vai vahinko?<\/p>\n<p class=\"article-body mb-nof-24 px-nof-16\">T\u00e4m\u00e4 voi nousta rikosoikeuden professori <a class=\"font-bold underline-offset-[0.12em] [text-decoration:var(--person-link-text-decoration)] ![text-decoration-color:var(--person-link-text-decoration-color)]\" href=\"https:\/\/www.hs.fi\/haku\/?query=Kimmo%20Nuotion\" rel=\"nofollow noopener\" target=\"_blank\">Kimmo Nuotion<\/a> mukaan keskeiseksi kysymykseksi arvioitaessa, voiko Fitburg-aluksen tapaus johtaa Suomessa rikosoikeudellisiin seuraamuksiin.<\/p>\n<p class=\"article-body mb-nof-24 px-nof-16\">Jos kyseess\u00e4 oli pahantahtoinen teko, tapaus voitaneen saattaa oikeuteen Suomessa. Mik\u00e4li kyseess\u00e4 oli vahinko, niin ei v\u00e4ltt\u00e4m\u00e4tt\u00e4 voida tehd\u00e4.<\/p>\n<p class=\"article-body mb-nof-24 px-nof-16\">\u201dT\u00e4m\u00e4 on oikeudellisesti hyvin kiinnostava tapaus\u201d, Nuotio sanoo.<\/p>\n<p class=\"article-body mb-nof-24 px-nof-16\">Fitburg-aluksen tapaus vaikuttaa julkisuudessa olleiden l\u00e4ht\u00f6tietojen perusteella samantyyppiselt\u00e4 kuin Eagle S -aluksen aiheuttamat kaapelirikot vuosi aiemmin. My\u00f6s siin\u00e4 tapauksessa poliisi k\u00e4ynnisti esitutkinnan.<\/p>\n<p class=\"article-body mb-nof-24 px-nof-16\">Molemmissa tapauksissa kaapelirikot tapahtuivat kansainv\u00e4lisell\u00e4 merialueella.<\/p>\n<p class=\"article-body mb-nof-24 px-nof-16\">Eagle S -alukseen liittyv\u00e4 tutkinta johti syytteisiin ja oikeudenk\u00e4yntiin, mutta Helsingin k\u00e4r\u00e4j\u00e4oikeus p\u00e4\u00e4tti lokakuussa j\u00e4tt\u00e4\u00e4 syytteet tutkimatta. Oikeus katsoi, ettei siin\u00e4 tilanteessa voitu soveltaa Suomen rikoslakia aluevesien ulkopuolella tapahtuneeseen onnettomuuteen.<\/p>\n<p class=\"article-body mb-nof-24 px-nof-16\">Syytettyjen ei ep\u00e4ilty tahallaan raahanneen ankkuria kaapelien yli tarkoituksenaan aiheuttaa vauriota niille.<\/p>\n<p class=\"article-body mb-nof-24 px-nof-16\">K\u00e4r\u00e4j\u00e4oikeuden tuomio ei ole viel\u00e4 lainvoimainen, sill\u00e4 syytt\u00e4j\u00e4 on valittanut siit\u00e4 hovioikeuteen.<\/p>\n<p><img decoding=\"async\" src=\"https:\/\/www.europesays.com\/fi\/wp-content\/uploads\/2026\/01\/1767496688_796_320.jpg\" alt=\"Helsingin yliopiston rikosoikeuden professori Kimmo Nuotio\" class=\"_Img_1rerz_1\" style=\"aspect-ratio:0.75\" loading=\"eager\"\/><\/p>\n<p class=\"article-picture-caption\">Helsingin yliopiston rikosoikeuden professori Kimmo Nuotio Kuva:\u00a0Jussi Nukari<\/p>\n<p class=\"article-body mb-nof-24 px-nof-16\">Rikosoikeuden professori Nuotion sanoo, ett\u00e4 Fitburg-alukseen liittyv\u00e4ss\u00e4 tutkinnassa rikosoikeudellinen asetelma on vastaavanlainen.<\/p>\n<p class=\"article-body mb-nof-24 px-nof-16\">Mahdollisen rikosvastuun n\u00e4k\u00f6kulmasta keskeist\u00e4 on se, katsotaanko tapaus merenkulun kansainv\u00e4lisen yleissopimuksen mukaiseksi merenkulkuonnettomuudeksi, jonka takana ei ole pahantahtoista tahallista tekoa.<\/p>\n<p class=\"article-body mb-nof-24 px-nof-16\">\u201dJos se katsotaan merenkulkuonnettomuudeksi, Suomi ei saa rantavaltiona puuttua siihen rikosoikeudellisesti\u201d, Nuotio sanoo.<\/p>\n<p class=\"article-body mb-nof-24 px-nof-16\">Merenkulkuonnettomuudessa tuomiovallan on katsottu olevan aavalla merell\u00e4 laivan lippuvaltiolla tai syytetyn kansallisvaltiolla.<\/p>\n<p class=\"article-body mb-nof-24 px-nof-16\">Mik\u00e4li keskusrikospoliisin esitutkinnassa ei l\u00f6ydy n\u00e4ytt\u00f6\u00e4 tahallisuudesta, Suomella ei siten n\u00e4yt\u00e4 aiemman k\u00e4r\u00e4j\u00e4oikeuden tuomion perusteella olevan oikeutta rangaista tapauksesta.<\/p>\n<p class=\"article-body mb-nof-24 px-nof-16\">Tilanne kuitenkin muuttuu Nuotion mukaan rikosoikeuden n\u00e4k\u00f6kulmasta olennaisesti, jos kaapeli on rikottu tahallisesti ja sen vaikutukset ulottuvat Suomeen. T\u00e4ll\u00f6in voitaisiin k\u00e4r\u00e4j\u00e4oikeuden aiemman tuomion perusteella k\u00e4sitell\u00e4 syytteet Suomessa, Nuotio sanoo.<\/p>\n<p class=\"article-body mb-nof-24 px-nof-16\">\u201dRikosoikeuden n\u00e4k\u00f6kulmasta iso kysymys on se, onko tapauksen takana paha tarkoitus vai ei\u201d, Nuotio sanoo.<\/p>\n<p class=\"article-body mb-nof-24 px-nof-16\">Keskusrikospoliisi n\u00e4ytt\u00e4\u00e4 tutkinnan rikosnimikkeiden perusteella l\u00e4htev\u00e4n siit\u00e4, ett\u00e4 teko on voinut olla tahallinen. Tapausta tutkitaan t\u00f6rke\u00e4n\u00e4 vahingontekona ja sen yrityksen\u00e4 sek\u00e4 t\u00f6rke\u00e4n\u00e4 tietoliikenteen h\u00e4irint\u00e4n\u00e4.<\/p>\n<p class=\"article-body mb-nof-24 px-nof-16\">Tapauksen oikeudellinen arviointi on viel\u00e4 hyvin varhaista, sill\u00e4 tietoa itse kaapelirikosta on julkisuudessa v\u00e4h\u00e4n eik\u00e4 my\u00f6s asiaan liittyv\u00e4\u00e4 oikeusk\u00e4yt\u00e4nt\u00f6\u00e4 ole paljon. Vasta my\u00f6hemmin selvi\u00e4\u00e4, j\u00e4\u00e4k\u00f6 k\u00e4r\u00e4j\u00e4oikeuden aiempi Eagle S -ratkaisu voimaan ylemmiss\u00e4 oikeusasteissa.<\/p>\n<p class=\"article-body mb-nof-24 px-nof-16\">\u201dKaapelirikoista ei varmaan l\u00f6ydy kovin monta oikeuden ratkaisua maailmaltakaan. T\u00e4ss\u00e4 ollaan uuden ja kiinnostavan oikeudellisen kysymyksen \u00e4\u00e4rell\u00e4\u201d, Nuotio sanoo.<\/p>\n<p class=\"article-body mb-nof-24 px-nof-16\">Nuotion mielest\u00e4 tuoreessa Fitburg-aluksen tapauksessa n\u00e4kyy selv\u00e4sti, ett\u00e4 viranomaiset ovat varautuneet ja oppineet hoitamaan t\u00e4m\u00e4ntyyppisi\u00e4 tapauksia.<\/p>\n<p class=\"article-body mb-nof-24 px-nof-16\">\u201dSe n\u00e4kyi koko alkutilanteessa. Kaapelirikosta ep\u00e4ilty alus onnistuttiin selvitt\u00e4m\u00e4\u00e4n todella nopeasti ja n\u00e4htiin, ett\u00e4 sen ankkuri on alhaalla. Viranomaiset p\u00e4\u00e4siv\u00e4t nopeasti my\u00f6s aluksen kannelle ja saivat pys\u00e4ytetty\u00e4 sen. Laivalla olleita henkil\u00f6it\u00e4 p\u00e4\u00e4stiin pian kuulustelemaan erikseen. My\u00f6s apulaisvaltakunnansyytt\u00e4j\u00e4 Jukka Rappe p\u00e4\u00e4tti nopeasti esitutkinnan aloittamisesta\u201d, Nuotio sanoo.<\/p>\n<p class=\"article-body mb-nof-24 px-nof-16\">Poliisi esitti <a class=\"underline underline-offset-[0.12em] [text-decoration-thickness:var(--generic-link-underline-thickness)] [text-decoration-color:var(--generic-link-underline-color)] [text-decoration-skip-ink:var(--generic-link-underline-skip-ink)] break-words\" href=\"https:\/\/www.hs.fi\/suomi\/art-2000011727967.html\" rel=\"nofollow noopener\" target=\"_blank\">lauantaina <\/a>yht\u00e4 Fitburgin miehist\u00f6n j\u00e4sent\u00e4 vangittavaksi. Kyseess\u00e4 on Azerbaid\u017eanin kansalainen.<\/p>\n","protected":false},"excerpt":{"rendered":"Kaapelirikko Suomenlahdella|Professori Kimmo Nuotion mielest\u00e4 Fitburg-aluksen tapaus on osoittanut, ett\u00e4 viranomaiset ovat varautuneet kaapelirikkotapauksiin ja oppineet hoitamaan niit\u00e4.&hellip;\n","protected":false},"author":2,"featured_media":132911,"comment_status":"","ping_status":"","sticky":false,"template":"","format":"standard","meta":{"footnotes":""},"categories":[5],"tags":[22,23,26,27,33,31,30,17,46,24,25,28,29,15,18,21,32,19,20,16],"class_list":{"0":"post-132910","1":"post","2":"type-post","3":"status-publish","4":"format-standard","5":"has-post-thumbnail","7":"category-otsikot","8":"tag-breaking-news","9":"tag-breakingnews","10":"tag-featured-news","11":"tag-featurednews","12":"tag-fi","13":"tag-finland","14":"tag-finnish","15":"tag-headlines","16":"tag-helsingin-sanomat","17":"tag-latest-news","18":"tag-latestnews","19":"tag-main-news","20":"tag-mainnews","21":"tag-news","22":"tag-otsikot","23":"tag-paauutiset","24":"tag-suomi","25":"tag-top-stories","26":"tag-topstories","27":"tag-uutiset"},"share_on_mastodon":{"url":"https:\/\/pubeurope.com\/@fi\/115834670462394692","error":""},"_links":{"self":[{"href":"https:\/\/www.europesays.com\/fi\/wp-json\/wp\/v2\/posts\/132910","targetHints":{"allow":["GET"]}}],"collection":[{"href":"https:\/\/www.europesays.com\/fi\/wp-json\/wp\/v2\/posts"}],"about":[{"href":"https:\/\/www.europesays.com\/fi\/wp-json\/wp\/v2\/types\/post"}],"author":[{"embeddable":true,"href":"https:\/\/www.europesays.com\/fi\/wp-json\/wp\/v2\/users\/2"}],"replies":[{"embeddable":true,"href":"https:\/\/www.europesays.com\/fi\/wp-json\/wp\/v2\/comments?post=132910"}],"version-history":[{"count":0,"href":"https:\/\/www.europesays.com\/fi\/wp-json\/wp\/v2\/posts\/132910\/revisions"}],"wp:featuredmedia":[{"embeddable":true,"href":"https:\/\/www.europesays.com\/fi\/wp-json\/wp\/v2\/media\/132911"}],"wp:attachment":[{"href":"https:\/\/www.europesays.com\/fi\/wp-json\/wp\/v2\/media?parent=132910"}],"wp:term":[{"taxonomy":"category","embeddable":true,"href":"https:\/\/www.europesays.com\/fi\/wp-json\/wp\/v2\/categories?post=132910"},{"taxonomy":"post_tag","embeddable":true,"href":"https:\/\/www.europesays.com\/fi\/wp-json\/wp\/v2\/tags?post=132910"}],"curies":[{"name":"wp","href":"https:\/\/api.w.org\/{rel}","templated":true}]}}