{"id":132915,"date":"2026-01-04T03:38:08","date_gmt":"2026-01-04T03:38:08","guid":{"rendered":"https:\/\/www.europesays.com\/fi\/132915\/"},"modified":"2026-01-04T03:38:08","modified_gmt":"2026-01-04T03:38:08","slug":"pate-mustajarven-kuva-ilmestyi-keravalle-oululaistaiteilija-kertoo-teoksen-taustat-paikalliset","status":"publish","type":"post","link":"https:\/\/www.europesays.com\/fi\/132915\/","title":{"rendered":"Pate Mustaj\u00e4rven kuva ilmestyi Keravalle \u2013 oululaistaiteilija kertoo teoksen taustat | Paikalliset"},"content":{"rendered":"<p>Graffititeoksen Keravan keskustaan tehnyt taiteilija Don Poro eli Oskari Tuohimaa kertoo liikkuvansa toisinaan Keski-Uudellamaalla.<\/p>\n<p>Keravan keskustaan ilmestyi vajaa viikko sitten edesmennytt\u00e4 <strong>Pauli &#8221;Pate&#8221; Mustaj\u00e4rve\u00e4<\/strong> esitt\u00e4v\u00e4 teos. Maalaus on yh\u00e4 n\u00e4ht\u00e4vill\u00e4 ja sen on tehnyt oululainen graffititaiteilija Don Poro, oikealta nimelt\u00e4\u00e4n <strong>Oskari Tuohimaa<\/strong>.<\/p>\n","protected":false},"excerpt":{"rendered":"Graffititeoksen Keravan keskustaan tehnyt taiteilija Don Poro eli Oskari Tuohimaa kertoo liikkuvansa toisinaan Keski-Uudellamaalla. Keravan keskustaan ilmestyi vajaa&hellip;\n","protected":false},"author":2,"featured_media":132916,"comment_status":"","ping_status":"","sticky":false,"template":"","format":"standard","meta":{"footnotes":""},"categories":[130],"tags":[137,400,33,31,30,104,964,47,3018,32,485,398,109],"class_list":{"0":"post-132915","1":"post","2":"type-post","3":"status-publish","4":"format-standard","5":"has-post-thumbnail","7":"category-viihde","8":"tag-entertainment","9":"tag-espoo","10":"tag-fi","11":"tag-finland","12":"tag-finnish","13":"tag-helsinki","14":"tag-jarvenpaa","15":"tag-musiikki","16":"tag-muusikko","17":"tag-suomi","18":"tag-taide-yleista","19":"tag-taiteilija","20":"tag-viihde"},"share_on_mastodon":{"url":"https:\/\/pubeurope.com\/@fi\/115834749125074681","error":""},"_links":{"self":[{"href":"https:\/\/www.europesays.com\/fi\/wp-json\/wp\/v2\/posts\/132915","targetHints":{"allow":["GET"]}}],"collection":[{"href":"https:\/\/www.europesays.com\/fi\/wp-json\/wp\/v2\/posts"}],"about":[{"href":"https:\/\/www.europesays.com\/fi\/wp-json\/wp\/v2\/types\/post"}],"author":[{"embeddable":true,"href":"https:\/\/www.europesays.com\/fi\/wp-json\/wp\/v2\/users\/2"}],"replies":[{"embeddable":true,"href":"https:\/\/www.europesays.com\/fi\/wp-json\/wp\/v2\/comments?post=132915"}],"version-history":[{"count":0,"href":"https:\/\/www.europesays.com\/fi\/wp-json\/wp\/v2\/posts\/132915\/revisions"}],"wp:featuredmedia":[{"embeddable":true,"href":"https:\/\/www.europesays.com\/fi\/wp-json\/wp\/v2\/media\/132916"}],"wp:attachment":[{"href":"https:\/\/www.europesays.com\/fi\/wp-json\/wp\/v2\/media?parent=132915"}],"wp:term":[{"taxonomy":"category","embeddable":true,"href":"https:\/\/www.europesays.com\/fi\/wp-json\/wp\/v2\/categories?post=132915"},{"taxonomy":"post_tag","embeddable":true,"href":"https:\/\/www.europesays.com\/fi\/wp-json\/wp\/v2\/tags?post=132915"}],"curies":[{"name":"wp","href":"https:\/\/api.w.org\/{rel}","templated":true}]}}