{"id":132919,"date":"2026-01-04T03:42:15","date_gmt":"2026-01-04T03:42:15","guid":{"rendered":"https:\/\/www.europesays.com\/fi\/132919\/"},"modified":"2026-01-04T03:42:15","modified_gmt":"2026-01-04T03:42:15","slug":"zelenskyi-nimesi-itselleen-uuden-kansliapaallikon-uutissuomalainen","status":"publish","type":"post","link":"https:\/\/www.europesays.com\/fi\/132919\/","title":{"rendered":"Zelenskyi nimesi itselleen uuden kansliap\u00e4\u00e4llik\u00f6n | Uutissuomalainen"},"content":{"rendered":"<p>Ukrainan presidentti Volodymyr Zelenskyi kertoi perjantaina sosiaalisessa mediassa tarjonneensa puolustusministerin paikkaa maan nykyiselle digitaalisen muutoksen ministerille Mihailo Fedroville.<\/p>\n<p>Fedrov korvaisi aiemmin puolustusministerin\u00e4 toimineen Denys Shmyhalin. Zelenskyi ei kuitenkaan kerro syit\u00e4, miksi h\u00e4n on p\u00e4\u00e4tt\u00e4nyt korvata Shmyhalin, joka nimitettiin maan puolustusministeriksi vain puoli vuotta sitten.<\/p>\n<p>Suurelle yleis\u00f6lle tuntematon 34-vuotias Fedrov on toiminut digitaalisen muutoksen ministerin\u00e4 vuodesta 2019 l\u00e4htien. Zelenskyin mukaan Fedrov on kokenut drooneihin liittyviss\u00e4 kysymyksiss\u00e4 ja ollut tehokas valtion palveluiden digitalisoinnissa.<\/p>\n<p>Zelenskyi kertoi perjantaina my\u00f6s tarjonneensa maan sotilastiedustelun johtajalle Kyrylo Budanoville presidentin kansliap\u00e4\u00e4llik\u00f6n paikkaa. Zelenskyi kirjoitti asiasta <a href=\"https:\/\/x.com\/ZelenskyyUa\/status\/2007053400261681610\" rel=\"nofollow\">viestipalvelu X:ss\u00e4<\/a>.<\/p>\n<p>39-vuotias Budanov on saanut Ukrainassa legendaarisen maineen, sill\u00e4 h\u00e4nen ansioinaan pidet\u00e4\u00e4n muun muassa useita uskaliaita operaatioita Ven\u00e4j\u00e4\u00e4 vastaan.<\/p>\n<p>Zelenskyin mukaan Budanovilla on erityisosaamista Ukrainan nyt tarvitsemissa asioissa, kuten turvallisuudessa ja asevoimien kehitt\u00e4misess\u00e4. Lis\u00e4ksi h\u00e4n kehuu, ett\u00e4 Budanovilla on riitt\u00e4v\u00e4sti voimaa saada tuloksia aikaan.<\/p>\n<p>Budanov kertoi perjantaina ottaneensa nimityksen vastaan.<\/p>\n<p>&#8211;\u2009Minulle on kunnia ja vastuu keskitty\u00e4 valtiomme strategisen turvallisuuden kannalta kriittisiin asioihin t\u00e4n\u00e4 Ukrainan historiallisena aikana, Budanov sanoi viestipalvelu Telegramissa.<\/p>\n<p>Ennen uraansa tiedustelussa Budrovin tiedet\u00e4\u00e4n taistelleen It\u00e4-Ukrainassa Ven\u00e4j\u00e4n liitetty\u00e4 Krimin niemimaan laittomasti itseens\u00e4 vuonna 2014.<\/p>\n<p>\t\t\t\tEntinen kansliap\u00e4\u00e4llikk\u00f6 korrputioskandaalin keskell\u00e4<\/p>\n<p>Zelenskyin entinen kansliap\u00e4\u00e4llikk\u00f6 Andri Jermak j\u00e4tti teht\u00e4v\u00e4ns\u00e4 marraskuussa. Syyn\u00e4 oli korruptioskandaali, jonka tutkinta kohdistui my\u00f6s Jermakiin. Skandaali on liittynyt erityisesti maan energiasektoriin.<\/p>\n<p>Jermak oli Zelenskyin t\u00e4rkein liittolainen, mutta Ukrainassa h\u00e4n jakoi mielipiteit\u00e4. Vastustajat katsoivat Jermakin haalineen itselleen mittavasti valtaa, valvoneen p\u00e4\u00e4sy\u00e4 presidentin puheille sek\u00e4 sivuuttaneen kriittiset \u00e4\u00e4net.<\/p>\n<p>Ven\u00e4j\u00e4 aloitti suurhy\u00f6kk\u00e4yksens\u00e4 Ukrainaan helmikuussa 2022. Aiemmin t\u00e4ll\u00e4 viikolla Zelenskyi sanoi, ett\u00e4 Ukrainan ja Yhdysvaltojen neuvottelema suunnitelma rauhansopimukseksi on 90-prosenttisesti valmis.<\/p>\n","protected":false},"excerpt":{"rendered":"Ukrainan presidentti Volodymyr Zelenskyi kertoi perjantaina sosiaalisessa mediassa tarjonneensa puolustusministerin paikkaa maan nykyiselle digitaalisen muutoksen ministerille Mihailo Fedroville.&hellip;\n","protected":false},"author":2,"featured_media":132920,"comment_status":"","ping_status":"","sticky":false,"template":"","format":"standard","meta":{"footnotes":""},"categories":[14],"tags":[22,23,26,27,33,31,30,863,17,23431,53,24,25,803,28,29,15,18,21,637,32,19,20,546,56,16,4645,59,60,61],"class_list":{"0":"post-132919","1":"post","2":"type-post","3":"status-publish","4":"format-standard","5":"has-post-thumbnail","7":"category-ulkomaat","8":"tag-breaking-news","9":"tag-breakingnews","10":"tag-featured-news","11":"tag-featurednews","12":"tag-fi","13":"tag-finland","14":"tag-finnish","15":"tag-hallitus","16":"tag-headlines","17":"tag-julkinen-hallinto-ja-maanpuolustus-pakollinen-sosiaalivakuutus","18":"tag-laki-oikeus-ja-rikos","19":"tag-latest-news","20":"tag-latestnews","21":"tag-levottomuudet-ja-sodat","22":"tag-main-news","23":"tag-mainnews","24":"tag-news","25":"tag-otsikot","26":"tag-paauutiset","27":"tag-politiikka","28":"tag-suomi","29":"tag-top-stories","30":"tag-topstories","31":"tag-turvallisuus","32":"tag-ulkomaat","33":"tag-uutiset","34":"tag-viranomaiset","35":"tag-world","36":"tag-world-news","37":"tag-worldnews"},"share_on_mastodon":{"url":"https:\/\/pubeurope.com\/@fi\/115834764863020394","error":""},"_links":{"self":[{"href":"https:\/\/www.europesays.com\/fi\/wp-json\/wp\/v2\/posts\/132919","targetHints":{"allow":["GET"]}}],"collection":[{"href":"https:\/\/www.europesays.com\/fi\/wp-json\/wp\/v2\/posts"}],"about":[{"href":"https:\/\/www.europesays.com\/fi\/wp-json\/wp\/v2\/types\/post"}],"author":[{"embeddable":true,"href":"https:\/\/www.europesays.com\/fi\/wp-json\/wp\/v2\/users\/2"}],"replies":[{"embeddable":true,"href":"https:\/\/www.europesays.com\/fi\/wp-json\/wp\/v2\/comments?post=132919"}],"version-history":[{"count":0,"href":"https:\/\/www.europesays.com\/fi\/wp-json\/wp\/v2\/posts\/132919\/revisions"}],"wp:featuredmedia":[{"embeddable":true,"href":"https:\/\/www.europesays.com\/fi\/wp-json\/wp\/v2\/media\/132920"}],"wp:attachment":[{"href":"https:\/\/www.europesays.com\/fi\/wp-json\/wp\/v2\/media?parent=132919"}],"wp:term":[{"taxonomy":"category","embeddable":true,"href":"https:\/\/www.europesays.com\/fi\/wp-json\/wp\/v2\/categories?post=132919"},{"taxonomy":"post_tag","embeddable":true,"href":"https:\/\/www.europesays.com\/fi\/wp-json\/wp\/v2\/tags?post=132919"}],"curies":[{"name":"wp","href":"https:\/\/api.w.org\/{rel}","templated":true}]}}